{"id":53010,"date":"2017-11-23T14:27:01","date_gmt":"2017-11-23T10:27:01","guid":{"rendered":""},"modified":"-0001-11-30T00:00:00","modified_gmt":"-0001-11-29T20:00:00","slug":"","status":"publish","type":"post","link":"https:\/\/ucnoqta.az\/?p=53010","title":{"rendered":"Separatizm\u0259 laqeyd m\u00fcnasib\u0259t Avropan\u0131n \u00f6z ba\u015f\u0131nda \u00e7atlay\u0131r"},"content":{"rendered":"<p><strong>Rufiz Qonaqov: &ldquo;\u018fg\u0259r etnik sepratizm\u0259, terrorizm\u0259 bu g&uuml;n d&uuml;zg&uuml;n qiym\u0259t verilm\u0259s\u0259, i\u015f\u011fal&ccedil;\u0131 &ouml;z ad\u0131 il\u0259 &ccedil;a\u011fr\u0131lmasa, d&uuml;nyan\u0131n nizam\u0131 daha &ccedil;ox pozulacaq&rdquo;<\/strong><\/p>\n<p>\nBMAM M\u0259tbuat Xidm\u0259tind\u0259n Ucnoqta.az-a veril\u0259n m\u0259lumata g&ouml;r\u0259, Beyn\u0259lxalq M&uuml;nasib\u0259tl\u0259rin Ara\u015fd\u0131r\u0131lmas\u0131 M\u0259rk\u0259zinin (BMAM) s\u0259dri, politoloq Rufiz Qonaqov bildirib ki, Br&uuml;sseld\u0259 ke&ccedil;iril\u0259n Qaraba\u011f beyn\u0259lxalq forumu olduqca \u0259h\u0259miyy\u0259tli idi: &ldquo;Forumun ke&ccedil;irilm\u0259si onu g&ouml;st\u0259rdi ki, Az\u0259rbaycan da sepratizmd\u0259n, terrorizmd\u0259n narahatd\u0131r. &Ouml;lk\u0259 r\u0259hb\u0259ri \u0130lham \u018fliyev d\u0259 bunu b&uuml;t&uuml;n beyn\u0259lxalq t\u0259dbirl\u0259rd\u0259 s\u0259sl\u0259ndirib. Prezidentin ictimai-siyasi m\u0259s\u0259l\u0259l\u0259r &uuml;zr\u0259 k&ouml;m\u0259k&ccedil;isi \u018fli H\u0259s\u0259novun da qat\u0131ld\u0131\u011f\u0131 forumda Avropan\u0131n apar\u0131c\u0131 \u015f\u0259xsl\u0259ri i\u015ftirak edirdi.&nbsp;<br \/>\nForum &ccedil;\u0259r&ccedil;iv\u0259sind\u0259 etnik separtizm, beyn\u0259lxalq terrorla m&uuml;bariz\u0259 &uuml;sullar\u0131 il\u0259 b\u0259rab\u0259r ikili standart kimi probleml\u0259r\u0259 d\u0259 toxunuldu. T\u0259dbird\u0259 \u018fli H\u0259s\u0259nov separtizmd\u0259n \u0259ziyy\u0259t &ccedil;\u0259k\u0259n bir &ccedil;ox \u0259razil\u0259ri g&ouml;st\u0259rdi. X\u0259rit\u0259ni g&ouml;st\u0259r\u0259k qeyd etdi ki, 20-d\u0259n &ccedil;ox &ouml;lk\u0259d\u0259 separtizm silahl\u0131 toqqu\u015fmalarla m&uuml;\u015fahid\u0259 olunur. El\u0259c\u0259 d\u0259 Da\u011fl\u0131q Qaraba\u011f m&uuml;naqi\u015f\u0259si qeyd edildi. T\u0259\u0259ss&uuml;f ki, 25 il ke&ccedil;m\u0259sin\u0259 baxmayaraq, i\u015f\u011fal fakt\u0131 aradan qald\u0131r\u0131lmam\u0131\u015f v\u0259ziyy\u0259td\u0259dir. \u018fg\u0259r etnik sepratizm\u0259, terrorizm\u0259 bu g&uuml;n d&uuml;zg&uuml;n qiym\u0259t verilm\u0259s\u0259, i\u015f\u011fal&ccedil;\u0131 &ouml;z ad\u0131 il\u0259 &ccedil;a\u011fr\u0131lmasa, d&uuml;nyan\u0131n nizam\u0131 daha &ccedil;ox pozulacaq.<\/p>\n<p>\nKataloniya problemi ortaya &ccedil;\u0131xanda Az\u0259rbaycan beyn\u0259lxalq h&uuml;ququ m&uuml;dafi\u0259 etdi. El\u0259c\u0259 d\u0259 dig\u0259r beyn\u0259lxalq t\u0259\u015fkilatlar yaln\u0131z \u0130spaniyan\u0131 d\u0259st\u0259kl\u0259dil\u0259r. Bel\u0259 oldu\u011fu halda is\u0259 Em\u0259nistana qar\u015f\u0131 eyni m&uuml;nasib\u0259t b\u0259sl\u0259nilmir. Nec\u0259 ola bil\u0259r ki, BMT-nin ba\u015f katibi Erm\u0259nistan v\u0259 Az\u0259rbaycan prezidentl\u0259rini eyni c&uuml;r q\u0259bul edir v\u0259 eyni m&uuml;nasib\u0259t b\u0259sl\u0259yir? H\u0259tta fikirl\u0259r s\u0259sl\u0259ndirir ki, Erm\u0259nistan terrorla m&uuml;bariz\u0259y\u0259 b&ouml;y&uuml;k t&ouml;hf\u0259l\u0259r verib. Halbuki, Erm\u0259nistan\u0131n d\u0259st\u0259kl\u0259diyi ASALA kimi terror t\u0259\u015fkilat\u0131 var. H\u0259m&ccedil;inin Az\u0259rbaycan torpaqlar\u0131n\u0131n i\u015f\u011fal\u0131 fakt\u0131 g&ouml;z &ouml;n&uuml;nd\u0259dir. Az\u0259rbaycan is\u0259 kimins\u0259 torpaqlar\u0131n\u0131 i\u015f\u011fal etm\u0259yib. G\u0259r\u0259k etnik sepratizm Avropan\u0131n m\u0259rk\u0259zin\u0259 &ccedil;ats\u0131n ki, onlar problemin yalnz bir &ouml;lk\u0259nin d\u0259rdi olmad\u0131\u011f\u0131n\u0131 anlas\u0131nlar. Bu, art\u0131q Avropa &uuml;&ccedil;&uuml;n d\u0259 b&ouml;y&uuml;k t\u0259hl&uuml;k\u0259dir. O bax\u0131mdam &uuml;mid edirik ki, Kataloniya r\u0259hb\u0259rliyin\u0259 qar\u015f\u0131 at\u0131lan add\u0131m Erm\u0259nistan r\u0259hb\u0259rliyin\u0259 qar\u015f\u0131 da at\u0131lacaq. &Ccedil;&uuml;nki Az\u0259rbaycan\u0131n \u0259razi b&uuml;t&ouml;vl&uuml;y&uuml;n&uuml; b&uuml;t&uuml;n d&uuml;nya &ouml;lk\u0259l\u0259ri tan\u0131y\u0131r.<\/p>\n<p>D&uuml;nya birliyi t\u0259r\u0259find\u0259n \u0259razi b&uuml;t&ouml;vl&uuml;y&uuml;n\u0259 qar\u015f\u0131 t\u0259hdidl\u0259r pisl\u0259nm\u0259s\u0259, d&uuml;nyan\u0131n nizami bird\u0259f\u0259lik pozulacaq. O zaman h\u0259min beyn\u0259lxalq t\u0259\u015fkilatlara da ehtiyac qalmayacaq. Bel\u0259 oldu\u011fu halda m\u0259lum olacaq ki, h\u0259min qurumlar yaln\u0131z imitasiya il\u0259 m\u0259\u015f\u011fuldur. Prosesl\u0259r yeni d&uuml;nya m&uuml;harib\u0259sin\u0259 q\u0259d\u0259r d\u0259rinl\u0259\u015f\u0259 bil\u0259r. Ona g&ouml;r\u0259 d\u0259 beyn\u0259lxalq t\u0259\u015fkilatlar\u0131n buna getm\u0259si inand\u0131r\u0131c\u0131 deyil. Art\u0131q t\u0259hl&uuml;k\u0259 &ouml;z \u0259razil\u0259rini b&uuml;r&uuml;y&uuml;b. Problemin qar\u015f\u0131s\u0131n\u0131n bird\u0259f\u0259lik al\u0131nmas\u0131ndan ba\u015fqa yol yoxdur&rdquo;.<\/p>\n<p>&nbsp;<\/p>\n","protected":false},"excerpt":{"rendered":"<p>Rufiz Qonaqov: &ldquo;\u018fg\u0259r etnik sepratizm\u0259, terrorizm\u0259 bu g&uuml;n d&uuml;zg&uuml;n qiym\u0259t verilm\u0259s\u0259, i\u015f\u011fal&ccedil;\u0131 &ouml;z ad\u0131 il\u0259 &ccedil;a\u011fr\u0131lmasa, d&uuml;nyan\u0131n nizam\u0131 daha &ccedil;ox pozulacaq&rdquo; BMAM M\u0259tbuat Xidm\u0259tind\u0259n Ucnoqta.az-a veril\u0259n m\u0259lumata g&ouml;r\u0259, Beyn\u0259lxalq M&uuml;nasib\u0259tl\u0259rin&hellip;<\/p>\n","protected":false},"author":1,"featured_media":251278,"comment_status":"open","ping_status":"open","sticky":false,"template":"","format":"standard","meta":{"_lmt_disableupdate":"","_lmt_disable":"","footnotes":""},"categories":[86],"tags":[],"class_list":["post-53010","post","type-post","status-publish","format-standard","has-post-thumbnail","hentry","category-siyaset"],"_links":{"self":[{"href":"https:\/\/ucnoqta.az\/index.php?rest_route=\/wp\/v2\/posts\/53010","targetHints":{"allow":["GET"]}}],"collection":[{"href":"https:\/\/ucnoqta.az\/index.php?rest_route=\/wp\/v2\/posts"}],"about":[{"href":"https:\/\/ucnoqta.az\/index.php?rest_route=\/wp\/v2\/types\/post"}],"author":[{"embeddable":true,"href":"https:\/\/ucnoqta.az\/index.php?rest_route=\/wp\/v2\/users\/1"}],"replies":[{"embeddable":true,"href":"https:\/\/ucnoqta.az\/index.php?rest_route=%2Fwp%2Fv2%2Fcomments&post=53010"}],"version-history":[{"count":0,"href":"https:\/\/ucnoqta.az\/index.php?rest_route=\/wp\/v2\/posts\/53010\/revisions"}],"wp:featuredmedia":[{"embeddable":true,"href":"https:\/\/ucnoqta.az\/index.php?rest_route=\/wp\/v2\/media\/251278"}],"wp:attachment":[{"href":"https:\/\/ucnoqta.az\/index.php?rest_route=%2Fwp%2Fv2%2Fmedia&parent=53010"}],"wp:term":[{"taxonomy":"category","embeddable":true,"href":"https:\/\/ucnoqta.az\/index.php?rest_route=%2Fwp%2Fv2%2Fcategories&post=53010"},{"taxonomy":"post_tag","embeddable":true,"href":"https:\/\/ucnoqta.az\/index.php?rest_route=%2Fwp%2Fv2%2Ftags&post=53010"}],"curies":[{"name":"wp","href":"https:\/\/api.w.org\/{rel}","templated":true}]}}