{"id":53009,"date":"2017-11-23T19:43:02","date_gmt":"2017-11-23T15:43:02","guid":{"rendered":""},"modified":"-0001-11-30T00:00:00","modified_gmt":"-0001-11-29T20:00:00","slug":"","status":"publish","type":"post","link":"https:\/\/ucnoqta.az\/?p=53009","title":{"rendered":"\u201cD\u00fcnyada 50-d\u0259n \u00e7ox separatizm oca\u011f\u0131 m\u00f6vcuddur\u201d &#8211;<font color=red><b>\u018fli H\u0259s\u0259nov<\/b><\/font>"},"content":{"rendered":"<p><strong>\u018fli H\u0259s\u0259nov: \u201cEtnik separatizm n\u0259tic\u0259sind\u0259 yaranan m\u00fcnaqi\u015f\u0259l\u0259rin 20-sind\u0259n \u00e7oxu h\u0259rbi toqqu\u015fmalarla m\u00fc\u015fayi\u0259t olunur\u201d<\/strong><\/p>\n<p>\nDiasporla \u0130\u015f \u00fczr\u0259 D\u00f6vl\u0259t Komit\u0259sinin d\u0259st\u0259yi, Avropa Az\u0259rbaycanl\u0131lar\u0131 Konqresi v\u0259 Nizami G\u0259nc\u0259vi Beyn\u0259lxalq M\u0259rk\u0259zinin t\u0259\u015fkilat\u00e7\u0131l\u0131\u011f\u0131 il\u0259 Bel\u00e7ika Krall\u0131\u011f\u0131n\u0131n Br\u00fcssel \u015f\u0259h\u0259rind\u0259 &#8220;Separatizmin beyn\u0259lxalq s\u00fclh\u0259 v\u0259 t\u0259hl\u00fck\u0259sizliy\u0259 yaratd\u0131\u011f\u0131 t\u0259hdidl\u0259r&#8221; m\u00f6vzusunda beyn\u0259lxalq forum ke\u00e7irilib. Forumun i\u015find\u0259 Az\u0259rbaycan Respublikas\u0131 Prezidentinin \u0130ctimai-siyasi m\u0259s\u0259l\u0259l\u0259r \u00fczr\u0259 k\u00f6m\u0259k\u00e7isi \u018fli H\u0259s\u0259nov, Diasporla \u0130\u015f \u00fczr\u0259 D\u00f6vl\u0259t Komit\u0259sinin s\u0259dri Nazim \u0130brahimov, Milli M\u0259clisin deputatlar\u0131, Avropa Parlamentinin, habel\u0259 Avropa \u00f6lk\u0259l\u0259ri parlamentl\u0259rinin \u00fczvl\u0259ri, h\u0259m\u00e7inin, separatizmd\u0259n \u0259ziyy\u0259t \u00e7\u0259k\u0259n bir s\u0131ra \u00f6lk\u0259l\u0259rin deputatlar\u0131, siyas\u0259t\u00e7il\u0259ri, Nizami G\u0259nc\u0259vi Beyn\u0259lxalq M\u0259rk\u0259zin\u0259 \u00fczv olan bir s\u0131ra \u00f6lk\u0259l\u0259rin sabiq prezidentl\u0259ri, ictimai-siyasi xadiml\u0259ri, h\u0259m\u00e7inin, Avropadak\u0131 Az\u0259rbaycan diaspor t\u0259\u015fkilatlar\u0131n\u0131n\u00a0 r\u0259hb\u0259rl\u0259ri, elm xadiml\u0259ri v\u0259 K\u0130V n\u00fcmay\u0259nd\u0259l\u0259rind\u0259n ibar\u0259t 200 n\u0259f\u0259r\u0259 yax\u0131n n\u00fcmay\u0259nd\u0259 i\u015ftirak edib.<br \/>\nForumun\u00a0 \u201cYeni d\u00fcnya d\u00fcz\u0259nind\u0259 separatizm dal\u011fas\u0131: Problemi nec\u0259 h\u0259ll etm\u0259li?\u00a0 Seperatizm\u0259 m\u0259ruz qalm\u0131\u015f \u00f6lk\u0259l\u0259rin t\u0259cr\u00fcb\u0259si\u201d adlanan ilk panelind\u0259 toplant\u0131 haqq\u0131nda m\u0259lumat ver\u0259n Beyn\u0259lxalq v\u0259 Avropa m\u0259s\u0259l\u0259l\u0259ri \u00fczr\u0259 \u0130rlandiya \u0130nstitutunun n\u00fcmay\u0259nd\u0259si,\u00a0 Ukraynada rezident \u0259laq\u0259l\u0259ndiricisi, s\u0259fir Fransis Martin Odonel toplant\u0131n\u0131n t\u0259\u015fkilat\u00e7\u0131lar\u0131na minn\u0259tdarl\u0131\u011f\u0131n\u0131 bildirib. O, separatizmin m\u00fcasir d\u00fcnyan\u0131n \u0259n aktual probleml\u0259rind\u0259n biri oldu\u011funu vur\u011fulayaraq bir \u00e7ox \u00f6lk\u0259l\u0259rin bu problemd\u0259n \u0259ziyy\u0259t \u00e7\u0259kdiyini qeyd edib. F.M.Odonel Az\u0259rbaycan\u0131n da separatizmd\u0259n \u0259ziyy\u0259t \u00e7\u0259k\u0259n \u00f6lk\u0259l\u0259rd\u0259n biri oldu\u011funu diqq\u0259t\u0259 \u00e7atd\u0131raraq, \u00f6lk\u0259mizin bu m\u00f6vzu il\u0259 ba\u011fl\u0131 m\u00f6vqeyini ifad\u0259 etm\u0259k \u00fc\u00e7\u00fcn s\u00f6z\u00fc Az\u0259rbaycan Respublikas\u0131 Prezidentinin \u0130ctimai-siyasi m\u0259s\u0259l\u0259l\u0259r \u00fczr\u0259 k\u00f6m\u0259k\u00e7isi \u018fli H\u0259s\u0259nova verib.\u00a0<\/p>\n<p>\nAz\u0259rbaycan Prezidentinin \u0130ctimai-siyasi m\u0259s\u0259l\u0259l\u0259r \u00fczr\u0259 k\u00f6m\u0259k\u00e7isi forumun m\u00f6vzusunun olduqca aktual oldu\u011funu vur\u011fulayaraq, Avropa Birliyi, \u015eimali Afrika, Orta \u015e\u0259rq v\u0259 C\u0259nub-\u015e\u0259rqi Avropa \u00f6lk\u0259l\u0259rini birl\u0259\u015fdir\u0259n Aral\u0131q d\u0259nizi h\u00f6vz\u0259sind\u0259 beyn\u0259lxalq terrorizm v\u0259 etnik separatizm kimi t\u0259hl\u00fck\u0259li meyill\u0259rin do\u011furdu\u011fu b\u00f6hrandan \u00e7\u0131x\u0131\u015f yollar\u0131n\u0131n tap\u0131lmas\u0131n\u0131n z\u0259ruriliyini diqq\u0259t\u0259 \u00e7atd\u0131r\u0131b. \u201cM\u00fcasir d\u00f6vrd\u0259 d\u00fcnyada etnik separatizm meyill\u0259rinin g\u00fccl\u0259nm\u0259si regional v\u0259 beyn\u0259lxalq t\u0259hl\u00fck\u0259sizliyin t\u0259min olunmas\u0131na, b\u0259\u015f\u0259riyy\u0259tin s\u00fclh v\u0259 \u0259min-amanl\u0131q \u015f\u0259raitind\u0259 ya\u015famas\u0131na m\u0259nfi t\u0259sir g\u00f6st\u0259r\u0259n m\u00fch\u00fcm amill\u0259rd\u0259n biridir. Haz\u0131rda d\u00fcnyada 220 milyon n\u0259f\u0259rd\u0259n \u00e7ox \u0259halini, 12,7 milyon kv.kilometr \u0259razini \u0259hat\u0259 ed\u0259n 50-d\u0259n \u00e7ox separatizm oca\u011f\u0131 m\u00f6vcuddur. Etnik separatizm n\u0259tic\u0259sind\u0259 yaranan m\u00fcnaqi\u015f\u0259l\u0259rin 20-sind\u0259n \u00e7oxu h\u0259rbi toqqu\u015fmalarla m\u00fc\u015fayi\u0259t olunur\u201d \u2013 dey\u0259 \u018f.H\u0259s\u0259nov bildirib.\u00a0<br \/>\n\u201cEtnik m\u00fcnaqi\u015f\u0259l\u0259rin yay\u0131lma co\u011frafiyas\u0131 dem\u0259k olar ki, d\u00fcnyan\u0131n \u0259ks\u0259r b\u00f6lg\u0259l\u0259rini \u0259hat\u0259 edir. Avropada B\u00f6y\u00fck Britaniya il\u0259 \u015eimali \u0130rlandiya v\u0259 \u015eotlandiya, Bel\u00e7ika il\u0259 Flandriya v\u0259 Valloniya, Fransa il\u0259 Paris aqlomerasiyas\u0131 v\u0259 Korsika, \u0130spaniya il\u0259 basklar v\u0259 Kataloniya, Serbiya il\u0259 Kosovo, Asiyada \u0130srail il\u0259 F\u0259l\u0259stin, Hindistan il\u0259 K\u0259\u015fmir v\u0259 P\u0259ncab, \u00c7inl\u0259 Tibet, Afrikada Nigeriya il\u0259 \u015eimali Nigeriya, Sudanla C\u0259nubi Sudan, Amerikada Kanada il\u0259 Kvebek, Meksika il\u0259 \u00c7yapas v\u0259 s. aras\u0131ndak\u0131 etnik m\u00fcnaqi\u015f\u0259l\u0259r uzun ill\u0259rdir davam edir\u201d, &#8211; dey\u0259 \u018fli H\u0259s\u0259nov \u0259lav\u0259 edib.<br \/>\nSoyuq m\u00fcharib\u0259nin ba\u015fa \u00e7atmas\u0131ndan sonra ke\u00e7mi\u015f SSR\u0130 m\u0259kan\u0131nda etnik separatizm meyill\u0259rinin yeni dal\u011fas\u0131n\u0131n meydana g\u0259ldiyini dey\u0259n Prezidentin k\u00f6m\u0259k\u00e7isi deyib ki, Az\u0259rbaycanda Da\u011fl\u0131q Qaraba\u011f, G\u00fcrc\u00fcstanda Abxaziya v\u0259 Osetiya, Moldovada Dnestryan\u0131 m\u00fcnaqi\u015f\u0259l\u0259r regionun sabitliyini h\u0259r an poza bil\u0259c\u0259k potensial t\u0259hl\u00fck\u0259 m\u0259nb\u0259yin\u0259 \u00e7evrildi. Bu m\u00fcnaqi\u015f\u0259l\u0259r beyn\u0259lxalq h\u00fcququn prinsipl\u0259rinin kobud \u015f\u0259kild\u0259 pozulmas\u0131na, d\u00f6vl\u0259tl\u0259rin \u0259razi b\u00fct\u00f6vl\u00fcy\u00fcn\u0259 v\u0259 suverenliyin\u0259 qar\u015f\u0131 ciddi t\u0259hdidl\u0259rin yaranmas\u0131na g\u0259tirib \u00e7\u0131xar\u0131r. Bu g\u00fcn BMT, AT\u018fT v\u0259 Avropa \u015euras\u0131 kimi n\u00fcfuzlu beyn\u0259lxalq t\u0259\u015fkilatlar\u0131n etnik separatizm\u0259 qar\u015f\u0131 q\u0259tiyy\u0259tli m\u00fcbariz\u0259 aparmas\u0131 vacib m\u0259s\u0259l\u0259l\u0259rd\u0259n biridir. \u018fks halda, etnik separatizm m\u0259nfi tendensiya kimi d\u00fcnya \u0259razisinin b\u00f6y\u00fck bir qismini mill\u0259tl\u0259raras\u0131 m\u00fcnaqi\u015f\u0259l\u0259r meydan\u0131na \u00e7evir\u0259 bil\u0259r. Prezidentin k\u00f6m\u0259k\u00e7isi bildirib: \u201cBiz uzun ill\u0259rdir Avropaya, d\u00fcnyaya x\u0259b\u0259rdarl\u0131q edirdik ki, etnik separatizml\u0259 oynamaq olmaz. Etnik separatizml\u0259 oynamaq sonda xalqlar v\u0259 d\u00f6vl\u0259tl\u0259r aras\u0131nda m\u00fcnaqi\u015f\u0259y\u0259 g\u0259tirir, qanl\u0131 m\u00fcnaqi\u015f\u0259l\u0259r t\u00f6r\u0259dir v\u0259 bunun n\u0259tic\u0259sind\u0259 d\u0259 insanlar \u0259ziyy\u0259t \u00e7\u0259kir.<\/p>\n<p>\nAz\u0259rbaycan ne\u00e7\u0259 ill\u0259rdir ki, bu \u0259ziyy\u0259tin h\u0259r \u00fcz\u00fcn\u00fc g\u00f6r\u00fcb &#8211; did\u0259rginliyi d\u0259, qa\u00e7q\u0131nl\u0131\u011f\u0131 da, m\u0259cburi k\u00f6\u00e7k\u00fcnl\u00fcy\u00fc d\u0259, minl\u0259rl\u0259 insan\u0131n q\u0259tl\u0259 yetirilm\u0259sini d\u0259, insanlar\u0131n evsiz-e\u015fiksiz qalmas\u0131n\u0131 da. \u0130ndi Avropa \u00f6z \u00fcz\u0259rind\u0259 bu t\u0259hl\u00fck\u0259ni, etnik separatizml\u0259 oynama\u011f\u0131n ac\u0131 n\u0259tic\u0259l\u0259rini g\u00f6r\u0259nd\u0259n sonra bizim haqq s\u0259simiz\u0259 s\u0259s verdi. Bug\u00fcnk\u00fc Forum bunun \u0259yani t\u0259sdiqidir. \u0130spaniyan\u0131n \u0259razi b\u00fct\u00f6vl\u00fcy\u00fc onun milli haqq\u0131d\u0131r, d\u00f6vl\u0259tin milli h\u00fcququdur v\u0259 he\u00e7 kim t\u0259r\u0259find\u0259n pozula bilm\u0259z. Bu, beyn\u0259lxalq h\u00fcququn t\u0259m\u0259l prinsipl\u0259rind\u0259n biridir. D\u00fc\u015f\u00fcn\u00fcr\u0259m ki, Avropa \u0130ttifaq\u0131 \u0130spaniyan\u0131n \u0259razi b\u00fct\u00f6vl\u00fcy\u00fcn\u00fcn d\u0259st\u0259kl\u0259nm\u0259sind\u0259 yekdillik n\u00fcmayi\u015f etdirdiyi kimi, eynil\u0259 dig\u0259r xalqlar\u0131n, d\u00f6vl\u0259tl\u0259rin h\u0259yat\u0131nda ba\u015f ver\u0259n etnik separatizm\u0259 d\u0259 adekvat m\u00fcnasib\u0259t s\u0259rgil\u0259y\u0259c\u0259k, Az\u0259rbaycan\u0131n \u0259razi b\u00fct\u00f6vl\u00fcy\u00fcn\u00fc indiy\u0259d\u0259k nec\u0259 tan\u0131y\u0131rd\u0131sa, bundan sonra da tan\u0131yacaq. Amma \u0259razi b\u00fct\u00f6vl\u00fcy\u00fcn\u00fcn tan\u0131nmas\u0131 il\u0259 m\u0259s\u0259l\u0259ni bitmi\u015f hesab etm\u0259k olmaz. \u0130nan\u0131r\u0131q ki, Avropa \u0130ttifaq\u0131 Az\u0259rbaycan\u0131n \u0259razi b\u00fct\u00f6vl\u00fcy\u00fcn\u00fc pozmu\u015f, torpaqlar\u0131n\u0131 i\u015f\u011fal etmi\u015f Erm\u0259nistana qar\u015f\u0131 daha t\u0259sirli t\u0259dbirl\u0259r g\u00f6r\u0259c\u0259k, bu i\u015f\u011fal\u00e7\u0131 d\u00f6vl\u0259t\u0259 ciddi ictimai q\u0131naq n\u00fcmayi\u015f etdir\u0259c\u0259k\u201d.<br \/>\nO, beyn\u0259lxalq m\u00fcnasib\u0259tl\u0259r sistemind\u0259 h\u00f6km s\u00fcr\u0259n \u201cikili standartlar\u201d siyas\u0259tinin etnik separat\u00e7\u0131l\u0131\u011fa qar\u015f\u0131 q\u0259tiyy\u0259tli v\u0259 prinsipial m\u00fcbariz\u0259 apar\u0131lmas\u0131na mane\u0259 yaratd\u0131\u011f\u0131n\u0131 deyib. \u201cBu sah\u0259d\u0259 m\u00f6vcud olan probleml\u0259rin \u00e7\u0259tinliyini Erm\u0259nistan\u0131n etnik t\u0259mizl\u0259m\u0259 v\u0259 i\u015f\u011fal\u00e7\u0131l\u0131q siyastin\u0259 m\u0259ruz qalm\u0131\u015f Az\u0259rbaycan daha yax\u0131ndan anlay\u0131r. H\u0259l\u0259 1918-ci ild\u0259 Az\u0259rbaycan Xalq c\u00fcmhuriyy\u0259ti \u00f6z\u00fcn\u00fcn d\u00f6vl\u0259t m\u00fcst\u0259qilliyini elan etdiyi d\u00f6vrd\u0259 erm\u0259ni separatizmi il\u0259 \u00fcz-\u00fcz\u0259 qald\u0131. Ke\u00e7mi\u015f SSR\u0130 d\u00f6vr\u00fcnd\u0259 erm\u0259nil\u0259rin Az\u0259rbaycana qar\u015f\u0131 separat\u00e7\u0131 h\u0259r\u0259k\u0259tl\u0259ri f\u0259al fazadan nisb\u0259t\u0259n k\u00f6z\u0259r\u0259n m\u00fcnaqi\u015f\u0259 fazas\u0131na ke\u00e7di\u201d, dey\u0259 \u018f.H\u0259s\u0259nov\u00a0 vur\u011fulay\u0131b.\u00a0<\/p>\n<p>\nAz\u0259rbaycan Prezidentinin \u0130ctimai-siyasi m\u0259s\u0259l\u0259l\u0259r \u00fczr\u0259 k\u00f6m\u0259k\u00e7isi Erm\u0259nistan silahl\u0131 q\u00fcvv\u0259l\u0259rinin h\u0259yata ke\u00e7irdiyi Xocal\u0131 soyq\u0131r\u0131m\u0131 bar\u0259d\u0259 dan\u0131\u015faraq, Az\u0259rbaycan torpaqlar\u0131n\u0131n 20 faizinin i\u015f\u011fal edildiyin\u0259 diqq\u0259ti \u00e7\u0259kib. \u201cErm\u0259ni separat\u00e7\u0131lar\u0131n\u0131n Erm\u0259nistan\u0131n d\u0259st\u0259yi il\u0259 Az\u0259rbaycan\u0131n \u0259razisind\u0259 yaratd\u0131\u011f\u0131 qondarma \u201cDa\u011fl\u0131q Qaraba\u011f\u201d rejimi beyn\u0259lxalq h\u00fcquq normalar\u0131n\u0131n kobud \u015f\u0259kild\u0259 pozulmas\u0131 dem\u0259kdir. T\u0259\u0259ss\u00fcf ki bu m\u0259s\u0259l\u0259y\u0259 m\u00fcnasib\u0259td\u0259 BMT ba\u015fda olmaqla, beyn\u0259lxalq h\u00fcquq prinsipl\u0259ri t\u0259min etm\u0259k missiyas\u0131 yerin\u0259 yetirdiyini iddia ed\u0259n t\u0259\u015fkilatlar, el\u0259c\u0259 d\u0259 d\u00fcnyan\u0131n apar\u0131c\u0131 d\u00f6vl\u0259tl\u0259ri seyr\u00e7i m\u00f6vqe tutmaqda davam edir. Az\u0259rbaycan d\u00fcnya birliyini Da\u011fl\u0131q Qaraba\u011f m\u00fcnaqi\u015f\u0259sinin regionda t\u00f6r\u0259d\u0259 bil\u0259c\u0259yi t\u0259hl\u00fck\u0259l\u0259r haqq\u0131nda x\u0259b\u0259rdarl\u0131q ed\u0259r\u0259k, q\u0259ti \u015f\u0259kild\u0259 praktiki add\u0131mlar atma\u011fa v\u0259 Erm\u0259nistan\u0131 i\u015f\u011fal\u00e7\u0131l\u0131q siyas\u0259tind\u0259n \u00e7\u0259kindirm\u0259y\u0259 \u00e7a\u011f\u0131r\u0131r\u201d dey\u0259 bildir\u0259n \u018f.H\u0259s\u0259nov t\u0259cav\u00fczkar\u0131n qar\u015f\u0131s\u0131 al\u0131nmazsa, beyn\u0259lxalq dair\u0259l\u0259rin d\u00fcnyada s\u00fclh\u00fcn v\u0259 sabitliyin b\u0259rq\u0259rar edilm\u0259sin\u0259 y\u00f6n\u0259lmi\u015f s\u0259yl\u0259rinin n\u0259tic\u0259siz qalaca\u011f\u0131n\u0131 qeyd edib.\u00a0<br \/>\nAz\u0259rbaycan\u0131n m\u0259d\u0259niyy\u0259tl\u0259raras\u0131 dialoqa m\u00fch\u00fcm \u00f6n\u0259m verdiyini vu\u011frulayan \u018f.H\u0259s\u0259nov b\u0259\u015f\u0259riyy\u0259tin m\u00fct\u0259r\u0259qqi inki\u015faf\u0131n\u0131 bu amill\u0259rsiz t\u0259s\u0259vv\u00fcr etm\u0259yin \u00e7ox \u00e7\u0259tin oldu\u011funu deyib. O, Az\u0259rbaycan\u0131n \u201cAvropa qon\u015fuluq siyas\u0259ti\u201d, \u201c\u015e\u0259rq t\u0259r\u0259fda\u015fl\u0131\u011f\u0131\u201d kimi proqramlar, o c\u00fcml\u0259d\u0259n v\u0259t\u0259nda\u015f c\u0259miyy\u0259ti quruculu\u011fu prosesind\u0259 g\u00f6rd\u00fcy\u00fc i\u015fl\u0259rin Avropa \u0130ttifaq\u0131 t\u0259r\u0259find\u0259n y\u00fcks\u0259k qiym\u0259tl\u0259ndirildiyini diqq\u0259t\u0259 \u00e7atd\u0131r\u0131b.\u00a0<\/p>\n<p>\nAz\u0259rbaycan Prezidentinin k\u00f6m\u0259k\u00e7isi \u00f6lk\u0259mizin i\u015ftirak\u0131 il\u0259 h\u0259yata ke\u00e7iril\u0259n qlobal iqtisadi layih\u0259l\u0259rin \u0259h\u0259miyy\u0259tin\u0259 diqq\u0259ti \u00e7\u0259k\u0259r\u0259k bir s\u0131ra regionlarda s\u00fclhyaratma prosesl\u0259rinin f\u0259al i\u015ftirak\u00e7\u0131s\u0131 oldu\u011funu bildirib. \u201cHaz\u0131rda A\u0130 il\u0259 Az\u0259rbaycan aras\u0131nda yeni sazi\u015f \u00fczr\u0259 dan\u0131\u015f\u0131qlar prosesi davam edir. \u0130nan\u0131ram ki sazi\u015fin imzalanmas\u0131 t\u0259r\u0259fl\u0259r aras\u0131nda siyasi dialoq, insan h\u00fcquqlar\u0131, ticar\u0259t, investisiya, iqtisadi, qanunverici, m\u0259d\u0259ni v\u0259 dig\u0259r sah\u0259l\u0259rd\u0259 geni\u015fmiqyasl\u0131 \u0259m\u0259kda\u015fl\u0131\u011f\u0131n m\u00f6hk\u0259ml\u0259nm\u0259si \u00fc\u00e7\u00fcn \u0259lveri\u015fli imkanlar yaradacaqd\u0131r\u201d, dey\u0259 bildir\u0259n \u018f.H\u0259s\u0259nov qeyd edib ki, A\u0130-nin i\u015f\u011fal\u00e7\u0131 d\u00f6vl\u0259t\u0259 qar\u015f\u0131 s\u0259rt m\u00f6vqed\u0259n \u00e7\u0131x\u0131\u015f etm\u0259sinin bu qurumla Az\u0259rbaycan aras\u0131nda strateji t\u0259r\u0259fda\u015fl\u0131q \u0259laq\u0259l\u0259rini m\u00f6hk\u0259ml\u0259ndir\u0259n n\u00f6vb\u0259ti m\u00fch\u00fcm faktorlardan biri ola bil\u0259r.<\/p>\n","protected":false},"excerpt":{"rendered":"<p>\u018fli H\u0259s\u0259nov: \u201cEtnik separatizm n\u0259tic\u0259sind\u0259 yaranan m\u00fcnaqi\u015f\u0259l\u0259rin 20-sind\u0259n \u00e7oxu h\u0259rbi toqqu\u015fmalarla m\u00fc\u015fayi\u0259t olunur\u201d Diasporla \u0130\u015f \u00fczr\u0259 D\u00f6vl\u0259t Komit\u0259sinin d\u0259st\u0259yi, Avropa Az\u0259rbaycanl\u0131lar\u0131 Konqresi v\u0259 Nizami G\u0259nc\u0259vi Beyn\u0259lxalq M\u0259rk\u0259zinin t\u0259\u015fkilat\u00e7\u0131l\u0131\u011f\u0131 il\u0259 Bel\u00e7ika&hellip;<\/p>\n","protected":false},"author":1,"featured_media":251278,"comment_status":"open","ping_status":"open","sticky":false,"template":"","format":"standard","meta":{"_lmt_disableupdate":"","_lmt_disable":"","footnotes":""},"categories":[1],"tags":[],"class_list":["post-53009","post","type-post","status-publish","format-standard","has-post-thumbnail","hentry","category-esas"],"_links":{"self":[{"href":"https:\/\/ucnoqta.az\/index.php?rest_route=\/wp\/v2\/posts\/53009","targetHints":{"allow":["GET"]}}],"collection":[{"href":"https:\/\/ucnoqta.az\/index.php?rest_route=\/wp\/v2\/posts"}],"about":[{"href":"https:\/\/ucnoqta.az\/index.php?rest_route=\/wp\/v2\/types\/post"}],"author":[{"embeddable":true,"href":"https:\/\/ucnoqta.az\/index.php?rest_route=\/wp\/v2\/users\/1"}],"replies":[{"embeddable":true,"href":"https:\/\/ucnoqta.az\/index.php?rest_route=%2Fwp%2Fv2%2Fcomments&post=53009"}],"version-history":[{"count":0,"href":"https:\/\/ucnoqta.az\/index.php?rest_route=\/wp\/v2\/posts\/53009\/revisions"}],"wp:featuredmedia":[{"embeddable":true,"href":"https:\/\/ucnoqta.az\/index.php?rest_route=\/wp\/v2\/media\/251278"}],"wp:attachment":[{"href":"https:\/\/ucnoqta.az\/index.php?rest_route=%2Fwp%2Fv2%2Fmedia&parent=53009"}],"wp:term":[{"taxonomy":"category","embeddable":true,"href":"https:\/\/ucnoqta.az\/index.php?rest_route=%2Fwp%2Fv2%2Fcategories&post=53009"},{"taxonomy":"post_tag","embeddable":true,"href":"https:\/\/ucnoqta.az\/index.php?rest_route=%2Fwp%2Fv2%2Ftags&post=53009"}],"curies":[{"name":"wp","href":"https:\/\/api.w.org\/{rel}","templated":true}]}}