{"id":53005,"date":"2017-11-23T14:12:25","date_gmt":"2017-11-23T10:12:25","guid":{"rendered":""},"modified":"-0001-11-30T00:00:00","modified_gmt":"-0001-11-29T20:00:00","slug":"","status":"publish","type":"post","link":"https:\/\/ucnoqta.az\/?p=53005","title":{"rendered":"<font color=red><b>NATO ba\u015f katibi<\/b><\/font>: &#8220;Biz Az\u0259rbaycanla \u0259m\u0259kda\u015fl\u0131\u011f\u0131 inki\u015faf etdirm\u0259kd\u0259 q\u0259rarl\u0131y\u0131q&#8221;"},"content":{"rendered":"<p><strong>&nbsp;&quot;Az\u0259rbaycanla NATO aras\u0131nda \u0259m\u0259kda\u015fl\u0131q potensial\u0131n inki\u015faf\u0131ndan enerji t\u0259hl&uuml;k\u0259sizliyinin t\u0259min olunmas\u0131na q\u0259d\u0259r bir &ccedil;ox sah\u0259l\u0259ri \u0259hat\u0259 edir&quot;.<\/strong><\/p>\n<p>Ucnoqta.az &quot;Report&quot;a istinad\u0259n x\u0259b\u0259r verir ki, bunu NATO Ba\u015f katibi Yens Stoltenberq Br&uuml;sseld\u0259 Az\u0259rbaycan Prezidenti \u0130lham \u018fliyevl\u0259 ke&ccedil;irdiyi birg\u0259 m\u0259tbuat konfrans\u0131nda bildirib.<br \/>\n&quot;Biz se&ccedil;diyimiz b&uuml;t&uuml;n sah\u0259l\u0259rd\u0259 i\u015f\u0259 davam etm\u0259k v\u0259 \u0259m\u0259kda\u015fl\u0131\u011f\u0131m\u0131z\u0131 inki\u015faf etdirm\u0259kd\u0259 q\u0259rarl\u0131y\u0131q&quot;, &#8211; NATO ba\u015f katibi qeyd edib v\u0259 Az\u0259rbaycan\u0131 t\u0259hl&uuml;k\u0259sizlik sektorunda islahatlar h\u0259yata ke&ccedil;irm\u0259y\u0259 &ccedil;a\u011f\u0131r\u0131b.<br \/>\nY.Stoltenberq h\u0259m&ccedil;inin Az\u0259rbaycan Prezidenti il\u0259 g&ouml;r&uuml;\u015f zaman\u0131 C\u0259nubi Qafqazda regional t\u0259hl&uuml;k\u0259sizlik m\u0259s\u0259l\u0259sinin m&uuml;zakir\u0259 olundu\u011funu qeyd edib.&nbsp;<\/p>\n","protected":false},"excerpt":{"rendered":"<p>&nbsp;&quot;Az\u0259rbaycanla NATO aras\u0131nda \u0259m\u0259kda\u015fl\u0131q potensial\u0131n inki\u015faf\u0131ndan enerji t\u0259hl&uuml;k\u0259sizliyinin t\u0259min olunmas\u0131na q\u0259d\u0259r bir &ccedil;ox sah\u0259l\u0259ri \u0259hat\u0259 edir&quot;. Ucnoqta.az &quot;Report&quot;a istinad\u0259n x\u0259b\u0259r verir ki, bunu NATO Ba\u015f katibi Yens Stoltenberq Br&uuml;sseld\u0259 Az\u0259rbaycan&hellip;<\/p>\n","protected":false},"author":1,"featured_media":251278,"comment_status":"open","ping_status":"open","sticky":false,"template":"","format":"standard","meta":{"_lmt_disableupdate":"","_lmt_disable":"","footnotes":""},"categories":[],"tags":[],"class_list":["post-53005","post","type-post","status-publish","format-standard","has-post-thumbnail","hentry"],"_links":{"self":[{"href":"https:\/\/ucnoqta.az\/index.php?rest_route=\/wp\/v2\/posts\/53005","targetHints":{"allow":["GET"]}}],"collection":[{"href":"https:\/\/ucnoqta.az\/index.php?rest_route=\/wp\/v2\/posts"}],"about":[{"href":"https:\/\/ucnoqta.az\/index.php?rest_route=\/wp\/v2\/types\/post"}],"author":[{"embeddable":true,"href":"https:\/\/ucnoqta.az\/index.php?rest_route=\/wp\/v2\/users\/1"}],"replies":[{"embeddable":true,"href":"https:\/\/ucnoqta.az\/index.php?rest_route=%2Fwp%2Fv2%2Fcomments&post=53005"}],"version-history":[{"count":0,"href":"https:\/\/ucnoqta.az\/index.php?rest_route=\/wp\/v2\/posts\/53005\/revisions"}],"wp:featuredmedia":[{"embeddable":true,"href":"https:\/\/ucnoqta.az\/index.php?rest_route=\/wp\/v2\/media\/251278"}],"wp:attachment":[{"href":"https:\/\/ucnoqta.az\/index.php?rest_route=%2Fwp%2Fv2%2Fmedia&parent=53005"}],"wp:term":[{"taxonomy":"category","embeddable":true,"href":"https:\/\/ucnoqta.az\/index.php?rest_route=%2Fwp%2Fv2%2Fcategories&post=53005"},{"taxonomy":"post_tag","embeddable":true,"href":"https:\/\/ucnoqta.az\/index.php?rest_route=%2Fwp%2Fv2%2Ftags&post=53005"}],"curies":[{"name":"wp","href":"https:\/\/api.w.org\/{rel}","templated":true}]}}