{"id":53004,"date":"2017-11-23T13:53:57","date_gmt":"2017-11-23T09:53:57","guid":{"rendered":""},"modified":"-0001-11-30T00:00:00","modified_gmt":"-0001-11-29T20:00:00","slug":"","status":"publish","type":"post","link":"https:\/\/ucnoqta.az\/?p=53004","title":{"rendered":"<font color=red><b>Prezident \u0130lham \u018fliyev<\/b><\/font>: &#8220;Erm\u0259nistan status-kvonu uzun m\u00fcdd\u0259t saxlamaq ist\u0259yir&#8221;"},"content":{"rendered":"<p>Az\u0259rbaycan v\u0259 NATO aras\u0131nda yax\u015f\u0131 \u0259m\u0259kda\u015fl\u0131q tarixi var. Ucnoqta.az x\u0259b\u0259r verir ki, Trend-in m\u0259lumat\u0131na g&ouml;r\u0259, bunu Az\u0259rbaycan Prezidenti \u0130lham \u018fliyev Br&uuml;sseld\u0259 NATO-nun m\u0259nzil-q\u0259rargah\u0131nda Alyans\u0131n ba\u015f katibi Yens Stoltenberql\u0259 birg\u0259 m\u0259tbuat konfrans\u0131nda deyib.<br \/>\nPrezident \u0130lham \u018fliyev NATO-nun m\u0259nzil-q\u0259rargah\u0131na bir daha s\u0259f\u0259r etm\u0259kd\u0259n m\u0259mnun oldu\u011funu bildirib v\u0259 qeyd edib ki, Az\u0259rbaycanla NATO aras\u0131nda m&uuml;h&uuml;m \u0259m\u0259kda\u015fl\u0131q m\u0259s\u0259l\u0259l\u0259rini m&uuml;zakir\u0259 etm\u0259k imkan\u0131 m&ouml;vcuddur.<br \/>\nD&ouml;vl\u0259t ba\u015f&ccedil;\u0131s\u0131 xat\u0131rlad\u0131b ki, Az\u0259rbaycan NATO-nun bir &ccedil;ox \u0259m\u0259liyyatlar\u0131nda i\u015ftirak edib v\u0259 haz\u0131rda da Q\u0259tiyy\u0259tli D\u0259st\u0259k Missiyas\u0131na &ouml;z t&ouml;hf\u0259sini verir: &ldquo;\u018ffqan\u0131standa s&uuml;lh v\u0259 t\u0259hl&uuml;k\u0259sizliyi t\u0259min etm\u0259k &uuml;&ccedil;&uuml;n 94 az\u0259rbaycanl\u0131 h\u0259rbi qulluq&ccedil;u NATO h\u0259rb&ccedil;il\u0259ri il\u0259 &ccedil;iyin-&ccedil;iyin\u0259 xidm\u0259t edir. Az\u0259rbaycan, h\u0259m&ccedil;inin koalisiya q&uuml;vv\u0259l\u0259ri &uuml;&ccedil;&uuml;n multimodal tranzit v\u0259 hava d\u0259hlizl\u0259ri t\u0259qdim edir&rdquo;.<\/p>\n<p>\nAz\u0259rbaycan Prezidenti NATO-nun ba\u015f katibi Yens Stoltenberql\u0259 regional t\u0259hl&uuml;k\u0259sizlik m\u0259s\u0259l\u0259l\u0259rini m&uuml;zakir\u0259 etdiyini vur\u011fulay\u0131b.<br \/>\n\u0130lham \u018fliyev \u0259lav\u0259 edib ki, regional t\u0259hl&uuml;k\u0259sizliy\u0259 \u0259n b&ouml;y&uuml;k t\u0259hdid Erm\u0259nistanla Az\u0259rbaycan aras\u0131nda h\u0259ll olunmam\u0131\u015f m&uuml;naqi\u015f\u0259dir: &ldquo;Bizim \u0259razil\u0259rimiz i\u015f\u011fal alt\u0131nda qal\u0131r. Bir milyondan &ccedil;ox az\u0259rbaycanl\u0131 qa&ccedil;q\u0131n v\u0259 m\u0259cburi k&ouml;&ccedil;k&uuml;n v\u0259ziyy\u0259tin\u0259 d&uuml;\u015f&uuml;b. Az\u0259rbaycanl\u0131lara qar\u015f\u0131 etnik t\u0259mizl\u0259m\u0259 siyas\u0259ti h\u0259yata ke&ccedil;irilib v\u0259 t\u0259\u0259ss&uuml;f ki, v\u0259ziyy\u0259t d\u0259yi\u015fmir&rdquo;.<\/p>\n<p>\nPrezident qeyd edib ki, AT\u018fT-in Minsk qrupunun h\u0259ms\u0259dr &ouml;lk\u0259l\u0259rinin prezidentl\u0259rinin status-kvonun q\u0259buledilm\u0259zliyi v\u0259 d\u0259yi\u015fdirilm\u0259li oldu\u011fu bar\u0259d\u0259 b\u0259yanatlar\u0131na baxmayaraq, Erm\u0259nistan status-kvonu uzun m&uuml;dd\u0259t saxlamaq ist\u0259yir.<br \/>\n\u0130lham \u018fliyev BMT T\u0259hl&uuml;k\u0259sizlik \u015euras\u0131n\u0131n erm\u0259ni qo\u015funlar\u0131n\u0131n i\u015f\u011fal olunmu\u015f Az\u0259rbaycan torpaqlar\u0131ndan d\u0259rhal v\u0259 qeyd-\u015f\u0259rtsiz &ccedil;\u0131xar\u0131lmas\u0131n\u0131 t\u0259l\u0259b ed\u0259n q\u0259tnam\u0259l\u0259rini d\u0259 xat\u0131rlad\u0131b: &ldquo;Erm\u0259nistan 20 ild\u0259n &ccedil;oxdur ki, bu q\u0259tnam\u0259l\u0259ri yerin\u0259 yetirmir&rdquo;.<\/p>\n<p>D&ouml;vl\u0259timizin ba\u015f&ccedil;\u0131s\u0131 bildirib ki, m&uuml;naqi\u015f\u0259nin h\u0259lli BMT T\u0259hl&uuml;k\u0259sizlik \u015euras\u0131n\u0131n q\u0259tnam\u0259l\u0259rin\u0259 v\u0259 Az\u0259rbaycan\u0131n \u0259razi b&uuml;t&ouml;vl&uuml;y&uuml;n\u0259 \u0259saslanmal\u0131d\u0131r: &ldquo;Az\u0259rbaycan\u0131n \u0259razi b&uuml;t&ouml;vl&uuml;y&uuml;n&uuml; b&uuml;t&uuml;n d&uuml;nya tan\u0131y\u0131r&rdquo;.<\/p>\n","protected":false},"excerpt":{"rendered":"<p>Az\u0259rbaycan v\u0259 NATO aras\u0131nda yax\u015f\u0131 \u0259m\u0259kda\u015fl\u0131q tarixi var. Ucnoqta.az x\u0259b\u0259r verir ki, Trend-in m\u0259lumat\u0131na g&ouml;r\u0259, bunu Az\u0259rbaycan Prezidenti \u0130lham \u018fliyev Br&uuml;sseld\u0259 NATO-nun m\u0259nzil-q\u0259rargah\u0131nda Alyans\u0131n ba\u015f katibi Yens Stoltenberql\u0259 birg\u0259 m\u0259tbuat&hellip;<\/p>\n","protected":false},"author":1,"featured_media":251278,"comment_status":"open","ping_status":"open","sticky":false,"template":"","format":"standard","meta":{"_lmt_disableupdate":"","_lmt_disable":"","footnotes":""},"categories":[],"tags":[],"class_list":["post-53004","post","type-post","status-publish","format-standard","has-post-thumbnail","hentry"],"_links":{"self":[{"href":"https:\/\/ucnoqta.az\/index.php?rest_route=\/wp\/v2\/posts\/53004","targetHints":{"allow":["GET"]}}],"collection":[{"href":"https:\/\/ucnoqta.az\/index.php?rest_route=\/wp\/v2\/posts"}],"about":[{"href":"https:\/\/ucnoqta.az\/index.php?rest_route=\/wp\/v2\/types\/post"}],"author":[{"embeddable":true,"href":"https:\/\/ucnoqta.az\/index.php?rest_route=\/wp\/v2\/users\/1"}],"replies":[{"embeddable":true,"href":"https:\/\/ucnoqta.az\/index.php?rest_route=%2Fwp%2Fv2%2Fcomments&post=53004"}],"version-history":[{"count":0,"href":"https:\/\/ucnoqta.az\/index.php?rest_route=\/wp\/v2\/posts\/53004\/revisions"}],"wp:featuredmedia":[{"embeddable":true,"href":"https:\/\/ucnoqta.az\/index.php?rest_route=\/wp\/v2\/media\/251278"}],"wp:attachment":[{"href":"https:\/\/ucnoqta.az\/index.php?rest_route=%2Fwp%2Fv2%2Fmedia&parent=53004"}],"wp:term":[{"taxonomy":"category","embeddable":true,"href":"https:\/\/ucnoqta.az\/index.php?rest_route=%2Fwp%2Fv2%2Fcategories&post=53004"},{"taxonomy":"post_tag","embeddable":true,"href":"https:\/\/ucnoqta.az\/index.php?rest_route=%2Fwp%2Fv2%2Ftags&post=53004"}],"curies":[{"name":"wp","href":"https:\/\/api.w.org\/{rel}","templated":true}]}}