{"id":53002,"date":"2017-11-23T13:30:29","date_gmt":"2017-11-23T09:30:29","guid":{"rendered":""},"modified":"-0001-11-30T00:00:00","modified_gmt":"-0001-11-29T20:00:00","slug":"","status":"publish","type":"post","link":"https:\/\/ucnoqta.az\/?p=53002","title":{"rendered":"Nazir m\u00fcavini: \u201cG\u0259l\u0259n il orta ayl\u0131q \u0259m\u0259k haqq\u0131 550 manata \u00e7atacaq\u201d"},"content":{"rendered":"<p>&ldquo;\u018fm\u0259k v\u0259 \u018fhalinin Sosial M&uuml;dafi\u0259si Nazirliyi yan\u0131nda D&ouml;vl\u0259t Sosial M&uuml;dafi\u0259 Fondunun 2018-ci il &uuml;&ccedil;&uuml;n b&uuml;dc\u0259sinin t\u0259rtib edilm\u0259sind\u0259 cari ilin ke&ccedil;\u0259n d&ouml;vr&uuml;nd\u0259 &ouml;lk\u0259 iqtisadiyyat\u0131n\u0131n inki\u015faf meyll\u0259ri v\u0259 n&ouml;vb\u0259ti ill\u0259rd\u0259 sosial-iqtisadi inki\u015faf\u0131n \u0259sas proqnozlar\u0131, 2016-c\u0131 il v\u0259 2017-ci ilin &ouml;t\u0259n d&ouml;vr&uuml; &uuml;zr\u0259 Fondun b&uuml;dc\u0259sinin icras\u0131 n\u0259tic\u0259l\u0259ri, 2017-ci ild\u0259 \u0259halinin g\u0259lirl\u0259ri v\u0259 m\u0259\u015f\u011fulluq g&ouml;st\u0259ricil\u0259ri, demoqrafik inki\u015faf trendl\u0259ri, el\u0259c\u0259 d\u0259 cari ilin 1 iyul tarixind\u0259n pensiya t\u0259yinat\u0131 \u015f\u0259rtl\u0259rind\u0259 apar\u0131lm\u0131\u015f kompleks islahat t\u0259dbirl\u0259rinin t\u0259sirl\u0259ri n\u0259z\u0259r\u0259 al\u0131nmaqla s\u0131\u011forta-pensiya sistemi parametrl\u0259rinin d\u0259yi\u015fm\u0259si \u0259sas g&ouml;t&uuml;r&uuml;l&uuml;b&rdquo;.<\/p>\n<p>&nbsp;<br \/>\n&ldquo;APA-Economics&rdquo;in m\u0259lumat\u0131na g&ouml;r\u0259, bunu Milli M\u0259clisin bu g&uuml;n ke&ccedil;iril\u0259n plenar iclas\u0131nda 2018-ci il &uuml;zr\u0259 b&uuml;dc\u0259 z\u0259rfin\u0259 daxil olan layih\u0259l\u0259rinin m&uuml;zakir\u0259si zaman\u0131 \u0259m\u0259k v\u0259 \u0259halinin sosial m&uuml;dafi\u0259si nazirinin m&uuml;avini \u0130dris \u0130sayev D&ouml;vl\u0259t Sosial M&uuml;dafi\u0259 Fondunun 2018-ci il &uuml;zr\u0259 b&uuml;dc\u0259si haqq\u0131nda m\u0259lumat ver\u0259rk\u0259n deyib. Onun s&ouml;zl\u0259rin\u0259 g&ouml;r\u0259, bu ilin yanvar-sentyabr aylar\u0131nda \u0259halinin nominal g\u0259lirl\u0259ri 8% artaraq 36,2 mlrd. manata, adamba\u015f\u0131na d&uuml;\u015f\u0259n g\u0259lirl\u0259r 6,9% artaraq 3728 manata &ccedil;at\u0131b. &ldquo;\u0130nflyasiya 13,9 faiz s\u0259viyy\u0259sind\u0259 olub. Yanvar-avqust aylar\u0131nda bir i\u015f&ccedil;iy\u0259 hesablanm\u0131\u015f orta ayl\u0131q \u0259m\u0259k haqq\u0131 7,4 faiz artaraq 524,7 manat t\u0259\u015fkil edib. 1 oktyabr 2017-ci il tarixin\u0259 muzdla i\u015fl\u0259y\u0259nl\u0259rin orta say\u0131 1 milyon 526 min n\u0259f\u0259r, iqtisadiyyatda s\u0259rb\u0259st m\u0259\u015f\u011ful olanlar\u0131n say\u0131 is\u0259 3 milyon 295 min n\u0259f\u0259r olub&rdquo;.<br \/>\n&nbsp;<br \/>\nNazir m&uuml;avini qeyd edib ki, 2017-ci ilin 9 ay\u0131 \u0259rzind\u0259 m\u0259cburi d&ouml;vl\u0259t sosial s\u0131\u011forta haqlar\u0131 &uuml;zr\u0259 Fondun b&uuml;dc\u0259sinin g\u0259lirl\u0259ri &ouml;t\u0259n ilin m&uuml;vafiq d&ouml;vr&uuml; il\u0259 m&uuml;qayis\u0259d\u0259 8,7% v\u0259 ya 120 mln. manat artaraq 1,5 mlrd. manata &ccedil;at\u0131b. Qeyri-b&uuml;dc\u0259 sektorundan daxilolmalar proqnozu 105,2% icra olunmaqla 978 mln. manat olub ki, bu da \u0259vv\u0259lki ilin m&uuml;vafiq d&ouml;vr&uuml;n\u0259 nisb\u0259t\u0259n 12,1% v\u0259 ya 105,4 mln. manat &ccedil;oxdur. Hesabat d&ouml;vr&uuml;nd\u0259 daxilolmalar\u0131n s\u0259viyy\u0259si Fondun x\u0259rcl\u0259rinin 97,8%-ni t\u0259\u015fkil ed\u0259n pensiya v\u0259 m&uuml;avin\u0259tl\u0259rin vaxt\u0131nda maliyy\u0259l\u0259\u015fdirilm\u0259sin\u0259 \u015f\u0259rait yarad\u0131b. Cari ilin yanvar-sentyabr aylar\u0131nda Fondun \u0259m\u0259k pensiyalar\u0131 &uuml;zr\u0259 x\u0259rcl\u0259ri 2,46 mlrd. manat olmaqla &ouml;t\u0259n ilin m&uuml;vafiq d&ouml;vr&uuml;n\u0259 nisb\u0259t\u0259n 196 mln. manat v\u0259 ya 8,7% art\u0131b.<br \/>\n&nbsp;<br \/>\nNazir m&uuml;avini apar\u0131lan aktuar hesablamalara \u0259sas\u0259n, 2018-ci ild\u0259 demoqrafik inki\u015faf trendl\u0259ri, \u0259halinin m\u0259\u015f\u011fullu\u011funu v\u0259 sosial v\u0259ziyy\u0259tini s\u0259ciyy\u0259l\u0259ndir\u0259n g&ouml;st\u0259ricil\u0259r, el\u0259c\u0259 d\u0259 pensiya qanunvericiliyind\u0259ki son d\u0259yi\u015fiklikl\u0259r n\u0259z\u0259r\u0259 al\u0131nmaqla s\u0131\u011forta-pensiya sisteminin \u0259sas parametrl\u0259rind\u0259 g&ouml;zl\u0259nil\u0259n d\u0259yi\u015fiklikl\u0259r bar\u0259d\u0259 d\u0259 m\u0259lumat verib. Onun s&ouml;zl\u0259rin\u0259 g&ouml;r\u0259, 2018-ci ild\u0259 &ouml;lk\u0259d\u0259 do\u011fulanlar\u0131n say\u0131n\u0131n 156 min n\u0259f\u0259r olaca\u011f\u0131 g&ouml;zl\u0259nilir: &ldquo;Do\u011fulanda g&ouml;zl\u0259nil\u0259n &ouml;m&uuml;r uzunlu\u011funun 75,9 ya\u015f (qad\u0131nlar &uuml;zr\u0259 78,3 ya\u015f, ki\u015fil\u0259r &uuml;zr\u0259 73,5 ya\u015f) olaca\u011f\u0131; 15-64 ya\u015fad\u0259k, y\u0259ni \u0259m\u0259k qabiliyy\u0259tli ya\u015fda olan \u0259halinin b&uuml;t&uuml;n \u0259halinin 70,5 faizini, 65 ya\u015fdan yuxar\u0131 \u0259halinin is\u0259 b&uuml;t&uuml;n \u0259halinin 6,8 faizini t\u0259\u015fkil ed\u0259c\u0259yi g&ouml;zl\u0259nilir. \u0130qtisadiyyatda m\u0259\u015f\u011ful olanlar\u0131n orta illik say\u0131n\u0131n 4 milyon 839 min n\u0259f\u0259r, muzdla i\u015fl\u0259y\u0259nl\u0259rin orta illik say\u0131n\u0131n is\u0259 1 milyon 555 min n\u0259f\u0259r v\u0259 ya m\u0259\u015f\u011ful \u0259halinin 32 faizi q\u0259d\u0259r olaca\u011f\u0131 proqnozla\u015fd\u0131r\u0131l\u0131r. N\u0259z\u0259rd\u0259 tutulur ki, bir i\u015f&ccedil;iy\u0259 hesablanm\u0131\u015f orta ayl\u0131q \u0259m\u0259k haqq\u0131 ilin \u0259vv\u0259lin\u0259 nisb\u0259t\u0259n 3,5 faiz artaraq 550 manata &ccedil;atacaq&rdquo;.<br \/>\n&nbsp;<br \/>\n\u0130.\u0130sayev \u0259lav\u0259 edib ki, 2018-ci ild\u0259 pensiya sistemin\u0259 daxil olacaq v\u0259 pensiya sistemind\u0259n &ccedil;\u0131xacaq pensiya&ccedil;\u0131lar\u0131n say\u0131 &uuml;zr\u0259 proqnozlar \u0259m\u0259k pensiya&ccedil;\u0131lar\u0131n\u0131n orta illik say\u0131n\u0131n 1 milyon 315 min n\u0259f\u0259r olaca\u011f\u0131n\u0131 g&ouml;st\u0259rir.<\/p>\n","protected":false},"excerpt":{"rendered":"<p>&ldquo;\u018fm\u0259k v\u0259 \u018fhalinin Sosial M&uuml;dafi\u0259si Nazirliyi yan\u0131nda D&ouml;vl\u0259t Sosial M&uuml;dafi\u0259 Fondunun 2018-ci il &uuml;&ccedil;&uuml;n b&uuml;dc\u0259sinin t\u0259rtib edilm\u0259sind\u0259 cari ilin ke&ccedil;\u0259n d&ouml;vr&uuml;nd\u0259 &ouml;lk\u0259 iqtisadiyyat\u0131n\u0131n inki\u015faf meyll\u0259ri v\u0259 n&ouml;vb\u0259ti ill\u0259rd\u0259 sosial-iqtisadi inki\u015faf\u0131n&hellip;<\/p>\n","protected":false},"author":1,"featured_media":251278,"comment_status":"open","ping_status":"open","sticky":false,"template":"","format":"standard","meta":{"_lmt_disableupdate":"","_lmt_disable":"","footnotes":""},"categories":[],"tags":[],"class_list":["post-53002","post","type-post","status-publish","format-standard","has-post-thumbnail","hentry"],"_links":{"self":[{"href":"https:\/\/ucnoqta.az\/index.php?rest_route=\/wp\/v2\/posts\/53002","targetHints":{"allow":["GET"]}}],"collection":[{"href":"https:\/\/ucnoqta.az\/index.php?rest_route=\/wp\/v2\/posts"}],"about":[{"href":"https:\/\/ucnoqta.az\/index.php?rest_route=\/wp\/v2\/types\/post"}],"author":[{"embeddable":true,"href":"https:\/\/ucnoqta.az\/index.php?rest_route=\/wp\/v2\/users\/1"}],"replies":[{"embeddable":true,"href":"https:\/\/ucnoqta.az\/index.php?rest_route=%2Fwp%2Fv2%2Fcomments&post=53002"}],"version-history":[{"count":0,"href":"https:\/\/ucnoqta.az\/index.php?rest_route=\/wp\/v2\/posts\/53002\/revisions"}],"wp:featuredmedia":[{"embeddable":true,"href":"https:\/\/ucnoqta.az\/index.php?rest_route=\/wp\/v2\/media\/251278"}],"wp:attachment":[{"href":"https:\/\/ucnoqta.az\/index.php?rest_route=%2Fwp%2Fv2%2Fmedia&parent=53002"}],"wp:term":[{"taxonomy":"category","embeddable":true,"href":"https:\/\/ucnoqta.az\/index.php?rest_route=%2Fwp%2Fv2%2Fcategories&post=53002"},{"taxonomy":"post_tag","embeddable":true,"href":"https:\/\/ucnoqta.az\/index.php?rest_route=%2Fwp%2Fv2%2Ftags&post=53002"}],"curies":[{"name":"wp","href":"https:\/\/api.w.org\/{rel}","templated":true}]}}