{"id":53000,"date":"2017-11-23T13:20:50","date_gmt":"2017-11-23T09:20:50","guid":{"rendered":""},"modified":"-0001-11-30T00:00:00","modified_gmt":"-0001-11-29T20:00:00","slug":"","status":"publish","type":"post","link":"https:\/\/ucnoqta.az\/?p=53000","title":{"rendered":"<font color=red><b>Prezident \u0130lham \u018fliyev Br\u00fcsseld\u0259 NATO-nun ba\u015f katibi il\u0259 g\u00f6r\u00fc\u015f\u00fcb<\/b><\/font>"},"content":{"rendered":"<p><strong>Bel&ccedil;ika Krall\u0131\u011f\u0131nda i\u015fg&uuml;zar s\u0259f\u0259rd\u0259 olan Az\u0259rbaycan Prezidenti \u0130lham \u018fliyev noyabr\u0131n 23-d\u0259 NATO-nun ba\u015f katibi Yens Stoltenberqin d\u0259v\u0259ti il\u0259 Alyans\u0131n m\u0259nzil-q\u0259rargah\u0131na g\u0259lib.<\/strong><\/p>\n<p>\nNATO-nun ba\u015f katibi Yens Stoltenberq d&ouml;vl\u0259timizin ba\u015f&ccedil;\u0131s\u0131 \u0130lham \u018fliyevi qar\u015f\u0131lay\u0131b.<\/p>\n<p>R\u0259smi foto &ccedil;\u0259kdirildikd\u0259n sonra Prezident \u0130lham \u018fliyevin v\u0259 NATO-nun ba\u015f katibi Yens Stoltenberqin g&ouml;r&uuml;\u015f&uuml; olub.<\/p>\n","protected":false},"excerpt":{"rendered":"<p>Bel&ccedil;ika Krall\u0131\u011f\u0131nda i\u015fg&uuml;zar s\u0259f\u0259rd\u0259 olan Az\u0259rbaycan Prezidenti \u0130lham \u018fliyev noyabr\u0131n 23-d\u0259 NATO-nun ba\u015f katibi Yens Stoltenberqin d\u0259v\u0259ti il\u0259 Alyans\u0131n m\u0259nzil-q\u0259rargah\u0131na g\u0259lib. NATO-nun ba\u015f katibi Yens Stoltenberq d&ouml;vl\u0259timizin ba\u015f&ccedil;\u0131s\u0131 \u0130lham \u018fliyevi&hellip;<\/p>\n","protected":false},"author":1,"featured_media":251278,"comment_status":"open","ping_status":"open","sticky":false,"template":"","format":"standard","meta":{"_lmt_disableupdate":"","_lmt_disable":"","footnotes":""},"categories":[],"tags":[],"class_list":["post-53000","post","type-post","status-publish","format-standard","has-post-thumbnail","hentry"],"_links":{"self":[{"href":"https:\/\/ucnoqta.az\/index.php?rest_route=\/wp\/v2\/posts\/53000","targetHints":{"allow":["GET"]}}],"collection":[{"href":"https:\/\/ucnoqta.az\/index.php?rest_route=\/wp\/v2\/posts"}],"about":[{"href":"https:\/\/ucnoqta.az\/index.php?rest_route=\/wp\/v2\/types\/post"}],"author":[{"embeddable":true,"href":"https:\/\/ucnoqta.az\/index.php?rest_route=\/wp\/v2\/users\/1"}],"replies":[{"embeddable":true,"href":"https:\/\/ucnoqta.az\/index.php?rest_route=%2Fwp%2Fv2%2Fcomments&post=53000"}],"version-history":[{"count":0,"href":"https:\/\/ucnoqta.az\/index.php?rest_route=\/wp\/v2\/posts\/53000\/revisions"}],"wp:featuredmedia":[{"embeddable":true,"href":"https:\/\/ucnoqta.az\/index.php?rest_route=\/wp\/v2\/media\/251278"}],"wp:attachment":[{"href":"https:\/\/ucnoqta.az\/index.php?rest_route=%2Fwp%2Fv2%2Fmedia&parent=53000"}],"wp:term":[{"taxonomy":"category","embeddable":true,"href":"https:\/\/ucnoqta.az\/index.php?rest_route=%2Fwp%2Fv2%2Fcategories&post=53000"},{"taxonomy":"post_tag","embeddable":true,"href":"https:\/\/ucnoqta.az\/index.php?rest_route=%2Fwp%2Fv2%2Ftags&post=53000"}],"curies":[{"name":"wp","href":"https:\/\/api.w.org\/{rel}","templated":true}]}}