{"id":52998,"date":"2017-11-23T12:59:41","date_gmt":"2017-11-23T08:59:41","guid":{"rendered":""},"modified":"-0001-11-30T00:00:00","modified_gmt":"-0001-11-29T20:00:00","slug":"","status":"publish","type":"post","link":"https:\/\/ucnoqta.az\/?p=52998","title":{"rendered":"Oqtay \u018fs\u0259dovdan xan\u0131m deputat\u0131n \u0259lill\u0259rl\u0259 ba\u011fl\u0131 t\u0259klifin\u0259 <font color=red><b>S\u0259rt reaksiya <\/b><\/font>"},"content":{"rendered":"<p><strong>Milli M\u0259clisin 2018-ci il &uuml;&ccedil;&uuml;n x\u0259rcl\u0259r smetas\u0131 haqq\u0131nda qanun layih\u0259sinin m&uuml;zakir\u0259si zaman\u0131 &ccedil;\u0131x\u0131\u015f ed\u0259n deputat Ayt\u0259n Mustafayeva Milli M\u0259clisin binas\u0131nda \u0259lill\u0259r &uuml;&ccedil;&uuml;n panduslar\u0131n v\u0259 x&uuml;susi liftl\u0259rin qura\u015fd\u0131r\u0131lmas\u0131n\u0131 t\u0259klif edib.<\/strong><\/p>\n<p>&nbsp;<\/p>\n<p><strong>Ucnoqta.az<\/strong> &ldquo;Report&rdquo;a istinad\u0259n x\u0259b\u0259r verir ki, Milli M\u0259clisin s\u0259dri Oqtay \u018fs\u0259dov is\u0259 A.Mustafayevaya cavab olaraq bildirib ki, t\u0259mird\u0259n sonra parlamentin binas\u0131nda ham\u0131, o c&uuml;ml\u0259d\u0259n \u0259lill\u0259r &uuml;&ccedil;&uuml;n b&uuml;t&uuml;n \u015f\u0259rait yarad\u0131l\u0131b.<br \/>\n&ldquo;Siz Milli M\u0259clisin 2012-ci ild\u0259 t\u0259mir olunan binas\u0131na n\u0259 vaxt daxil olmusunuz? Burada \u0259lill\u0259r &uuml;&ccedil;&uuml;n pandus var. H\u0259m&ccedil;inin lift d\u0259 f\u0259aliyy\u0259t g&ouml;st\u0259rir. Siz se&ccedil;icil\u0259rinizi daha &ccedil;ox &ccedil;al\u0131\u015fd\u0131\u011f\u0131n\u0131z institutda q\u0259bul edirsiniz&rdquo;, &#8211; O.\u018fs\u0259dov vur\u011fulay\u0131b.&nbsp;<\/p>\n","protected":false},"excerpt":{"rendered":"<p>Milli M\u0259clisin 2018-ci il &uuml;&ccedil;&uuml;n x\u0259rcl\u0259r smetas\u0131 haqq\u0131nda qanun layih\u0259sinin m&uuml;zakir\u0259si zaman\u0131 &ccedil;\u0131x\u0131\u015f ed\u0259n deputat Ayt\u0259n Mustafayeva Milli M\u0259clisin binas\u0131nda \u0259lill\u0259r &uuml;&ccedil;&uuml;n panduslar\u0131n v\u0259 x&uuml;susi liftl\u0259rin qura\u015fd\u0131r\u0131lmas\u0131n\u0131 t\u0259klif edib. &nbsp;&hellip;<\/p>\n","protected":false},"author":1,"featured_media":251278,"comment_status":"open","ping_status":"open","sticky":false,"template":"","format":"standard","meta":{"_lmt_disableupdate":"","_lmt_disable":"","footnotes":""},"categories":[],"tags":[],"class_list":["post-52998","post","type-post","status-publish","format-standard","has-post-thumbnail","hentry"],"_links":{"self":[{"href":"https:\/\/ucnoqta.az\/index.php?rest_route=\/wp\/v2\/posts\/52998","targetHints":{"allow":["GET"]}}],"collection":[{"href":"https:\/\/ucnoqta.az\/index.php?rest_route=\/wp\/v2\/posts"}],"about":[{"href":"https:\/\/ucnoqta.az\/index.php?rest_route=\/wp\/v2\/types\/post"}],"author":[{"embeddable":true,"href":"https:\/\/ucnoqta.az\/index.php?rest_route=\/wp\/v2\/users\/1"}],"replies":[{"embeddable":true,"href":"https:\/\/ucnoqta.az\/index.php?rest_route=%2Fwp%2Fv2%2Fcomments&post=52998"}],"version-history":[{"count":0,"href":"https:\/\/ucnoqta.az\/index.php?rest_route=\/wp\/v2\/posts\/52998\/revisions"}],"wp:featuredmedia":[{"embeddable":true,"href":"https:\/\/ucnoqta.az\/index.php?rest_route=\/wp\/v2\/media\/251278"}],"wp:attachment":[{"href":"https:\/\/ucnoqta.az\/index.php?rest_route=%2Fwp%2Fv2%2Fmedia&parent=52998"}],"wp:term":[{"taxonomy":"category","embeddable":true,"href":"https:\/\/ucnoqta.az\/index.php?rest_route=%2Fwp%2Fv2%2Fcategories&post=52998"},{"taxonomy":"post_tag","embeddable":true,"href":"https:\/\/ucnoqta.az\/index.php?rest_route=%2Fwp%2Fv2%2Ftags&post=52998"}],"curies":[{"name":"wp","href":"https:\/\/api.w.org\/{rel}","templated":true}]}}