{"id":52985,"date":"2017-11-23T10:59:02","date_gmt":"2017-11-23T06:59:02","guid":{"rendered":""},"modified":"-0001-11-30T00:00:00","modified_gmt":"-0001-11-29T20:00:00","slug":"","status":"publish","type":"post","link":"https:\/\/ucnoqta.az\/?p=52985","title":{"rendered":"\u0130lham \u018fliyev bu g\u00fcn Br\u00fcssel\u0259 s\u0259f\u0259r ed\u0259c\u0259k"},"content":{"rendered":"<p><strong>&Ouml;lk\u0259 ba\u015f&ccedil;\u0131s\u0131 \u015eimali Atlantika \u015euras\u0131n\u0131n iclas\u0131nda da i\u015ftirak ed\u0259c\u0259k<\/strong><\/p>\n<p>Az\u0259rbaycan prezidenti \u0130lham \u018fliyev bu g&uuml;n Br&uuml;ssel\u0259 s\u0259f\u0259r ed\u0259c\u0259k. AzVision.az NATO-nun r\u0259smi sayt\u0131na istinad\u0259n x\u0259b\u0259r verir ki, prezident NATO-nun ba\u015f katibi Yens Stoltenberql\u0259 g&ouml;r&uuml;\u015f\u0259c\u0259k.<\/p>\n<p>G&ouml;r&uuml;\u015f Br&uuml;sseld\u0259 alyans\u0131n q\u0259rargah\u0131nda ba\u015f tutacaq. &Ouml;lk\u0259 ba\u015f&ccedil;\u0131s\u0131 \u015eimali Atlantika \u015euras\u0131n\u0131n iclas\u0131nda da i\u015ftirak ed\u0259c\u0259k.<\/p>\n","protected":false},"excerpt":{"rendered":"<p>&Ouml;lk\u0259 ba\u015f&ccedil;\u0131s\u0131 \u015eimali Atlantika \u015euras\u0131n\u0131n iclas\u0131nda da i\u015ftirak ed\u0259c\u0259k Az\u0259rbaycan prezidenti \u0130lham \u018fliyev bu g&uuml;n Br&uuml;ssel\u0259 s\u0259f\u0259r ed\u0259c\u0259k. AzVision.az NATO-nun r\u0259smi sayt\u0131na istinad\u0259n x\u0259b\u0259r verir ki, prezident NATO-nun ba\u015f katibi&hellip;<\/p>\n","protected":false},"author":1,"featured_media":251278,"comment_status":"open","ping_status":"open","sticky":false,"template":"","format":"standard","meta":{"_lmt_disableupdate":"","_lmt_disable":"","footnotes":""},"categories":[],"tags":[],"class_list":["post-52985","post","type-post","status-publish","format-standard","has-post-thumbnail","hentry"],"_links":{"self":[{"href":"https:\/\/ucnoqta.az\/index.php?rest_route=\/wp\/v2\/posts\/52985","targetHints":{"allow":["GET"]}}],"collection":[{"href":"https:\/\/ucnoqta.az\/index.php?rest_route=\/wp\/v2\/posts"}],"about":[{"href":"https:\/\/ucnoqta.az\/index.php?rest_route=\/wp\/v2\/types\/post"}],"author":[{"embeddable":true,"href":"https:\/\/ucnoqta.az\/index.php?rest_route=\/wp\/v2\/users\/1"}],"replies":[{"embeddable":true,"href":"https:\/\/ucnoqta.az\/index.php?rest_route=%2Fwp%2Fv2%2Fcomments&post=52985"}],"version-history":[{"count":0,"href":"https:\/\/ucnoqta.az\/index.php?rest_route=\/wp\/v2\/posts\/52985\/revisions"}],"wp:featuredmedia":[{"embeddable":true,"href":"https:\/\/ucnoqta.az\/index.php?rest_route=\/wp\/v2\/media\/251278"}],"wp:attachment":[{"href":"https:\/\/ucnoqta.az\/index.php?rest_route=%2Fwp%2Fv2%2Fmedia&parent=52985"}],"wp:term":[{"taxonomy":"category","embeddable":true,"href":"https:\/\/ucnoqta.az\/index.php?rest_route=%2Fwp%2Fv2%2Fcategories&post=52985"},{"taxonomy":"post_tag","embeddable":true,"href":"https:\/\/ucnoqta.az\/index.php?rest_route=%2Fwp%2Fv2%2Ftags&post=52985"}],"curies":[{"name":"wp","href":"https:\/\/api.w.org\/{rel}","templated":true}]}}