{"id":52980,"date":"2017-11-23T10:39:51","date_gmt":"2017-11-23T06:39:51","guid":{"rendered":""},"modified":"-0001-11-30T00:00:00","modified_gmt":"-0001-11-29T20:00:00","slug":"","status":"publish","type":"post","link":"https:\/\/ucnoqta.az\/?p=52980","title":{"rendered":"Fransa X\u0130N: <font color=red><b>Biz &#8220;Da\u011fl\u0131q Qaraba\u011f&#8221;\u0131 tan\u0131m\u0131r\u0131q<\/b><\/font>"},"content":{"rendered":"<p><strong>H&ouml;kum\u0259t Alforvil b\u0259l\u0259diy\u0259si t\u0259r\u0259find\u0259n imzalanan &quot;xartiya&quot;ya riay\u0259t etm\u0259y\u0259 m\u0259cbur deyil<\/strong><\/p>\n<p>&quot;Fransa &quot;Da\u011fl\u0131q Qaraba\u011f&quot;\u0131 tan\u0131m\u0131r&quot;. Bunu &quot;Report&quot;un sor\u011fusuna cavab olaraq Fransan\u0131n Xarici \u0130\u015fl\u0259r Nazirliyind\u0259n (X\u0130N) bildiribl\u0259r.&nbsp; Fransa X\u0130N-d\u0259n bu &ouml;lk\u0259nin Az\u0259rbaycandak\u0131 s\u0259firliyi vasit\u0259sil\u0259 sor\u011fuya&nbsp;veril\u0259n cavabda qeyd edilib ki, h&ouml;kum\u0259t Alforvil b\u0259l\u0259diy\u0259si t\u0259r\u0259find\u0259n imzalanan &quot;xartiya&quot;ya riay\u0259t etm\u0259y\u0259 m\u0259cbur deyil.&nbsp;&nbsp;<\/p>\n<p>\nQeyd ed\u0259k ki, bir ne&ccedil;\u0259 g&uuml;n \u0259vv\u0259l Fransan\u0131n Alfortvil kommunas\u0131 il\u0259 Erm\u0259nistan\u0131n i\u015f\u011fal\u0131 alt\u0131nda olan Az\u0259rbaycan\u0131n La&ccedil;\u0131n rayonu aras\u0131nda &quot;dostluq xartiyas\u0131&quot; imzalan\u0131b. T\u0259dbird\u0259 Alfortvil meri Mi\u015fel Ger\u015finovitz, Ara Torayan, deputatlar, b\u0259l\u0259diyy\u0259 &uuml;zvl\u0259ri, Erm\u0259nistan\u0131n Parisd\u0259ki s\u0259firi, Da\u011fl\u0131q Qaraba\u011f separat&ccedil;\u0131lar\u0131n\u0131n Fransadak\u0131 &quot;daimi n&uuml;may\u0259nd\u0259si&quot; Hovanes Gevorkyan v\u0259 La&ccedil;\u0131n\u0131n &quot;meri&quot; Artyom Sar\u0131bekyan i\u015ftirak edib.&nbsp;<\/p>\n","protected":false},"excerpt":{"rendered":"<p>H&ouml;kum\u0259t Alforvil b\u0259l\u0259diy\u0259si t\u0259r\u0259find\u0259n imzalanan &quot;xartiya&quot;ya riay\u0259t etm\u0259y\u0259 m\u0259cbur deyil &quot;Fransa &quot;Da\u011fl\u0131q Qaraba\u011f&quot;\u0131 tan\u0131m\u0131r&quot;. Bunu &quot;Report&quot;un sor\u011fusuna cavab olaraq Fransan\u0131n Xarici \u0130\u015fl\u0259r Nazirliyind\u0259n (X\u0130N) bildiribl\u0259r.&nbsp; Fransa X\u0130N-d\u0259n bu &ouml;lk\u0259nin Az\u0259rbaycandak\u0131&hellip;<\/p>\n","protected":false},"author":1,"featured_media":251278,"comment_status":"open","ping_status":"open","sticky":false,"template":"","format":"standard","meta":{"_lmt_disableupdate":"","_lmt_disable":"","footnotes":""},"categories":[86],"tags":[],"class_list":["post-52980","post","type-post","status-publish","format-standard","has-post-thumbnail","hentry","category-siyaset"],"_links":{"self":[{"href":"https:\/\/ucnoqta.az\/index.php?rest_route=\/wp\/v2\/posts\/52980","targetHints":{"allow":["GET"]}}],"collection":[{"href":"https:\/\/ucnoqta.az\/index.php?rest_route=\/wp\/v2\/posts"}],"about":[{"href":"https:\/\/ucnoqta.az\/index.php?rest_route=\/wp\/v2\/types\/post"}],"author":[{"embeddable":true,"href":"https:\/\/ucnoqta.az\/index.php?rest_route=\/wp\/v2\/users\/1"}],"replies":[{"embeddable":true,"href":"https:\/\/ucnoqta.az\/index.php?rest_route=%2Fwp%2Fv2%2Fcomments&post=52980"}],"version-history":[{"count":0,"href":"https:\/\/ucnoqta.az\/index.php?rest_route=\/wp\/v2\/posts\/52980\/revisions"}],"wp:featuredmedia":[{"embeddable":true,"href":"https:\/\/ucnoqta.az\/index.php?rest_route=\/wp\/v2\/media\/251278"}],"wp:attachment":[{"href":"https:\/\/ucnoqta.az\/index.php?rest_route=%2Fwp%2Fv2%2Fmedia&parent=52980"}],"wp:term":[{"taxonomy":"category","embeddable":true,"href":"https:\/\/ucnoqta.az\/index.php?rest_route=%2Fwp%2Fv2%2Fcategories&post=52980"},{"taxonomy":"post_tag","embeddable":true,"href":"https:\/\/ucnoqta.az\/index.php?rest_route=%2Fwp%2Fv2%2Ftags&post=52980"}],"curies":[{"name":"wp","href":"https:\/\/api.w.org\/{rel}","templated":true}]}}