{"id":52960,"date":"2017-11-22T22:14:10","date_gmt":"2017-11-22T18:14:10","guid":{"rendered":""},"modified":"-0001-11-30T00:00:00","modified_gmt":"-0001-11-29T20:00:00","slug":"","status":"publish","type":"post","link":"https:\/\/ucnoqta.az\/?p=52960","title":{"rendered":"M\u0259zahir P\u0259nahov prezident se\u00e7kil\u0259rind\u0259 i\u015ftirak ed\u0259c\u0259k namiz\u0259dl\u0259rd\u0259n dan\u0131\u015fd\u0131"},"content":{"rendered":"<p><strong>&quot;Ucnoqta.az&quot; APA-ya istinad\u0259n x\u0259b\u0259r verir ki, bu s&ouml;zl\u0259ri M\u0259rk\u0259zi Se&ccedil;ki Komissiyas\u0131n\u0131n s\u0259dri M\u0259zahir P\u0259nahov deyib.<\/strong><\/p>\n<p>&nbsp;<\/p>\n<p>O bildirib ki, azad, \u0259dal\u0259tli se&ccedil;kil\u0259rin ke&ccedil;irilm\u0259si &uuml;&ccedil;&uuml;n M\u0259rk\u0259zi Se&ccedil;ki Komissiyas\u0131 b&uuml;t&uuml;n add\u0131mlar\u0131 atacaq: &ldquo;Biz art\u0131q g\u0259l\u0259n il &uuml;&ccedil;&uuml;n t\u0259dbirl\u0259r planlar\u0131 &uuml;z\u0259rind\u0259 i\u015fl\u0259yirik. Yanvar ay\u0131n\u0131n \u0259vv\u0259ll\u0259rind\u0259 r\u0259smi \u015f\u0259kild\u0259 t\u0259sdiq ed\u0259c\u0259yik. \u0130l \u0259rzind\u0259 bizim m&uuml;xt\u0259lif s\u0259pkili t\u0259dbirl\u0259rimiz olacaq. A\u015fa\u011f\u0131 se&ccedil;ki komissiyas\u0131 &uuml;zvl\u0259rind\u0259n ba\u015flam\u0131\u015f dig\u0259r s\u0259lahiyy\u0259tli qurumlara q\u0259d\u0259r maarifl\u0259ndirm\u0259 t\u0259dbirl\u0259ri ke&ccedil;iril\u0259c\u0259k. Eyni zamanda, c\u0259za&ccedil;\u0259km\u0259, tibb v\u0259 m&uuml;alic\u0259 m&uuml;\u0259ssis\u0259l\u0259rind\u0259 s\u0259sverm\u0259 il\u0259 ba\u011fl\u0131 t\u0259dbirl\u0259r ke&ccedil;iririk ki, o insanlar\u0131n s\u0259sverm\u0259 h&uuml;ququ pozulmas\u0131n.<\/p>\n<p>Daxili \u0130\u015fl\u0259r Nazirliyi, \u018fdliyy\u0259 Nazirliyi v\u0259 prokurorluq orqanlar\u0131 il\u0259 x&uuml;susi komissiyalar t\u0259\u015fkil edirik. M&uuml;raci\u0259tl\u0259r\u0259 bax\u0131lmas\u0131, xo\u015fag\u0259lm\u0259z hallar ba\u015f ver\u0259rs\u0259, operativ &ouml;l&ccedil;&uuml; g&ouml;t&uuml;r&uuml;lm\u0259si bax\u0131m\u0131ndan bu c&uuml;r \u0259m\u0259kda\u015fl\u0131q &ccedil;ox \u0259h\u0259miyy\u0259tli olur. Prezident se&ccedil;kil\u0259ri v\u0259 referendumda Az\u0259rbaycan h&uuml;dudlar\u0131ndan k\u0259narda olan v\u0259t\u0259nda\u015flar\u0131m\u0131z da s\u0259s verm\u0259lidir. Xarici &ouml;lk\u0259l\u0259rd\u0259ki n&uuml;may\u0259nd\u0259likl\u0259rd\u0259 m\u0259nt\u0259q\u0259l\u0259r yarad\u0131lacaq. T\u0259s\u0259vv&uuml;r edin ki, se&ccedil;kil\u0259rl\u0259 ba\u011fl\u0131 co\u011frafiya n\u0259 q\u0259d\u0259r geni\u015fdir. &Ccedil;al\u0131\u015f\u0131r\u0131q ki, Az\u0259rbaycandan k\u0259narda olan se&ccedil;icil\u0259r diqq\u0259t m\u0259rk\u0259zind\u0259 olduqlar\u0131n\u0131 hiss etsinl\u0259r&rdquo;.<\/p>\n<p>&nbsp;<\/p>\n","protected":false},"excerpt":{"rendered":"<p>&quot;Ucnoqta.az&quot; APA-ya istinad\u0259n x\u0259b\u0259r verir ki, bu s&ouml;zl\u0259ri M\u0259rk\u0259zi Se&ccedil;ki Komissiyas\u0131n\u0131n s\u0259dri M\u0259zahir P\u0259nahov deyib. &nbsp; O bildirib ki, azad, \u0259dal\u0259tli se&ccedil;kil\u0259rin ke&ccedil;irilm\u0259si &uuml;&ccedil;&uuml;n M\u0259rk\u0259zi Se&ccedil;ki Komissiyas\u0131 b&uuml;t&uuml;n add\u0131mlar\u0131 atacaq:&hellip;<\/p>\n","protected":false},"author":1,"featured_media":251278,"comment_status":"open","ping_status":"open","sticky":false,"template":"","format":"standard","meta":{"_lmt_disableupdate":"","_lmt_disable":"","footnotes":""},"categories":[91],"tags":[],"class_list":["post-52960","post","type-post","status-publish","format-standard","has-post-thumbnail","hentry","category-olkeici"],"_links":{"self":[{"href":"https:\/\/ucnoqta.az\/index.php?rest_route=\/wp\/v2\/posts\/52960","targetHints":{"allow":["GET"]}}],"collection":[{"href":"https:\/\/ucnoqta.az\/index.php?rest_route=\/wp\/v2\/posts"}],"about":[{"href":"https:\/\/ucnoqta.az\/index.php?rest_route=\/wp\/v2\/types\/post"}],"author":[{"embeddable":true,"href":"https:\/\/ucnoqta.az\/index.php?rest_route=\/wp\/v2\/users\/1"}],"replies":[{"embeddable":true,"href":"https:\/\/ucnoqta.az\/index.php?rest_route=%2Fwp%2Fv2%2Fcomments&post=52960"}],"version-history":[{"count":0,"href":"https:\/\/ucnoqta.az\/index.php?rest_route=\/wp\/v2\/posts\/52960\/revisions"}],"wp:featuredmedia":[{"embeddable":true,"href":"https:\/\/ucnoqta.az\/index.php?rest_route=\/wp\/v2\/media\/251278"}],"wp:attachment":[{"href":"https:\/\/ucnoqta.az\/index.php?rest_route=%2Fwp%2Fv2%2Fmedia&parent=52960"}],"wp:term":[{"taxonomy":"category","embeddable":true,"href":"https:\/\/ucnoqta.az\/index.php?rest_route=%2Fwp%2Fv2%2Fcategories&post=52960"},{"taxonomy":"post_tag","embeddable":true,"href":"https:\/\/ucnoqta.az\/index.php?rest_route=%2Fwp%2Fv2%2Ftags&post=52960"}],"curies":[{"name":"wp","href":"https:\/\/api.w.org\/{rel}","templated":true}]}}