{"id":52959,"date":"2017-11-22T21:50:39","date_gmt":"2017-11-22T17:50:39","guid":{"rendered":""},"modified":"-0001-11-30T00:00:00","modified_gmt":"-0001-11-29T20:00:00","slug":"","status":"publish","type":"post","link":"https:\/\/ucnoqta.az\/?p=52959","title":{"rendered":"&#8220;Da\u011fl\u0131q Qaraba\u011f m\u00fcnaqi\u015f\u0259sini h\u0259ll ed\u0259c\u0259k \u0259sas g\u00fcc Putindir&#8221; &#8211;<font color=red><b> \u018frdo\u011fan<\/b><\/font>"},"content":{"rendered":"<p><strong>&quot;Bu g&uuml;n So&ccedil;id\u0259 \u0130ran, Rusiya v\u0259 T&uuml;rkiy\u0259 liderl\u0259ri aras\u0131nda ba\u015f tutacaq &uuml;&ccedil;t\u0259r\u0259fli g&ouml;r&uuml;\u015fd\u0259 f&uuml;rs\u0259t d&uuml;\u015f\u0259n kimi&nbsp;<a href=\"http:\/\/apa.az\/tag\/Da%C4%9Fl%C4%B1q-Qaraba%C4%9F\" target=\"_blank\">Da\u011fl\u0131q Qaraba\u011f&nbsp;<\/a>m&uuml;naqi\u015f\u0259sini g&uuml;nd\u0259m\u0259 g\u0259tir\u0259c\u0259y\u0259m&rdquo;.<\/strong><\/p>\n<p>&nbsp;<\/p>\n<p>&nbsp;<\/p>\n<p><a href=\"http:\/\/apa.az\/\" target=\"_blank\">APA<\/a>-n\u0131n &ldquo;Haber7&rdquo;-\u0259 istinad\u0259n verdiyi x\u0259b\u0259r\u0259 g&ouml;r\u0259, bunu T&uuml;rkiy\u0259 prezidenti R\u0259c\u0259b Tayyip \u018frdo\u011fan deyib.<\/p>\n<p>&nbsp;<\/p>\n<p>O bildirib ki,&nbsp;<a href=\"http:\/\/apa.az\/tag\/Da%C4%9Fl%C4%B1q-Qaraba%C4%9F\" target=\"_blank\">Da\u011fl\u0131q Qaraba\u011f&nbsp;<\/a>m\u0259s\u0259l\u0259si T&uuml;rkiy\u0259nin d\u0259 x&uuml;susi m\u0259s\u0259l\u0259sidir v\u0259 k\u0259narda qalmas\u0131na raz\u0131 olmazlar: &ldquo;Rusiyaya &ouml;t\u0259n s\u0259f\u0259rimd\u0259 d\u0259 h\u0259mkar\u0131m&nbsp;<a href=\"http:\/\/apa.az\/tag\/Vladimir-Putin\" target=\"_blank\">Vladimir Putin<\/a>l\u0259 bu m\u0259s\u0259l\u0259ni m&uuml;zakir\u0259 etdik. Putin bu m\u0259s\u0259l\u0259d\u0259 \u0259lind\u0259n g\u0259l\u0259ni etm\u0259y\u0259 &ccedil;al\u0131\u015fd\u0131\u011f\u0131n\u0131 demi\u015fdi. M\u0259n bu 5 rayon m\u0259s\u0259l\u0259sind\u0259 daha h\u0259ssas olmaq laz\u0131m oldu\u011funu dedim.&nbsp;Bu m&uuml;naqi\u015f\u0259ni&nbsp;b&ouml;lg\u0259d\u0259 h\u0259ll ed\u0259 bil\u0259c\u0259k \u0259sas g&uuml;c&nbsp;Rusiya v\u0259 Putindir&rdquo;.<\/p>\n<p>&nbsp;<\/p>\n","protected":false},"excerpt":{"rendered":"<p>&quot;Bu g&uuml;n So&ccedil;id\u0259 \u0130ran, Rusiya v\u0259 T&uuml;rkiy\u0259 liderl\u0259ri aras\u0131nda ba\u015f tutacaq &uuml;&ccedil;t\u0259r\u0259fli g&ouml;r&uuml;\u015fd\u0259 f&uuml;rs\u0259t d&uuml;\u015f\u0259n kimi&nbsp;Da\u011fl\u0131q Qaraba\u011f&nbsp;m&uuml;naqi\u015f\u0259sini g&uuml;nd\u0259m\u0259 g\u0259tir\u0259c\u0259y\u0259m&rdquo;. &nbsp; &nbsp; APA-n\u0131n &ldquo;Haber7&rdquo;-\u0259 istinad\u0259n verdiyi x\u0259b\u0259r\u0259 g&ouml;r\u0259, bunu T&uuml;rkiy\u0259 prezidenti&hellip;<\/p>\n","protected":false},"author":1,"featured_media":251278,"comment_status":"open","ping_status":"open","sticky":false,"template":"","format":"standard","meta":{"_lmt_disableupdate":"","_lmt_disable":"","footnotes":""},"categories":[86],"tags":[],"class_list":["post-52959","post","type-post","status-publish","format-standard","has-post-thumbnail","hentry","category-siyaset"],"_links":{"self":[{"href":"https:\/\/ucnoqta.az\/index.php?rest_route=\/wp\/v2\/posts\/52959","targetHints":{"allow":["GET"]}}],"collection":[{"href":"https:\/\/ucnoqta.az\/index.php?rest_route=\/wp\/v2\/posts"}],"about":[{"href":"https:\/\/ucnoqta.az\/index.php?rest_route=\/wp\/v2\/types\/post"}],"author":[{"embeddable":true,"href":"https:\/\/ucnoqta.az\/index.php?rest_route=\/wp\/v2\/users\/1"}],"replies":[{"embeddable":true,"href":"https:\/\/ucnoqta.az\/index.php?rest_route=%2Fwp%2Fv2%2Fcomments&post=52959"}],"version-history":[{"count":0,"href":"https:\/\/ucnoqta.az\/index.php?rest_route=\/wp\/v2\/posts\/52959\/revisions"}],"wp:featuredmedia":[{"embeddable":true,"href":"https:\/\/ucnoqta.az\/index.php?rest_route=\/wp\/v2\/media\/251278"}],"wp:attachment":[{"href":"https:\/\/ucnoqta.az\/index.php?rest_route=%2Fwp%2Fv2%2Fmedia&parent=52959"}],"wp:term":[{"taxonomy":"category","embeddable":true,"href":"https:\/\/ucnoqta.az\/index.php?rest_route=%2Fwp%2Fv2%2Fcategories&post=52959"},{"taxonomy":"post_tag","embeddable":true,"href":"https:\/\/ucnoqta.az\/index.php?rest_route=%2Fwp%2Fv2%2Ftags&post=52959"}],"curies":[{"name":"wp","href":"https:\/\/api.w.org\/{rel}","templated":true}]}}