{"id":52834,"date":"2017-11-20T15:02:23","date_gmt":"2017-11-20T11:02:23","guid":{"rendered":""},"modified":"-0001-11-30T00:00:00","modified_gmt":"-0001-11-29T20:00:00","slug":"","status":"publish","type":"post","link":"https:\/\/ucnoqta.az\/?p=52834","title":{"rendered":"\u0130ttifaqdan A\u00e7\u0131qlama: <font color=red><b>&#8220;Rasim Balayev jurnalistl\u0259rin yalan yazd\u0131\u011f\u0131n\u0131 deyib&#8221;<\/b><\/font>"},"content":{"rendered":"<p><strong>Az\u0259rbaycan Respublikas\u0131 Kinematoqraf&ccedil;\u0131lar \u0130ttifaq\u0131 xalq artisti Rasim Balayevl\u0259 ba\u011fl\u0131 a&ccedil;\u0131qlama yay\u0131b.<\/strong><\/p>\n<p>&nbsp;<\/p>\n<p><strong>Ucnoqta.az<\/strong> x\u0259b\u0259r verir ki, qurumun m\u0259tbuat xidm\u0259tinin r\u0259hb\u0259ri \u018fli V\u0259liyev bildirib ki, R. Balayev Az\u0259rbaycan Respublikas\u0131 Kinematoqraf&ccedil;\u0131lar \u0130ttifaq\u0131n\u0131n &uuml;zv&uuml; deyil: &ldquo;O, r\u0259hb\u0259ri R&uuml;st\u0259m \u0130brahimb\u0259yov olan ittifaq\u0131n &uuml;zv&uuml; eyni zamanda katibidir,&nbsp; haz\u0131rda da o v\u0259zif\u0259ni da\u015f\u0131y\u0131r. Amma buna baxmayaraq, Rasim Balayevin v\u0259ziyy\u0259tinin a\u011f\u0131r olmas\u0131ndan x\u0259b\u0259r tutduqdan sonra \u0130ttifaq\u0131n\u0131n s\u0259dri \u015f\u0259xs\u0259n \u015e\u0259fiq\u0259 M\u0259mm\u0259dovan\u0131n g&ouml;st\u0259ri\u015fi il\u0259 onunla \u0259laq\u0259 saxlan\u0131l\u0131b, v\u0259ziyy\u0259ti il\u0259 maraqlan\u0131l\u0131b. Ona &ldquo;n\u0259 k&ouml;m\u0259klik laz\u0131md\u0131r ed\u0259 bil\u0259rik&rdquo; deyilib. Lakin xalq artisti Rasim Balayev bildirib ki, &ldquo;Jurnalistl\u0259r m\u0259nim haqq\u0131mda tamamil\u0259 yalan m\u0259lumat verib. M\u0259nim v\u0259ziyy\u0259tim \u0259lad\u0131r, he&ccedil; bir k&ouml;m\u0259y\u0259 ehtiyac\u0131m yoxdur&rdquo;&rdquo;.<br \/>\n&nbsp;<br \/>\n\u0130ttifaq\u0131n a&ccedil;\u0131qlamas\u0131nda o da qeyd edilib ki, R. Balayev ayda 1300 manat prezident t\u0259qa&uuml;d&uuml;, 1000 manat \u015f\u0259xsi pensiyas\u0131n\u0131, xalq artisti ad\u0131na g&ouml;r\u0259 100 manat, orden v\u0259 medallar\u0131na g&ouml;r\u0259 d\u0259 m&uuml;\u0259yy\u0259n &ouml;d\u0259ni\u015fl\u0259r al\u0131r: &ldquo;Bundan \u0259lav\u0259 reklam v\u0259 seriallara da &ccedil;\u0259kilir v\u0259 &ouml;z&uuml;n&uuml; d\u0259 dediyi kimi ist\u0259diyi qonorar\u0131 ala bilir. Buna baxmayaraq, Rasim Balayev ist\u0259nil\u0259n vaxt qurumumuza m&uuml;raci\u0259t ed\u0259rs\u0259, ona k&ouml;m\u0259kilk g&ouml;st\u0259rm\u0259y\u0259 haz\u0131r\u0131q. \u015e\u0259fiq\u0259 M\u0259mm\u0259dovan\u0131n dediyi kimi, &ldquo;&ccedil;&uuml;nki o, Rasim Balayevdir&rdquo;&rdquo;.<\/p>\n<p>Xat\u0131rladaq ki, bu g&uuml;nl\u0259rd\u0259 R. Balayev &ldquo;Respublika Kinematoqraf&ccedil;\u0131lar \u0130ttifaq\u0131ndan sizinl\u0259 maraqlanan olubmu&rdquo; sual\u0131na &ldquo;Yox&#8230; ist\u0259mir\u0259m d\u0259&rdquo; dey\u0259 cavab verib.&nbsp;<\/p>\n","protected":false},"excerpt":{"rendered":"<p>Az\u0259rbaycan Respublikas\u0131 Kinematoqraf&ccedil;\u0131lar \u0130ttifaq\u0131 xalq artisti Rasim Balayevl\u0259 ba\u011fl\u0131 a&ccedil;\u0131qlama yay\u0131b. &nbsp; Ucnoqta.az x\u0259b\u0259r verir ki, qurumun m\u0259tbuat xidm\u0259tinin r\u0259hb\u0259ri \u018fli V\u0259liyev bildirib ki, R. Balayev Az\u0259rbaycan Respublikas\u0131 Kinematoqraf&ccedil;\u0131lar \u0130ttifaq\u0131n\u0131n&hellip;<\/p>\n","protected":false},"author":1,"featured_media":251278,"comment_status":"open","ping_status":"open","sticky":false,"template":"","format":"standard","meta":{"_lmt_disableupdate":"","_lmt_disable":"","footnotes":""},"categories":[],"tags":[],"class_list":["post-52834","post","type-post","status-publish","format-standard","has-post-thumbnail","hentry"],"_links":{"self":[{"href":"https:\/\/ucnoqta.az\/index.php?rest_route=\/wp\/v2\/posts\/52834","targetHints":{"allow":["GET"]}}],"collection":[{"href":"https:\/\/ucnoqta.az\/index.php?rest_route=\/wp\/v2\/posts"}],"about":[{"href":"https:\/\/ucnoqta.az\/index.php?rest_route=\/wp\/v2\/types\/post"}],"author":[{"embeddable":true,"href":"https:\/\/ucnoqta.az\/index.php?rest_route=\/wp\/v2\/users\/1"}],"replies":[{"embeddable":true,"href":"https:\/\/ucnoqta.az\/index.php?rest_route=%2Fwp%2Fv2%2Fcomments&post=52834"}],"version-history":[{"count":0,"href":"https:\/\/ucnoqta.az\/index.php?rest_route=\/wp\/v2\/posts\/52834\/revisions"}],"wp:featuredmedia":[{"embeddable":true,"href":"https:\/\/ucnoqta.az\/index.php?rest_route=\/wp\/v2\/media\/251278"}],"wp:attachment":[{"href":"https:\/\/ucnoqta.az\/index.php?rest_route=%2Fwp%2Fv2%2Fmedia&parent=52834"}],"wp:term":[{"taxonomy":"category","embeddable":true,"href":"https:\/\/ucnoqta.az\/index.php?rest_route=%2Fwp%2Fv2%2Fcategories&post=52834"},{"taxonomy":"post_tag","embeddable":true,"href":"https:\/\/ucnoqta.az\/index.php?rest_route=%2Fwp%2Fv2%2Ftags&post=52834"}],"curies":[{"name":"wp","href":"https:\/\/api.w.org\/{rel}","templated":true}]}}