{"id":52833,"date":"2017-11-20T14:54:46","date_gmt":"2017-11-20T10:54:46","guid":{"rendered":""},"modified":"-0001-11-30T00:00:00","modified_gmt":"-0001-11-29T20:00:00","slug":"","status":"publish","type":"post","link":"https:\/\/ucnoqta.az\/?p=52833","title":{"rendered":"\u015eirvanda kabel o\u011frular\u0131 saxlan\u0131l\u0131b"},"content":{"rendered":"<p><strong>Faktla ba\u011fl\u0131 ara\u015fd\u0131rma apar\u0131l\u0131r<\/strong><\/p>\n<p>\u015eirvan \u015f\u0259h\u0259rind\u0259 kabel o\u011frular\u0131 saxlan\u0131l\u0131b.&nbsp; Ucnoqta.az x\u0259b\u0259r verir ki, buu bar\u0259d\u0259 &ldquo;Report&rdquo;a D\u0130N-nin m\u0259tbuat xidm\u0259tinin \u015eirvan regional qrupunun ba\u015f inspektoru, polis leytenant\u0131 To\u011frul N\u0259sirli m\u0259lumat verib.<br \/>\n\u015eirvan \u015e\u0259h\u0259r Polis \u015e&ouml;b\u0259si \u0259m\u0259kda\u015flar\u0131n\u0131n ke&ccedil;irdikl\u0259ri \u0259m\u0259liyyat-axtar\u0131\u015f t\u0259dbirl\u0259ri n\u0259tic\u0259sind\u0259 o\u011furlu\u011fu t&ouml;r\u0259tm\u0259kd\u0259 \u015f&uuml;bh\u0259li bilin\u0259n \u015f\u0259h\u0259r sakinl\u0259ri Mustafa Eyvazov v\u0259 \u018flizaman Kaz\u0131mov saxlan\u0131l\u0131blar.<\/p>\n<p>\nOtuz metr\u0259 yax\u0131n kabeli k\u0259sib o\u011furlad\u0131qlar\u0131n\u0131 etiraf ed\u0259n saxlan\u0131lanlar onu sataraq \u0259ld\u0259 etdikl\u0259ri pulu aralar\u0131nda b&ouml;ld&uuml;kl\u0259rini bildiribl\u0259r.<br \/>\nPolis \u0259m\u0259kda\u015flar\u0131 t\u0259r\u0259find\u0259n maddi s&uuml;b&uuml;t kimi h\u0259r iki \u015f\u0259xsin kabell\u0259ri k\u0259sm\u0259k &uuml;&ccedil;&uuml;n istifad\u0259 etdikl\u0259ri mi\u015farlar g&ouml;t&uuml;r&uuml;l&uuml;b.<br \/>\nFaktla ba\u011fl\u0131 ara\u015fd\u0131rma apar\u0131l\u0131r.<\/p>\n","protected":false},"excerpt":{"rendered":"<p>Faktla ba\u011fl\u0131 ara\u015fd\u0131rma apar\u0131l\u0131r \u015eirvan \u015f\u0259h\u0259rind\u0259 kabel o\u011frular\u0131 saxlan\u0131l\u0131b.&nbsp; Ucnoqta.az x\u0259b\u0259r verir ki, buu bar\u0259d\u0259 &ldquo;Report&rdquo;a D\u0130N-nin m\u0259tbuat xidm\u0259tinin \u015eirvan regional qrupunun ba\u015f inspektoru, polis leytenant\u0131 To\u011frul N\u0259sirli m\u0259lumat verib.&hellip;<\/p>\n","protected":false},"author":1,"featured_media":251278,"comment_status":"open","ping_status":"open","sticky":false,"template":"","format":"standard","meta":{"_lmt_disableupdate":"","_lmt_disable":"","footnotes":""},"categories":[],"tags":[],"class_list":["post-52833","post","type-post","status-publish","format-standard","has-post-thumbnail","hentry"],"_links":{"self":[{"href":"https:\/\/ucnoqta.az\/index.php?rest_route=\/wp\/v2\/posts\/52833","targetHints":{"allow":["GET"]}}],"collection":[{"href":"https:\/\/ucnoqta.az\/index.php?rest_route=\/wp\/v2\/posts"}],"about":[{"href":"https:\/\/ucnoqta.az\/index.php?rest_route=\/wp\/v2\/types\/post"}],"author":[{"embeddable":true,"href":"https:\/\/ucnoqta.az\/index.php?rest_route=\/wp\/v2\/users\/1"}],"replies":[{"embeddable":true,"href":"https:\/\/ucnoqta.az\/index.php?rest_route=%2Fwp%2Fv2%2Fcomments&post=52833"}],"version-history":[{"count":0,"href":"https:\/\/ucnoqta.az\/index.php?rest_route=\/wp\/v2\/posts\/52833\/revisions"}],"wp:featuredmedia":[{"embeddable":true,"href":"https:\/\/ucnoqta.az\/index.php?rest_route=\/wp\/v2\/media\/251278"}],"wp:attachment":[{"href":"https:\/\/ucnoqta.az\/index.php?rest_route=%2Fwp%2Fv2%2Fmedia&parent=52833"}],"wp:term":[{"taxonomy":"category","embeddable":true,"href":"https:\/\/ucnoqta.az\/index.php?rest_route=%2Fwp%2Fv2%2Fcategories&post=52833"},{"taxonomy":"post_tag","embeddable":true,"href":"https:\/\/ucnoqta.az\/index.php?rest_route=%2Fwp%2Fv2%2Ftags&post=52833"}],"curies":[{"name":"wp","href":"https:\/\/api.w.org\/{rel}","templated":true}]}}