{"id":52829,"date":"2017-11-20T14:37:32","date_gmt":"2017-11-20T10:37:32","guid":{"rendered":""},"modified":"-0001-11-30T00:00:00","modified_gmt":"-0001-11-29T20:00:00","slug":"","status":"publish","type":"post","link":"https:\/\/ucnoqta.az\/?p=52829","title":{"rendered":"Barama Lissabon veb-sammitind\u0259"},"content":{"rendered":"<div>Azercell Telekom MMC-nin Barama \u0130nnovasiya v\u0259 Sahibkarl\u0131q M\u0259rk\u0259zi v\u0259 &ouml;lk\u0259mizin \u0259n u\u011furlu startap\u0131 &ldquo;Technote&rdquo; PA\u015eA Bank\u0131n d\u0259st\u0259yil\u0259 Az\u0259rbaycan\u0131 daha bir beyn\u0259lxalq konfransda t\u0259msil etdi. &Ouml;lk\u0259mizd\u0259n yegan\u0259 n&uuml;may\u0259nd\u0259 olaraq Portuqaliyan\u0131n Lissabon \u015f\u0259h\u0259rind\u0259 ke&ccedil;iril\u0259n veb-sammit\u0259 qat\u0131lan t\u0259msil&ccedil;il\u0259rimiz bu sammit boyu m&uuml;xt\u0259lif t\u0259dbirl\u0259rd\u0259 yax\u0131ndan i\u015ftirak edib, t\u0259cr&uuml;b\u0259 m&uuml;badil\u0259si apar\u0131blar.&nbsp;<\/div>\n<div>&nbsp;<\/div>\n<div>M\u0259lumat &uuml;&ccedil;&uuml;n bildir\u0259k ki, veb-sammit 2009-cu ild\u0259n etibar\u0259n h\u0259r il ke&ccedil;iril\u0259n texnoloji konfransd\u0131r. H\u0259r il bu t\u0259dbir\u0259 n\u0259h\u0259ng \u015firk\u0259tl\u0259rd\u0259n tutmu\u015f \u0130T sah\u0259sind\u0259 &ccedil;al\u0131\u015fan ki&ccedil;ik \u015firk\u0259tl\u0259rin n&uuml;may\u0259nd\u0259l\u0259ri, o c&uuml;ml\u0259d\u0259n \u015firk\u0259t prezidentl\u0259ri, startaplar\u0131n qurucular\u0131, h\u0259m&ccedil;inin qlobal texnologiya v\u0259 \u0259laq\u0259li sah\u0259l\u0259rd\u0259 &ccedil;al\u0131\u015fan m&uuml;xt\u0259lif insanlar qat\u0131l\u0131r. Bu il ke&ccedil;irilmi\u015f t\u0259dbird\u0259 160 &ouml;lk\u0259d\u0259n 60,000-d\u0259k n&uuml;may\u0259nd\u0259 i\u015ftirak etmi\u015fdir. Siyasi sferadan AB\u015e-\u0131n ke&ccedil;mi\u015f vitse-prezidenti Al Qor, R\u0259qab\u0259t m\u0259s\u0259l\u0259l\u0259ri &uuml;zr\u0259 Avropa Birliyinin S\u0259lahiyy\u0259tlisi Marqaret Vestaqer v\u0259 Fransan\u0131n ke&ccedil;mi\u015f prezidenti Fransua Holland t\u0259dbird\u0259 spiker qismind\u0259 qat\u0131l\u0131b. Bu spikerl\u0259rd\u0259n \u0259lav\u0259, texnologiya sah\u0259sinin m\u0259\u015fhur simalar\u0131, o c&uuml;ml\u0259d\u0259n \u0130ntel, Oracle v\u0259 Microsoft \u015firk\u0259tinin prezidentl\u0259ri v\u0259 dig\u0259r \u015firk\u0259t r\u0259hb\u0259rl\u0259ri d\u0259 konfransda i\u015ftirak edib.&nbsp;<\/div>\n<div>&nbsp;<\/div>\n<div>Qeyd ed\u0259k ki,&nbsp; Azercell Telekom MMC-nin Barama \u0130nnovasiya M\u0259rk\u0259zi Az\u0259rbaycanda sahibkarl\u0131\u011fa d\u0259st\u0259k verm\u0259k m\u0259qs\u0259dil\u0259 2009-cu ild\u0259 Azercell \u015firk\u0259ti t\u0259r\u0259find\u0259n yarad\u0131lm\u0131\u015f layih\u0259dir. Barama informasiya texnologiyalar\u0131 sah\u0259sind\u0259 f\u0259aliyy\u0259t g&ouml;st\u0259r\u0259n layih\u0259l\u0259ri v\u0259 yaranmaqda olan \u015firk\u0259tl\u0259ri &ndash; startap-lar\u0131 d\u0259st\u0259kl\u0259y\u0259r\u0259k onlar\u0131n m&uuml;st\u0259qil \u015firk\u0259tl\u0259r kimi f\u0259aliyy\u0259t g&ouml;st\u0259rm\u0259sin\u0259 yard\u0131m edir. \u0130ndiy\u0259 q\u0259d\u0259r Barama m\u0259rk\u0259zi &ouml;lk\u0259mizd\u0259 onlarla layih\u0259 v\u0259 m&uuml;sabiq\u0259nin ger&ccedil;\u0259kl\u0259\u015fm\u0259sin\u0259 \u015f\u0259rait yarad\u0131b.&nbsp;&nbsp;<\/div>\n<div>&nbsp;<\/div>\n<div><strong>Daha \u0259trafl\u0131 m\u0259lumat &uuml;&ccedil;&uuml;n news@mcs.az &uuml;nvan\u0131na m&uuml;raci\u0259t ed\u0259 bil\u0259rsiniz<span style=\"white-space:pre\"> <\/span><\/strong><\/div>\n","protected":false},"excerpt":{"rendered":"<p>Azercell Telekom MMC-nin Barama \u0130nnovasiya v\u0259 Sahibkarl\u0131q M\u0259rk\u0259zi v\u0259 &ouml;lk\u0259mizin \u0259n u\u011furlu startap\u0131 &ldquo;Technote&rdquo; PA\u015eA Bank\u0131n d\u0259st\u0259yil\u0259 Az\u0259rbaycan\u0131 daha bir beyn\u0259lxalq konfransda t\u0259msil etdi. &Ouml;lk\u0259mizd\u0259n yegan\u0259 n&uuml;may\u0259nd\u0259 olaraq Portuqaliyan\u0131n Lissabon&hellip;<\/p>\n","protected":false},"author":1,"featured_media":251278,"comment_status":"open","ping_status":"open","sticky":false,"template":"","format":"standard","meta":{"_lmt_disableupdate":"","_lmt_disable":"","footnotes":""},"categories":[],"tags":[],"class_list":["post-52829","post","type-post","status-publish","format-standard","has-post-thumbnail","hentry"],"_links":{"self":[{"href":"https:\/\/ucnoqta.az\/index.php?rest_route=\/wp\/v2\/posts\/52829","targetHints":{"allow":["GET"]}}],"collection":[{"href":"https:\/\/ucnoqta.az\/index.php?rest_route=\/wp\/v2\/posts"}],"about":[{"href":"https:\/\/ucnoqta.az\/index.php?rest_route=\/wp\/v2\/types\/post"}],"author":[{"embeddable":true,"href":"https:\/\/ucnoqta.az\/index.php?rest_route=\/wp\/v2\/users\/1"}],"replies":[{"embeddable":true,"href":"https:\/\/ucnoqta.az\/index.php?rest_route=%2Fwp%2Fv2%2Fcomments&post=52829"}],"version-history":[{"count":0,"href":"https:\/\/ucnoqta.az\/index.php?rest_route=\/wp\/v2\/posts\/52829\/revisions"}],"wp:featuredmedia":[{"embeddable":true,"href":"https:\/\/ucnoqta.az\/index.php?rest_route=\/wp\/v2\/media\/251278"}],"wp:attachment":[{"href":"https:\/\/ucnoqta.az\/index.php?rest_route=%2Fwp%2Fv2%2Fmedia&parent=52829"}],"wp:term":[{"taxonomy":"category","embeddable":true,"href":"https:\/\/ucnoqta.az\/index.php?rest_route=%2Fwp%2Fv2%2Fcategories&post=52829"},{"taxonomy":"post_tag","embeddable":true,"href":"https:\/\/ucnoqta.az\/index.php?rest_route=%2Fwp%2Fv2%2Ftags&post=52829"}],"curies":[{"name":"wp","href":"https:\/\/api.w.org\/{rel}","templated":true}]}}