{"id":52828,"date":"2017-11-20T14:26:14","date_gmt":"2017-11-20T10:26:14","guid":{"rendered":""},"modified":"-0001-11-30T00:00:00","modified_gmt":"-0001-11-29T20:00:00","slug":"","status":"publish","type":"post","link":"https:\/\/ucnoqta.az\/?p=52828","title":{"rendered":"\u018fli H\u0259s\u0259nov: &#8220;Bu BMT, AT\u018fT v\u0259 Avropa \u015euras\u0131 kimi t\u0259\u015fkilatlar\u0131n obyektivliyin\u0259 v\u0259 prinsipiall\u0131\u011f\u0131na k\u00f6lg\u0259 sal\u0131r&#8221;"},"content":{"rendered":"<p><strong>Prezidentin k&ouml;m\u0259k&ccedil;isi: &quot;A\u0130-nin i\u015f\u011fal&ccedil;\u0131 d&ouml;vl\u0259t\u0259 qar\u015f\u0131 s\u0259rt m&ouml;vqed\u0259n &ccedil;\u0131x\u0131\u015f etm\u0259si bu qurumla Az\u0259rbaycan aras\u0131ndak\u0131 strateji t\u0259r\u0259fda\u015fl\u0131q \u0259laq\u0259l\u0259rini m&ouml;hk\u0259ml\u0259ndir\u0259n n&ouml;vb\u0259ti m&uuml;h&uuml;m faktorlardan biri ola bil\u0259r&rdquo;<\/strong><\/p>\n<p>Noyabr\u0131n 20-d\u0259 Bel&ccedil;ikan\u0131n paytaxt\u0131 Br&uuml;sseld\u0259 Az\u0259rbaycan\u0131n Diasporla \u0130\u015f &uuml;zr\u0259 D&ouml;vl\u0259t Komit\u0259sinin v\u0259 Avropa Az\u0259rbaycanl\u0131lar\u0131 Konqresinin t\u0259\u015fkilati d\u0259st\u0259yi il\u0259 &ldquo;Separatizmin beyn\u0259lxalq s&uuml;lh\u0259 v\u0259 t\u0259hl&uuml;k\u0259sizliy\u0259 yaratd\u0131\u011f\u0131 t\u0259hdidl\u0259r&rdquo; m&ouml;vzusunda beyn\u0259lxalq forum i\u015fin\u0259 ba\u015flay\u0131b.<\/p>\n<p>Ucnoqta.az Trend-\u0259 istinad\u0259n x\u0259b\u0259r verir ki, t\u0259dbird\u0259 Az\u0259rbaycan Prezidentinin ictimai-siyasi m\u0259s\u0259l\u0259l\u0259r &uuml;zr\u0259 k&ouml;m\u0259k&ccedil;isi &ndash; \u015f&ouml;b\u0259 m&uuml;diri \u018fli H\u0259s\u0259nov, Az\u0259rbaycan\u0131n Bel&ccedil;ikadak\u0131 s\u0259firliyinin n&uuml;may\u0259nd\u0259l\u0259ri, Diasporla \u0130\u015f &uuml;zr\u0259 D&ouml;vl\u0259t Komit\u0259si s\u0259dri Nazim \u0130brahimov, Az\u0259rbaycan\u0131n Avropada f\u0259aliyy\u0259t g&ouml;st\u0259r\u0259n diaspor t\u0259\u015fkilatlar\u0131n\u0131n r\u0259hb\u0259rl\u0259ri, h\u0259m&ccedil;inin bir &ccedil;ox n&uuml;fuzlu beyn\u0259lxalq ekspertl\u0259r, siyasi xadiml\u0259r, sabiq &ouml;lk\u0259 prezidentl\u0259ri, ba\u015f nazirl\u0259r v\u0259 parlament s\u0259drl\u0259ri i\u015ftirak edirl\u0259r.<\/p>\n<p>\n\u018f.H\u0259s\u0259nov t\u0259dbird\u0259 &ccedil;\u0131x\u0131\u015f\u0131 zaman\u0131 qeyd edib ki, forum m&uuml;asir d&uuml;nyan\u0131 narahat ed\u0259n &ccedil;ox aktual bir m&ouml;vzuya h\u0259sr olunub: &ldquo;Az\u0259rbaycan h&ouml;kum\u0259ti ad\u0131ndan m&ouml;vzu il\u0259 ba\u011fl\u0131 b\u0259zi fikirl\u0259rimi diqq\u0259tiniz\u0259 &ccedil;atd\u0131rmaq ist\u0259yir\u0259m. Avropa \u0130ttifaq\u0131, \u015eimali Afrika, Orta \u015e\u0259rq v\u0259 C\u0259nub-\u015e\u0259rqi Avropa &ouml;lk\u0259l\u0259rini birl\u0259\u015fdir\u0259n Aral\u0131q d\u0259nizi h&ouml;vz\u0259sind\u0259 beyn\u0259lxalq terrorizmin v\u0259 etnik separatizm kimi t\u0259hl&uuml;k\u0259li meyill\u0259rin do\u011furdu\u011fu b&ouml;hran\u0131n h\u0259lli yollar\u0131n\u0131n axtar\u0131lmas\u0131 il\u0259 ba\u011fl\u0131 m&uuml;zakir\u0259l\u0259rin apar\u0131lmas\u0131 m&uuml;h&uuml;m \u0259h\u0259miyy\u0259t da\u015f\u0131y\u0131r. Qa&ccedil;q\u0131n v\u0259 miqrant probleml\u0259rinin, insan alveri v\u0259 qa&ccedil;aqmal&ccedil;\u0131l\u0131\u011f\u0131n, siyasi v\u0259 iqtisadi sabitliy\u0259, n\u0259qliyyat-enerji t\u0259hl&uuml;k\u0259sizliyin\u0259 qar\u015f\u0131 y&ouml;n\u0259lmi\u015f t\u0259hdidl\u0259rin aradan qald\u0131r\u0131mas\u0131ndak\u0131 &ccedil;\u0259tinlikl\u0259r ham\u0131m\u0131z\u0131 narahat edir. M&uuml;\u015fahid\u0259l\u0259r g&ouml;st\u0259rir ki, bu t\u0259hdidl\u0259rin i&ccedil;\u0259risind\u0259 etnik separatizm v\u0259 onun m\u0259nfi t\u0259zah&uuml;rl\u0259ri x&uuml;susi yer tutur&rdquo;.<\/p>\n<p>Prezidentin k&ouml;m\u0259k&ccedil;isi bildirib ki, m&uuml;asir d&ouml;vrd\u0259 d&uuml;nyada etnik separatizm meyill\u0259rinin g&uuml;cl\u0259nm\u0259si regional v\u0259 beyn\u0259lxalq t\u0259hl&uuml;k\u0259sizliyin t\u0259min olunmas\u0131na, b\u0259\u015f\u0259riyy\u0259tin s&uuml;lh v\u0259 \u0259min-amanl\u0131q \u015f\u0259raitind\u0259 ya\u015famas\u0131na m\u0259nfi t\u0259sir g&ouml;st\u0259r\u0259n m&uuml;h&uuml;m amill\u0259rd\u0259n biridir: &ldquo;Haz\u0131rda d&uuml;nyada 220 milyon n\u0259f\u0259rd\u0259n &ccedil;ox \u0259halini v\u0259 12,7 milyon km&sup2; \u0259razini \u0259hat\u0259 ed\u0259n 50-d\u0259n &ccedil;ox \u0259sas etnik separatizm oca\u011f\u0131 m&ouml;vcuddur. Etnik separatizmin n\u0259tic\u0259sind\u0259 yaranan m&uuml;naqi\u015f\u0259l\u0259rin 20-d\u0259n &ccedil;oxu h\u0259rbi toqqu\u015fmalarla m&uuml;\u015fahid\u0259 olunur. Etnik m&uuml;naqi\u015f\u0259l\u0259rin yay\u0131lma co\u011frafiyas\u0131 dem\u0259k olar ki, d&uuml;nyan\u0131n \u0259ks\u0259r b&ouml;lg\u0259l\u0259rini \u0259hat\u0259 edir. Avropada B&ouml;y&uuml;k Britaniya il\u0259 \u015eimali \u0130rlandiya v\u0259 \u015eotlandiya, Bel&ccedil;ika il\u0259 Flandriya v\u0259 Valloniya, Fransa il\u0259 Paris aqlomerasiyas\u0131 v\u0259 Korsika, \u0130spaniya il\u0259 basklar v\u0259 Kataloniya, Serbiya il\u0259 Kosovo, Asiyada \u0130srail il\u0259 F\u0259l\u0259stin, Hindistan il\u0259 K\u0259\u015fmir v\u0259 P\u0259ncab, &Ccedil;inl\u0259 Tibet, Afrikada Nigeriya il\u0259 \u015eimali Nigeriya, Sudanla C\u0259nubi Sudan, Amerikada Kanada il\u0259 Kvebek, Meksika il\u0259 &Ccedil;yapas v\u0259 s. aras\u0131ndak\u0131 etnik m&uuml;naqi\u015f\u0259l\u0259r uzun ill\u0259rdir davam edir&rdquo;.<\/p>\n<p>\n&nbsp;O \u0259lav\u0259 edib ki, &ldquo;soyuq m&uuml;harib\u0259&rdquo;nin ba\u015fa &ccedil;atmas\u0131ndan sonra ke&ccedil;mi\u015f SSR\u0130 m\u0259kan\u0131nda etnik separatizm meyill\u0259rinin yeni dal\u011fas\u0131 meydana g\u0259ldi. Az\u0259rbaycanda Da\u011fl\u0131q Qaraba\u011f, G&uuml;rc&uuml;standa Abxaziya v\u0259 Osetiya, Moldovada Dnestryan\u0131 m&uuml;naqi\u015f\u0259l\u0259r regionun sabitliyini h\u0259r an poza bil\u0259c\u0259k potensial t\u0259hl&uuml;k\u0259 m\u0259nb\u0259yin\u0259 &ccedil;evrildi. Bu m&uuml;naqi\u015f\u0259l\u0259r beyn\u0259lxalq h&uuml;quq prinsipl\u0259rinin kobud \u015f\u0259kild\u0259 pozulmas\u0131na, d&ouml;vl\u0259tl\u0259rin \u0259razi b&uuml;t&ouml;vl&uuml;y&uuml;n\u0259 v\u0259 suverenliyin\u0259 qar\u015f\u0131 ciddi t\u0259hdidl\u0259rin yaranmas\u0131na g\u0259tirib &ccedil;\u0131xar\u0131r:<\/p>\n<p>&ldquo;Bu g&uuml;n BMT, AT\u018fT v\u0259 Avropa \u015euras\u0131 kimi n&uuml;fuzlu beyn\u0259lxalq t\u0259\u015fkilatlar\u0131n etnik separatizm\u0259 qar\u015f\u0131 q\u0259tiyy\u0259tli m&uuml;bariz\u0259 aparmas\u0131 vacib m\u0259s\u0259l\u0259l\u0259rd\u0259n biridir. \u018fks halda etnik separatizm m\u0259nfi tendensiya kimi d&uuml;nya \u0259razisinin b&ouml;y&uuml;k bir qismini mill\u0259tl\u0259raras\u0131 m&uuml;naqi\u015f\u0259l\u0259r meydan\u0131na &ccedil;evir\u0259 bil\u0259r. T\u0259\u0259ss&uuml;f ki, haz\u0131rda beyn\u0259lxalq m&uuml;nasib\u0259tl\u0259r sistemind\u0259 h&ouml;km s&uuml;r\u0259n &ldquo;ikili standartlar&rdquo; siyas\u0259ti etnik separat&ccedil;\u0131l\u0131\u011fa qar\u015f\u0131 q\u0259tiyy\u0259tli v\u0259 prinsipial \u015f\u0259kild\u0259 m&uuml;bariz\u0259 apar\u0131lmas\u0131na mane&ccedil;ilik t&ouml;r\u0259dir. B\u0259zi hallarda apar\u0131c\u0131 beyn\u0259lxalq t\u0259\u015fkilatlar etnik separat&ccedil;\u0131l\u0131\u011f\u0131n aradan qald\u0131r\u0131lmas\u0131n\u0131 n\u0259z\u0259rd\u0259 tutan, t\u0259sirli m&uuml;bariz\u0259 metodlar\u0131n\u0131 v\u0259 cinay\u0259tkarlar\u0131n c\u0259zaland\u0131r\u0131lmas\u0131 mexanizmini &ouml;z&uuml;nd\u0259 ehtiva ed\u0259n h&uuml;quqi normalara b&uuml;t&uuml;n d&uuml;nya d&ouml;vl\u0259tl\u0259rinin \u0259m\u0259l edib-etm\u0259diyi m\u0259s\u0259l\u0259sin\u0259 bigan\u0259 yana\u015f\u0131rlar. Bu is\u0259 BMT, AT\u018fT v\u0259 Avropa \u015euras\u0131 kimi t\u0259\u015fkilatlar\u0131n obyektivliyin\u0259 v\u0259 prinsipiall\u0131\u011f\u0131na k&ouml;lg\u0259 sal\u0131r&rdquo;.<\/p>\n<p>\n&nbsp;\u018f.H\u0259s\u0259nov qeyd edib ki, Az\u0259rbaycan 1993-c&uuml; ild\u0259n etibar\u0259n Avropa \u0130ttifaq\u0131 il\u0259 m&uuml;nasib\u0259tl\u0259rd\u0259 maraql\u0131 oldu\u011funu b\u0259yan edib v\u0259 bu qurumla m&uuml;xt\u0259lif sah\u0259l\u0259rd\u0259 \u0259laq\u0259l\u0259r qurma\u011fa ba\u015flay\u0131b: &ldquo;Qon\u015fuluq siyas\u0259ti&rdquo; v\u0259 &ldquo;\u015e\u0259rq t\u0259r\u0259fda\u015fl\u0131\u011f\u0131&rdquo; proqramlar\u0131 &ccedil;\u0259r&ccedil;iv\u0259sind\u0259, o c&uuml;ml\u0259d\u0259n v\u0259t\u0259nda\u015f c\u0259miyy\u0259ti quruculu\u011fu prosesind\u0259 Az\u0259rbaycan\u0131n g&ouml;rd&uuml;y&uuml; i\u015fl\u0259r A\u0130 t\u0259r\u0259find\u0259n y&uuml;ks\u0259k qiym\u0259tl\u0259ndirilib. C\u0259nubi Qafqaz v\u0259 X\u0259z\u0259r-Qara d\u0259niz h&ouml;vz\u0259sinin regional t\u0259hl&uuml;k\u0259sizliyi il\u0259 ba\u011fl\u0131 Az\u0259rbaycanla A\u0130-nin geosiyasi maraqlar\u0131 &uuml;st-&uuml;st\u0259 d&uuml;\u015f&uuml;r v\u0259 bu qurumu t\u0259msil ed\u0259n b&ouml;y&uuml;k transmilli korporasiyalar b&ouml;lg\u0259d\u0259 h\u0259yata ke&ccedil;iril\u0259n transmilli layih\u0259l\u0259rd\u0259 yax\u0131ndan i\u015ftirak edirl\u0259r&rdquo;.<\/p>\n<p>Prezidentin k&ouml;m\u0259k&ccedil;isi deyib ki, Bak\u0131-Tbilisi-Ceyhan, Bak\u0131-Tbilisi-\u018frzurum neft v\u0259 qaz k\u0259m\u0259rl\u0259ri, o c&uuml;ml\u0259d\u0259n Bak\u0131-Tbilisi-Qars d\u0259mir yolu kimi transmilli enerji-n\u0259qliyyat layih\u0259l\u0259rinin h\u0259yata ke&ccedil;irilm\u0259si Az\u0259rbaycanla A\u0130 aras\u0131ndak\u0131 strateji t\u0259r\u0259fda\u015fl\u0131\u011f\u0131n say\u0259sind\u0259 m&uuml;mk&uuml;n olub: &ldquo;Az\u0259rbaycan\u0131n X\u0259z\u0259r h&ouml;vz\u0259sinin enerji resurslar\u0131n\u0131n birg\u0259 istismar\u0131 v\u0259 alternativ transmilli layih\u0259l\u0259r vasit\u0259sil\u0259 Avropa bazarlar\u0131na ixrac\u0131 sah\u0259sind\u0259 apard\u0131\u011f\u0131 siyas\u0259t, \u015e\u0259rq-Q\u0259rb v\u0259 \u015eimal-C\u0259nub n\u0259qliyyat d\u0259hlizl\u0259ri &ccedil;\u0259r&ccedil;iv\u0259sind\u0259 &ccedil;oxsayl\u0131 tranzit sisteml\u0259rin m&uuml;asir t\u0259l\u0259bl\u0259r\u0259 uy\u011fun yenid\u0259n qurulmas\u0131 A\u0130 t\u0259r\u0259find\u0259n d\u0259st\u0259kl\u0259n\u0131r&rdquo;.<\/p>\n<p>\n&nbsp;\u018f.H\u0259s\u0259nov bildirib ki, 2007-ci ild\u0259 A\u0130 il\u0259 Az\u0259rbaycan aras\u0131nda imzalanm\u0131\u015f t\u0259r\u0259fda\u015fl\u0131q m&uuml;qavil\u0259si &ldquo;C\u0259nub Qaz D\u0259hlizi&rdquo;nin icras\u0131 istiqam\u0259tind\u0259 m&uuml;h&uuml;m add\u0131mlardan biri olub: &ldquo;Az\u0259rbaycan\u0131n t\u0259\u015f\u0259bb&uuml;s&uuml; il\u0259 h\u0259yata ke&ccedil;iril\u0259n Trans-Anadolu qaz k\u0259m\u0259ri v\u0259 Trans-Adriatik qaz boru K\u0259m\u0259ri kimi layih\u0259l\u0259r A\u0130-nin laz\u0131mi d\u0259st\u0259yini qazan\u0131b v\u0259 Avropa Komissiyas\u0131n\u0131n ortaq maraqlara xidm\u0259t ed\u0259n prioritet enerji t\u0259hl&uuml;k\u0259sizliyi layih\u0259l\u0259ri s\u0131ras\u0131na daxil edilib. X\u0259z\u0259r h&ouml;vz\u0259si v\u0259 Orta \u015e\u0259rqin z\u0259ngin enerji ehtiyatlar\u0131n\u0131 Avropa bazarlar\u0131na &ccedil;atd\u0131rma\u011f\u0131 n\u0259z\u0259rd\u0259 tutan &quot;C\u0259nub Qaz D\u0259hlizi&quot; layih\u0259si il\u0259 ba\u011fl\u0131 Az\u0259rbaycan\u0131n g&ouml;rd&uuml;y&uuml; i\u015fl\u0259r A\u0130 t\u0259r\u0259find\u0259n y&uuml;ks\u0259k qiym\u0259tl\u0259ndirilir&rdquo;.<\/p>\n<p>O \u0259lav\u0259 edib ki, Az\u0259rbaycan yaln\u0131z A\u0130-nin enerji t\u0259minat\u0131 v\u0259 t\u0259hl&uuml;k\u0259sizliyi bax\u0131m\u0131ndan, habel\u0259 &quot;Qon\u015fuluq siyas\u0259ti&rdquo;nin \u0259sas t\u0259r\u0259fda\u015flar\u0131ndan biri kimi deyil, h\u0259m&ccedil;inin d&uuml;nyan\u0131n m&uuml;xt\u0259lif b&ouml;lg\u0259l\u0259rind\u0259 &#8211; \u018ffqan\u0131standa, \u0130raqda, Balkanlarda v\u0259 s. h\u0259yata ke&ccedil;irdiyi s&uuml;lhyaratma prosesl\u0259rind\u0259 birba\u015fa i\u015ftirak\u0131, NATO-nun qeyri-h\u0259rbi ehtiyatlarla t\u0259chizat\u0131, t\u0259hl&uuml;k\u0259siz hava d\u0259hlizinin t\u0259qdim olunmas\u0131 istiqam\u0259tind\u0259 f\u0259aliyy\u0259ti il\u0259 Q\u0259rbin etibarl\u0131 t\u0259r\u0259fda\u015f\u0131 hesab olunur:<\/p>\n<p>&ldquo;Haz\u0131rda A\u0130 il\u0259 Az\u0259rbaycan aras\u0131nda yeni sazi\u015f &uuml;zr\u0259 dan\u0131\u015f\u0131qlar prosesi davam edir. \u0130nan\u0131ram ki, bu s\u0259n\u0259din imzalanmas\u0131 t\u0259r\u0259fl\u0259r aras\u0131nda siyasi dialoq, insan h&uuml;quqlar\u0131, ticar\u0259t, investisiya, iqtisadi, qanunverici, m\u0259d\u0259ni v\u0259 dig\u0259r sah\u0259l\u0259rd\u0259 geni\u015fmiqyasl\u0131 \u0259m\u0259kda\u015fl\u0131\u011f\u0131n m&ouml;hk\u0259ml\u0259nm\u0259si &uuml;&ccedil;&uuml;n \u0259lveri\u015fli imkanlar yaradacaq.<\/p>\n<p>T\u0259\u0259ss&uuml;f ki, Erm\u0259nistan-Az\u0259rbaycan, Da\u011fl\u0131q Qaraba\u011f m&uuml;naqi\u015f\u0259si kimi h\u0259l\u0259 d\u0259 h\u0259llini tapmam\u0131\u015f probleml\u0259r Az\u0259rbaycan\u0131n A\u0130 il\u0259 y&uuml;ks\u0259k s\u0259viyy\u0259d\u0259 t\u0259r\u0259fda\u015fl\u0131q m&uuml;nasib\u0259tl\u0259rinin inki\u015faf etm\u0259sin\u0259 mane&ccedil;ilik t&ouml;r\u0259dir. M&uuml;naqi\u015f\u0259 il\u0259 ba\u011fl\u0131 BMT-nin, o c&uuml;ml\u0259d\u0259n A\u0130-nin m&uuml;vafiq q\u0259tnam\u0259l\u0259rinin t\u0259l\u0259bl\u0259rin\u0259 baxmayaq, Erm\u0259nistan Az\u0259rbaycana qar\u015f\u0131 i\u015f\u011fal&ccedil;\u0131l\u0131q siyas\u0259tini davam etdirir. Hesab edir\u0259m ki, A\u0130-nin i\u015f\u011fal&ccedil;\u0131 d&ouml;vl\u0259t\u0259 qar\u015f\u0131 s\u0259rt m&ouml;vqed\u0259n &ccedil;\u0131x\u0131\u015f etm\u0259si bu qurumla Az\u0259rbaycan aras\u0131ndak\u0131 strateji t\u0259r\u0259fda\u015fl\u0131q \u0259laq\u0259l\u0259rini m&ouml;hk\u0259ml\u0259ndir\u0259n n&ouml;vb\u0259ti m&uuml;h&uuml;m faktorlardan biri ola bil\u0259r&rdquo;.<\/p>\n<p>T\u0259dbird\u0259 &ouml;lk\u0259l\u0259rin \u0259razi b&uuml;t&ouml;vl&uuml;y&uuml;n&uuml;n regional v\u0259 qlobal s\u0259viyy\u0259d\u0259 pozulmas\u0131 hallar\u0131, separatizm n\u0259tic\u0259sind\u0259 yaranm\u0131\u015f m&uuml;naqi\u015f\u0259l\u0259rin v\u0259 separat&ccedil;\u0131 meyill\u0259rin aradan qald\u0131r\u0131lmas\u0131 yollar\u0131 m&uuml;zakir\u0259 olunur.<\/p>\n","protected":false},"excerpt":{"rendered":"<p>Prezidentin k&ouml;m\u0259k&ccedil;isi: &quot;A\u0130-nin i\u015f\u011fal&ccedil;\u0131 d&ouml;vl\u0259t\u0259 qar\u015f\u0131 s\u0259rt m&ouml;vqed\u0259n &ccedil;\u0131x\u0131\u015f etm\u0259si bu qurumla Az\u0259rbaycan aras\u0131ndak\u0131 strateji t\u0259r\u0259fda\u015fl\u0131q \u0259laq\u0259l\u0259rini m&ouml;hk\u0259ml\u0259ndir\u0259n n&ouml;vb\u0259ti m&uuml;h&uuml;m faktorlardan biri ola bil\u0259r&rdquo; Noyabr\u0131n 20-d\u0259 Bel&ccedil;ikan\u0131n paytaxt\u0131 Br&uuml;sseld\u0259 Az\u0259rbaycan\u0131n&hellip;<\/p>\n","protected":false},"author":1,"featured_media":251278,"comment_status":"open","ping_status":"open","sticky":false,"template":"","format":"standard","meta":{"_lmt_disableupdate":"","_lmt_disable":"","footnotes":""},"categories":[],"tags":[],"class_list":["post-52828","post","type-post","status-publish","format-standard","has-post-thumbnail","hentry"],"_links":{"self":[{"href":"https:\/\/ucnoqta.az\/index.php?rest_route=\/wp\/v2\/posts\/52828","targetHints":{"allow":["GET"]}}],"collection":[{"href":"https:\/\/ucnoqta.az\/index.php?rest_route=\/wp\/v2\/posts"}],"about":[{"href":"https:\/\/ucnoqta.az\/index.php?rest_route=\/wp\/v2\/types\/post"}],"author":[{"embeddable":true,"href":"https:\/\/ucnoqta.az\/index.php?rest_route=\/wp\/v2\/users\/1"}],"replies":[{"embeddable":true,"href":"https:\/\/ucnoqta.az\/index.php?rest_route=%2Fwp%2Fv2%2Fcomments&post=52828"}],"version-history":[{"count":0,"href":"https:\/\/ucnoqta.az\/index.php?rest_route=\/wp\/v2\/posts\/52828\/revisions"}],"wp:featuredmedia":[{"embeddable":true,"href":"https:\/\/ucnoqta.az\/index.php?rest_route=\/wp\/v2\/media\/251278"}],"wp:attachment":[{"href":"https:\/\/ucnoqta.az\/index.php?rest_route=%2Fwp%2Fv2%2Fmedia&parent=52828"}],"wp:term":[{"taxonomy":"category","embeddable":true,"href":"https:\/\/ucnoqta.az\/index.php?rest_route=%2Fwp%2Fv2%2Fcategories&post=52828"},{"taxonomy":"post_tag","embeddable":true,"href":"https:\/\/ucnoqta.az\/index.php?rest_route=%2Fwp%2Fv2%2Ftags&post=52828"}],"curies":[{"name":"wp","href":"https:\/\/api.w.org\/{rel}","templated":true}]}}