{"id":52825,"date":"2017-11-20T14:13:24","date_gmt":"2017-11-20T10:13:24","guid":{"rendered":""},"modified":"-0001-11-30T00:00:00","modified_gmt":"-0001-11-29T20:00:00","slug":"","status":"publish","type":"post","link":"https:\/\/ucnoqta.az\/?p=52825","title":{"rendered":"Bahar Muradova: <font color=red><b>&#8220;Da\u011fl\u0131q Qaraba\u011f m\u0259s\u0259l\u0259si \u0259traf\u0131ndak\u0131 dan\u0131\u015f\u0131qlar m\u00fctl\u0259q intensivl\u0259\u015fm\u0259lidir&#8221;<\/b><\/font>"},"content":{"rendered":"<p><strong>Az\u0259rbaycan h\u0259r zaman oldu\u011fu kimi yen\u0259 d\u0259 substantiv dan\u0131\u015f\u0131qlarda maraql\u0131d\u0131r v\u0259 n\u0259tic\u0259l\u0259r\u0259 \u0259saslanm\u0131\u015f dan\u0131\u015f\u0131qlar\u0131n ke&ccedil;irilm\u0259sini vacib hesab edir. Az\u0259rbaycan\u0131n bu m&ouml;vqeyi vasit\u0259&ccedil;il\u0259r t\u0259r\u0259find\u0259n n\u0259z\u0259r\u0259 al\u0131nmal\u0131d\u0131r.<\/strong><\/p>\n<p>Bunu Milli M\u0259clisin vitse-spikeri Bahar Muradova deyib.<\/p>\n<p>O, son zamanlar Erm\u0259nistan-Az\u0259rbaycan, Da\u011fl\u0131q Qaraba\u011f m&uuml;naqi\u015f\u0259si \u0259traf\u0131nda artan intensiv f\u0259alla\u015fman\u0131 m&uuml;sb\u0259t d\u0259y\u0259rl\u0259ndirdiyini bildirib: &quot;&Ccedil;&uuml;nki m&uuml;\u0259yy\u0259n s\u0259b\u0259bl\u0259r n\u0259tic\u0259sind\u0259 bir m&uuml;dd\u0259t dan\u0131\u015f\u0131qlar s\u0259ngimi\u015fdi. Perspektivl\u0259r\u0259 inam qalmam\u0131\u015fd\u0131. Bir-birinin ard\u0131nca d&uuml;nyan\u0131 silk\u0259l\u0259y\u0259n hadis\u0259l\u0259r ba\u015f verir. Bel\u0259 bir m\u0259qamda Da\u011fl\u0131q Qaraba\u011f m\u0259s\u0259l\u0259si \u0259traf\u0131ndak\u0131 dan\u0131\u015f\u0131qlar m&uuml;tl\u0259q intensivl\u0259\u015fm\u0259li v\u0259 d\u0259yi\u015f\u0259n m&uuml;hit n\u0259z\u0259r\u0259 al\u0131nmal\u0131d\u0131r. Beyn\u0259lxalq al\u0259min bu g&uuml;n\u0259 q\u0259d\u0259r Qaraba\u011f m\u0259s\u0259l\u0259sin\u0259 f\u0259rqli m&ouml;vqeyin\u0259 g&ouml;r\u0259, Az\u0259rbaycan t\u0259r\u0259fi bu m\u0259s\u0259l\u0259d\u0259 daha ciddi \u015f\u0259kild\u0259 m&ouml;vqe ortaya qoyma\u011fa v\u0259 vasit\u0259&ccedil;ilik missiyas\u0131n\u0131 h\u0259yata ke&ccedil;ir\u0259n &ouml;lk\u0259l\u0259rd\u0259n daha dinamik, \u015f\u0259rait\u0259 uy\u011fun add\u0131mlar atma\u011fa vadar ed\u0259n t\u0259l\u0259bl\u0259r ir\u0259li s&uuml;rm\u0259kd\u0259 haql\u0131d\u0131r. Dan\u0131\u015f\u0131qlar\u0131n m\u0259zmununa bu v\u0259ziyy\u0259t t\u0259sir g&ouml;st\u0259rm\u0259lidir. O ki qald\u0131 Lavrovun Az\u0259rbaycana s\u0259f\u0259rin\u0259, hesab edir\u0259m ki, bu s\u0259f\u0259rd\u0259n as\u0131l\u0131 olaraq g\u0259l\u0259c\u0259kd\u0259 y&uuml;ks\u0259k s\u0259viyy\u0259li g&ouml;r&uuml;\u015fl\u0259r ke&ccedil;irm\u0259k, g&ouml;r&uuml;\u015fm\u0259m\u0259kd\u0259n, dan\u0131\u015fmamaqdan, bir-birind\u0259n qa&ccedil;maqdansa, g&ouml;r&uuml;\u015f&uuml;b dan\u0131\u015fmaq daha m\u0259qs\u0259d\u0259 uy\u011fundur&quot;.trend<\/p>\n","protected":false},"excerpt":{"rendered":"<p>Az\u0259rbaycan h\u0259r zaman oldu\u011fu kimi yen\u0259 d\u0259 substantiv dan\u0131\u015f\u0131qlarda maraql\u0131d\u0131r v\u0259 n\u0259tic\u0259l\u0259r\u0259 \u0259saslanm\u0131\u015f dan\u0131\u015f\u0131qlar\u0131n ke&ccedil;irilm\u0259sini vacib hesab edir. Az\u0259rbaycan\u0131n bu m&ouml;vqeyi vasit\u0259&ccedil;il\u0259r t\u0259r\u0259find\u0259n n\u0259z\u0259r\u0259 al\u0131nmal\u0131d\u0131r. Bunu Milli M\u0259clisin vitse-spikeri Bahar&hellip;<\/p>\n","protected":false},"author":1,"featured_media":251278,"comment_status":"open","ping_status":"open","sticky":false,"template":"","format":"standard","meta":{"_lmt_disableupdate":"","_lmt_disable":"","footnotes":""},"categories":[86],"tags":[],"class_list":["post-52825","post","type-post","status-publish","format-standard","has-post-thumbnail","hentry","category-siyaset"],"_links":{"self":[{"href":"https:\/\/ucnoqta.az\/index.php?rest_route=\/wp\/v2\/posts\/52825","targetHints":{"allow":["GET"]}}],"collection":[{"href":"https:\/\/ucnoqta.az\/index.php?rest_route=\/wp\/v2\/posts"}],"about":[{"href":"https:\/\/ucnoqta.az\/index.php?rest_route=\/wp\/v2\/types\/post"}],"author":[{"embeddable":true,"href":"https:\/\/ucnoqta.az\/index.php?rest_route=\/wp\/v2\/users\/1"}],"replies":[{"embeddable":true,"href":"https:\/\/ucnoqta.az\/index.php?rest_route=%2Fwp%2Fv2%2Fcomments&post=52825"}],"version-history":[{"count":0,"href":"https:\/\/ucnoqta.az\/index.php?rest_route=\/wp\/v2\/posts\/52825\/revisions"}],"wp:featuredmedia":[{"embeddable":true,"href":"https:\/\/ucnoqta.az\/index.php?rest_route=\/wp\/v2\/media\/251278"}],"wp:attachment":[{"href":"https:\/\/ucnoqta.az\/index.php?rest_route=%2Fwp%2Fv2%2Fmedia&parent=52825"}],"wp:term":[{"taxonomy":"category","embeddable":true,"href":"https:\/\/ucnoqta.az\/index.php?rest_route=%2Fwp%2Fv2%2Fcategories&post=52825"},{"taxonomy":"post_tag","embeddable":true,"href":"https:\/\/ucnoqta.az\/index.php?rest_route=%2Fwp%2Fv2%2Ftags&post=52825"}],"curies":[{"name":"wp","href":"https:\/\/api.w.org\/{rel}","templated":true}]}}