{"id":52822,"date":"2017-11-20T13:59:31","date_gmt":"2017-11-20T09:59:31","guid":{"rendered":""},"modified":"-0001-11-30T00:00:00","modified_gmt":"-0001-11-29T20:00:00","slug":"","status":"publish","type":"post","link":"https:\/\/ucnoqta.az\/?p=52822","title":{"rendered":"Rusiya X\u0130N ba\u015f\u00e7\u0131s\u0131: &#8220;Az\u0259rbaycan \u0259razil\u0259rinin azad edilm\u0259si il\u0259 ba\u011fl\u0131 BMT T\u0259hl\u00fck\u0259sizlik \u015euras\u0131n\u0131n q\u0259tnam\u0259l\u0259ri m\u00fczakir\u0259 olunur&#8221;"},"content":{"rendered":"<p>&quot;Az\u0259rbaycan \u0259razil\u0259rinin azad edilm\u0259si il\u0259 ba\u011fl\u0131 BMT T\u0259hl&uuml;k\u0259sizlik \u015euras\u0131n\u0131n q\u0259tnam\u0259l\u0259ri m&uuml;zakir\u0259 olunur. Bu s\u0259n\u0259dl\u0259rd\u0259 bir s\u0131ra paraqraflar var ki, he&ccedil; vaxt \u015f&uuml;bh\u0259 do\u011furmay\u0131b. Lakin b\u0259zi m\u0259s\u0259l\u0259l\u0259r var ki, m&uuml;\u0259yy\u0259n s\u0259yl\u0259r t\u0259l\u0259b edir&quot;. Ucnoqta.az APA-ya istinad\u0259n x\u0259b\u0259r verir ki, bunu Rusiyan\u0131n xarici i\u015fl\u0259r naziri Sergey Lavrov Bak\u0131da Az\u0259rbaycan X\u0130N ba\u015f&ccedil;\u0131s\u0131 Elmar M\u0259mm\u0259dyarovla g&ouml;r&uuml;\u015fd\u0259n sonra ke&ccedil;iril\u0259n m\u0259tbuat konfrans\u0131nda deyib.<br \/>\nS. Lavrov qeyd edib ki, Minsk qrupu yarad\u0131landan sonra Az\u0259rbaycan \u0259razil\u0259rinin azad olunmas\u0131 v\u0259 Da\u011fl\u0131q Qaraba\u011f\u0131n son statusunun m&uuml;\u0259yy\u0259n edilm\u0259si il\u0259 ba\u011fl\u0131 dan\u0131\u015f\u0131qlar onun s\u0259lahiyy\u0259tin\u0259 ke&ccedil;ib.<br \/>\n&quot;M&uuml;naqi\u015f\u0259 bu dan\u0131\u015f\u0131qlar &ccedil;\u0259r&ccedil;iv\u0259sind\u0259 s&uuml;lh yolu il\u0259 h\u0259ll olunmal\u0131d\u0131r&quot;, &#8211; dey\u0259 rusiyal\u0131 nazir bildirib.<\/p>\n<p>&nbsp;<\/p>\n","protected":false},"excerpt":{"rendered":"<p>&quot;Az\u0259rbaycan \u0259razil\u0259rinin azad edilm\u0259si il\u0259 ba\u011fl\u0131 BMT T\u0259hl&uuml;k\u0259sizlik \u015euras\u0131n\u0131n q\u0259tnam\u0259l\u0259ri m&uuml;zakir\u0259 olunur. Bu s\u0259n\u0259dl\u0259rd\u0259 bir s\u0131ra paraqraflar var ki, he&ccedil; vaxt \u015f&uuml;bh\u0259 do\u011furmay\u0131b. Lakin b\u0259zi m\u0259s\u0259l\u0259l\u0259r var ki, m&uuml;\u0259yy\u0259n s\u0259yl\u0259r&hellip;<\/p>\n","protected":false},"author":1,"featured_media":251278,"comment_status":"open","ping_status":"open","sticky":false,"template":"","format":"standard","meta":{"_lmt_disableupdate":"","_lmt_disable":"","footnotes":""},"categories":[],"tags":[],"class_list":["post-52822","post","type-post","status-publish","format-standard","has-post-thumbnail","hentry"],"_links":{"self":[{"href":"https:\/\/ucnoqta.az\/index.php?rest_route=\/wp\/v2\/posts\/52822","targetHints":{"allow":["GET"]}}],"collection":[{"href":"https:\/\/ucnoqta.az\/index.php?rest_route=\/wp\/v2\/posts"}],"about":[{"href":"https:\/\/ucnoqta.az\/index.php?rest_route=\/wp\/v2\/types\/post"}],"author":[{"embeddable":true,"href":"https:\/\/ucnoqta.az\/index.php?rest_route=\/wp\/v2\/users\/1"}],"replies":[{"embeddable":true,"href":"https:\/\/ucnoqta.az\/index.php?rest_route=%2Fwp%2Fv2%2Fcomments&post=52822"}],"version-history":[{"count":0,"href":"https:\/\/ucnoqta.az\/index.php?rest_route=\/wp\/v2\/posts\/52822\/revisions"}],"wp:featuredmedia":[{"embeddable":true,"href":"https:\/\/ucnoqta.az\/index.php?rest_route=\/wp\/v2\/media\/251278"}],"wp:attachment":[{"href":"https:\/\/ucnoqta.az\/index.php?rest_route=%2Fwp%2Fv2%2Fmedia&parent=52822"}],"wp:term":[{"taxonomy":"category","embeddable":true,"href":"https:\/\/ucnoqta.az\/index.php?rest_route=%2Fwp%2Fv2%2Fcategories&post=52822"},{"taxonomy":"post_tag","embeddable":true,"href":"https:\/\/ucnoqta.az\/index.php?rest_route=%2Fwp%2Fv2%2Ftags&post=52822"}],"curies":[{"name":"wp","href":"https:\/\/api.w.org\/{rel}","templated":true}]}}