{"id":52821,"date":"2017-11-20T13:54:14","date_gmt":"2017-11-20T09:54:14","guid":{"rendered":""},"modified":"-0001-11-30T00:00:00","modified_gmt":"-0001-11-29T20:00:00","slug":"","status":"publish","type":"post","link":"https:\/\/ucnoqta.az\/?p=52821","title":{"rendered":"Br\u00fcsseld\u0259 Qaraba\u011f forumu: Az\u0259rbaycan haqq davas\u0131n\u0131 d\u00fcnyaya yay\u0131r &#8211; <font color=red><b>FOTOLAR<\/b><\/font>"},"content":{"rendered":"<p><strong>&quot;Separatizmin beyn\u0259lxalq s&uuml;lh\u0259 v\u0259 t\u0259hl&uuml;k\u0259sizliy\u0259 yaratd\u0131\u011f\u0131 t\u0259hdidl\u0259r&quot; m&ouml;vzusunda beyn\u0259lxalq Forumun a&ccedil;\u0131l\u0131\u015f m\u0259rasimini Az\u0259rbaycan Prezidentinin \u0130ctimai-siyasi m\u0259s\u0259l\u0259l\u0259r &uuml;zr\u0259 k&ouml;m\u0259k&ccedil;isi \u018fli H\u0259s\u0259nov h\u0259yata ke&ccedil;irib<\/strong><\/p>\n<p>Bu g&uuml;n Bel&ccedil;ika krall\u0131\u011f\u0131n\u0131n paytaxt\u0131 Br&uuml;sseld\u0259 Az\u0259rbaycan d&ouml;vl\u0259tinin t\u0259\u015f\u0259bb&uuml;s&uuml; il\u0259 beyn\u0259lxalq forum ke&ccedil;irilir. Ucnoqta.az x\u0259b\u0259r verir ki, bu bar\u0259d\u0259 musavat.com-a Forumun i\u015find\u0259 i\u015ftirak ed\u0259n &quot;Yeni M&uuml;savat&quot; Media Qrupunun r\u0259hb\u0259ri Rauf Arifo\u011flu m\u0259lumat verib.<\/p>\n<p>O deyib ki, forum &quot;Separatizmin beyn\u0259lxalq s&uuml;lh\u0259 v\u0259 t\u0259hl&uuml;k\u0259sizliy\u0259 yaratd\u0131\u011f\u0131 t\u0259hdidl\u0259r&quot; adlan\u0131r. Forumun statusu beyn\u0259lxalq statusdad\u0131r. Forumun i\u015find\u0259 d&uuml;nyaca tan\u0131nan &uuml;nl&uuml; siyas\u0259t&ccedil;il\u0259r, d&ouml;vl\u0259t v\u0259 ictimai xadiml\u0259r, b&ouml;y&uuml;k media qurulu\u015flar\u0131n\u0131n t\u0259msil&ccedil;il\u0259ri, m&uuml;xt\u0259lif &ouml;lk\u0259l\u0259rd\u0259 ya\u015fayan v\u0259 f\u0259aliyy\u0259t g&ouml;st\u0259r\u0259n diaspor r\u0259hb\u0259rl\u0259ri, Bak\u0131dan g\u0259l\u0259n d&ouml;vl\u0259t v\u0259 ictimaiyy\u0259t t\u0259msil&ccedil;il\u0259ri var:<\/p>\n<p>&quot;\u018fslind\u0259 bu, m&ouml;ht\u0259\u015f\u0259m Qaraba\u011f Forumudur. Avropan\u0131n paytaxt\u0131 say\u0131lan Br&uuml;sseld\u0259 bel\u0259 bir t\u0259dbir d&uuml;z\u0259nl\u0259m\u0259k, oraya d&uuml;nyan\u0131n h\u0259r yerind\u0259n n&uuml;may\u0259nd\u0259 toplamaq v\u0259 bir &ccedil;ox tan\u0131nm\u0131\u015f simalar\u0131 bu Forumda i\u015ftirak&ccedil;\u0131 etm\u0259k Az\u0259rbaycan\u0131n b&ouml;y&uuml;k u\u011furudur. \u018fn m&uuml;xt\u0259lif &ouml;lk\u0259l\u0259rd\u0259n g\u0259l\u0259n diaspor f\u0259allar\u0131m\u0131z bu Forumdan b&ouml;y&uuml;k ruh v\u0259 kurs alacaqlar, buna \u0259min\u0259m. Az\u0259rbaycan Prezident Administrasiyas\u0131n\u0131n \u015f&ouml;b\u0259 m&uuml;d&uuml;ri, prezident \u0130lham \u018fliyevin k&ouml;m\u0259k&ccedil;isi \u018fli H\u0259s\u0259novun, Diasporla \u0130\u015f &uuml;zr\u0259 D&ouml;vl\u0259t Komit\u0259sinin r\u0259hb\u0259ri Nazim \u0130brahimovun, dig\u0259r d&ouml;vl\u0259t yetkilil\u0259rinin qat\u0131ld\u0131qlar\u0131 v\u0259 r\u0259hb\u0259rlik etdikl\u0259ri Forum d&uuml;nyaya, dost -d&uuml;\u015fm\u0259nl\u0259rimiz\u0259 v\u0259 Az\u0259rbaycan\u0131n Avropadak\u0131, dig\u0259r &ouml;lk\u0259l\u0259rd\u0259ki g&uuml;c&uuml; olan diasporam\u0131za ciddi mesajd\u0131r. Forum Br&uuml;sselin tam q\u0259lbind\u0259, &quot;Marriott&quot; hoteld\u0259 ke&ccedil;irilir. M\u0259n m&uuml;\u015fahid\u0259 etdim ki, Forumun t\u0259hl&uuml;k\u0259sizliyi Br&uuml;ssel t\u0259r\u0259find\u0259n y&uuml;ks\u0259k s\u0259viyy\u0259d\u0259 t\u0259min edilib. Bak\u0131da bel\u0259 s\u0259hn\u0259l\u0259r\u0259 al\u0131\u015fmam\u0131\u015f\u0131q, lakin Br&uuml;sseld\u0259 bizim otelin &ccedil;evr\u0259sini silahl\u0131 \u0259sg\u0259rl\u0259rin qorumas\u0131 olduqca maraql\u0131 g&ouml;r&uuml;n&uuml;rd&uuml;&quot;.<br \/>\nForum i\u015fin\u0259 Bak\u0131 vaxt\u0131 il\u0259 saat 1-d\u0259 start verib.<\/p>\n<p>&quot;Separatizmin beyn\u0259lxalq s&uuml;lh\u0259 v\u0259 t\u0259hl&uuml;k\u0259sizliy\u0259 yaratd\u0131\u011f\u0131 t\u0259hdidl\u0259r&quot; m&ouml;vzusunda beyn\u0259lxalq Forumun a&ccedil;\u0131l\u0131\u015f m\u0259rasimini Az\u0259rbaycan Prezidentinin \u0130ctimai-siyasi m\u0259s\u0259l\u0259l\u0259r &uuml;zr\u0259 k&ouml;m\u0259k&ccedil;isi \u018fli H\u0259s\u0259nov h\u0259yata ke&ccedil;irib.<\/p>\n<p>Proqrama g&ouml;r\u0259 I Panelin iclas\u0131 &quot;Yeni d&uuml;nya d&uuml;z\u0259nind\u0259 separatizm dal\u011fas\u0131. Problemi nec\u0259 h\u0259ll etm\u0259li? Separatizm\u0259 m\u0259ruz qalm\u0131\u015f &ouml;lk\u0259l\u0259rin t\u0259cr&uuml;b\u0259si&quot; adlan\u0131r.<\/p>\n<p>\u0130clas\u0131n moderatoru Francis Martin O&rsquo;Donnelldir. Musavat.com bildirir ki, o, Beyn\u0259lxalq v\u0259 Avropa M\u0259s\u0259l\u0259l\u0259ri &uuml;zr\u0259 \u0130rlandiya \u0130nstitutunun n&uuml;may\u0259nd\u0259si, BMT-nin Ukraynada rezident \u0259laq\u0259l\u0259ndiricisi, s\u0259fir olub(2004-2009).<\/p>\n<p>Spikerl\u0259r d\u0259 olduqca maraql\u0131 simalard\u0131r:<\/p>\n<p>Viktor Yu\u015fenko, Ukraynan\u0131n Prezidenti (2005-2010);<\/p>\n<p>Dalia Itzik, \u0130srail d&ouml;vl\u0259tinin Prezidenti (2007) v\u0259 \u0130srail parlamentinin spikeri (2006);<\/p>\n<p>Dumitru Bragi\u015f, Moldova Respublikas\u0131n\u0131n Ba\u015f naziri (1999-2001);<\/p>\n<p>Hasan Muratovi&ccedil;, Bosniya v\u0259 Herseqovinan\u0131n ba\u015f naziri (1996-1997);<\/p>\n<p>Hannu Takkula, Avropa M&uuml;hafiz\u0259karlar v\u0259 \u0130slahat&ccedil;\u0131lar Alyans\u0131n\u0131n &uuml;zv&uuml;;<\/p>\n<p>Jes&uacute;s L&oacute;pez-Medel B&aacute;scones, \u0130spaniyan\u0131n d&ouml;vl\u0259t v\u0259kili, sabiq deputat, H&uuml;quq v\u0259 Qanunvericilik Royal Akademiyas\u0131n\u0131n &uuml;zv&uuml;;<\/p>\n<p>Robert \u0130latov, \u0130srail Parlamentinin &uuml;zv&uuml;, \u0130srail-Az\u0259rbaycan parlamentl\u0259raras\u0131 \u0259laq\u0259l\u0259r &uuml;zr\u0259 dostluq qrupunun r\u0259hb\u0259ri;<\/p>\n<p>Antje Herrberg, &ldquo;Beyn\u0259lxalq Vasit\u0259&ccedil;ilik v\u0259 dialoq &uuml;zr\u0259 Avropa Forumu&rdquo;nun (MediatEUr) t\u0259sis&ccedil;isi v\u0259 ba\u015f icra&ccedil;\u0131 direktoru.<\/p>\n<p>&nbsp;<\/p>\n","protected":false},"excerpt":{"rendered":"<p>&quot;Separatizmin beyn\u0259lxalq s&uuml;lh\u0259 v\u0259 t\u0259hl&uuml;k\u0259sizliy\u0259 yaratd\u0131\u011f\u0131 t\u0259hdidl\u0259r&quot; m&ouml;vzusunda beyn\u0259lxalq Forumun a&ccedil;\u0131l\u0131\u015f m\u0259rasimini Az\u0259rbaycan Prezidentinin \u0130ctimai-siyasi m\u0259s\u0259l\u0259l\u0259r &uuml;zr\u0259 k&ouml;m\u0259k&ccedil;isi \u018fli H\u0259s\u0259nov h\u0259yata ke&ccedil;irib Bu g&uuml;n Bel&ccedil;ika krall\u0131\u011f\u0131n\u0131n paytaxt\u0131 Br&uuml;sseld\u0259 Az\u0259rbaycan d&ouml;vl\u0259tinin&hellip;<\/p>\n","protected":false},"author":1,"featured_media":251278,"comment_status":"open","ping_status":"open","sticky":false,"template":"","format":"standard","meta":{"_lmt_disableupdate":"","_lmt_disable":"","footnotes":""},"categories":[],"tags":[],"class_list":["post-52821","post","type-post","status-publish","format-standard","has-post-thumbnail","hentry"],"_links":{"self":[{"href":"https:\/\/ucnoqta.az\/index.php?rest_route=\/wp\/v2\/posts\/52821","targetHints":{"allow":["GET"]}}],"collection":[{"href":"https:\/\/ucnoqta.az\/index.php?rest_route=\/wp\/v2\/posts"}],"about":[{"href":"https:\/\/ucnoqta.az\/index.php?rest_route=\/wp\/v2\/types\/post"}],"author":[{"embeddable":true,"href":"https:\/\/ucnoqta.az\/index.php?rest_route=\/wp\/v2\/users\/1"}],"replies":[{"embeddable":true,"href":"https:\/\/ucnoqta.az\/index.php?rest_route=%2Fwp%2Fv2%2Fcomments&post=52821"}],"version-history":[{"count":0,"href":"https:\/\/ucnoqta.az\/index.php?rest_route=\/wp\/v2\/posts\/52821\/revisions"}],"wp:featuredmedia":[{"embeddable":true,"href":"https:\/\/ucnoqta.az\/index.php?rest_route=\/wp\/v2\/media\/251278"}],"wp:attachment":[{"href":"https:\/\/ucnoqta.az\/index.php?rest_route=%2Fwp%2Fv2%2Fmedia&parent=52821"}],"wp:term":[{"taxonomy":"category","embeddable":true,"href":"https:\/\/ucnoqta.az\/index.php?rest_route=%2Fwp%2Fv2%2Fcategories&post=52821"},{"taxonomy":"post_tag","embeddable":true,"href":"https:\/\/ucnoqta.az\/index.php?rest_route=%2Fwp%2Fv2%2Ftags&post=52821"}],"curies":[{"name":"wp","href":"https:\/\/api.w.org\/{rel}","templated":true}]}}