{"id":52811,"date":"2017-11-20T13:03:23","date_gmt":"2017-11-20T09:03:23","guid":{"rendered":""},"modified":"-0001-11-30T00:00:00","modified_gmt":"-0001-11-29T20:00:00","slug":"","status":"publish","type":"post","link":"https:\/\/ucnoqta.az\/?p=52811","title":{"rendered":"<font color=red><b>X\u018fB\u018fRDARLIQ<\/b><\/font>: hava \u015f\u0259raiti d\u0259yi\u015f\u0259c\u0259k"},"content":{"rendered":"<p><strong>Havan\u0131n temperaturu &ouml;t\u0259n g&uuml;nl\u0259rl\u0259 m&uuml;qayis\u0259d\u0259 5-7 d\u0259r\u0259c\u0259 a\u015fa\u011f\u0131 en\u0259c\u0259k.<\/strong><\/p>\n<p>Ekologiya v\u0259 T\u0259bii S\u0259rv\u0259tl\u0259r Nazirliyinin Milli Hidrometeorologiya Departamenti hava \u015f\u0259raitinin d\u0259yi\u015f\u0259c\u0259yi il\u0259 ba\u011fl\u0131 x\u0259b\u0259rdarl\u0131q edib. ETSN-d\u0259n Ucnoqta.az-a veril\u0259n m\u0259lumata g&ouml;r\u0259 Bak\u0131da v\u0259 Ab\u015feron yar\u0131madas\u0131nda noyabr\u0131n 22-si g&uuml;n \u0259rzind\u0259 \u015fimal-q\u0259rb k&uuml;l\u0259yinin g&uuml;cl\u0259n\u0259c\u0259yi, ax\u015fam ya\u011f\u0131\u015f ya\u011faca\u011f\u0131 g&ouml;zl\u0259nilir. Havan\u0131n temperaturu &ouml;t\u0259n g&uuml;nl\u0259rl\u0259 m&uuml;qayis\u0259d\u0259 5-7 d\u0259r\u0259c\u0259 a\u015fa\u011f\u0131 en\u0259c\u0259k.<br \/>\nAz\u0259rbaycan\u0131n rayonlar\u0131nda noyabr\u0131n 22-si q\u0259rb rayonlar\u0131ndan&nbsp; ba\u015flayaraq noyabr\u0131n 24-d\u0259k hava \u015f\u0259raitinin qeyri-sabit ke&ccedil;\u0259c\u0259yi, arabir ya\u011f\u0131\u015f ya\u011faca\u011f\u0131, b\u0259zi yerl\u0259rd\u0259 intensiv olaca\u011f\u0131, \u015fim\u015f\u0259k &ccedil;axaca\u011f\u0131, da\u011fl\u0131q v\u0259 da\u011f\u0259t\u0259yi rayonlarda sulu qar, qar ya\u011faca\u011f\u0131 g&ouml;zl\u0259nilir. Q\u0259rb k&uuml;l\u0259yi \u0259s\u0259c\u0259k, noyabr\u0131n 22-d\u0259 ayr\u0131-ayr\u0131 yerl\u0259rd\u0259 arabir g&uuml;cl\u0259n\u0259c\u0259k. Havan\u0131n temperaturu &ouml;t\u0259n g&uuml;nl\u0259rl\u0259 m&uuml;qayis\u0259d\u0259 t\u0259dric\u0259n 4-7 d\u0259r\u0259c\u0259 a\u015fa\u011f\u0131 en\u0259c\u0259k.<\/p>\n","protected":false},"excerpt":{"rendered":"<p>Havan\u0131n temperaturu &ouml;t\u0259n g&uuml;nl\u0259rl\u0259 m&uuml;qayis\u0259d\u0259 5-7 d\u0259r\u0259c\u0259 a\u015fa\u011f\u0131 en\u0259c\u0259k. Ekologiya v\u0259 T\u0259bii S\u0259rv\u0259tl\u0259r Nazirliyinin Milli Hidrometeorologiya Departamenti hava \u015f\u0259raitinin d\u0259yi\u015f\u0259c\u0259yi il\u0259 ba\u011fl\u0131 x\u0259b\u0259rdarl\u0131q edib. ETSN-d\u0259n Ucnoqta.az-a veril\u0259n m\u0259lumata g&ouml;r\u0259 Bak\u0131da&hellip;<\/p>\n","protected":false},"author":1,"featured_media":251278,"comment_status":"open","ping_status":"open","sticky":false,"template":"","format":"standard","meta":{"_lmt_disableupdate":"","_lmt_disable":"","footnotes":""},"categories":[91],"tags":[],"class_list":["post-52811","post","type-post","status-publish","format-standard","has-post-thumbnail","hentry","category-olkeici"],"_links":{"self":[{"href":"https:\/\/ucnoqta.az\/index.php?rest_route=\/wp\/v2\/posts\/52811","targetHints":{"allow":["GET"]}}],"collection":[{"href":"https:\/\/ucnoqta.az\/index.php?rest_route=\/wp\/v2\/posts"}],"about":[{"href":"https:\/\/ucnoqta.az\/index.php?rest_route=\/wp\/v2\/types\/post"}],"author":[{"embeddable":true,"href":"https:\/\/ucnoqta.az\/index.php?rest_route=\/wp\/v2\/users\/1"}],"replies":[{"embeddable":true,"href":"https:\/\/ucnoqta.az\/index.php?rest_route=%2Fwp%2Fv2%2Fcomments&post=52811"}],"version-history":[{"count":0,"href":"https:\/\/ucnoqta.az\/index.php?rest_route=\/wp\/v2\/posts\/52811\/revisions"}],"wp:featuredmedia":[{"embeddable":true,"href":"https:\/\/ucnoqta.az\/index.php?rest_route=\/wp\/v2\/media\/251278"}],"wp:attachment":[{"href":"https:\/\/ucnoqta.az\/index.php?rest_route=%2Fwp%2Fv2%2Fmedia&parent=52811"}],"wp:term":[{"taxonomy":"category","embeddable":true,"href":"https:\/\/ucnoqta.az\/index.php?rest_route=%2Fwp%2Fv2%2Fcategories&post=52811"},{"taxonomy":"post_tag","embeddable":true,"href":"https:\/\/ucnoqta.az\/index.php?rest_route=%2Fwp%2Fv2%2Ftags&post=52811"}],"curies":[{"name":"wp","href":"https:\/\/api.w.org\/{rel}","templated":true}]}}