{"id":52809,"date":"2017-11-20T12:46:48","date_gmt":"2017-11-20T08:46:48","guid":{"rendered":""},"modified":"-0001-11-30T00:00:00","modified_gmt":"-0001-11-29T20:00:00","slug":"","status":"publish","type":"post","link":"https:\/\/ucnoqta.az\/?p=52809","title":{"rendered":"Allah\u015f\u00fck\u00fcr Pa\u015fazad\u0259 Rusiyaya gedir"},"content":{"rendered":"<p><strong>S\u0259f\u0259r &ccedil;\u0259r&ccedil;iv\u0259sind\u0259 Az\u0259rbaycan n&uuml;may\u0259nd\u0259 hey\u0259tinin Sankt-Peterburq \u015f\u0259h\u0259rinin r\u0259hb\u0259rliyi, tan\u0131nm\u0131\u015f ictimai-siyasi, elm v\u0259 din xadiml\u0259ri il\u0259 y&uuml;ks\u0259k s\u0259viyy\u0259li g&ouml;r&uuml;\u015fl\u0259ri n\u0259z\u0259rd\u0259 tutulur<\/strong><\/p>\n<p>Qafqaz M&uuml;s\u0259lmanlar\u0131 \u0130dar\u0259sinin (QM\u0130) s\u0259dri \u015eeyx&uuml;lislam Allah\u015f&uuml;k&uuml;r Pa\u015fazad\u0259 noyabr\u0131n 22-d\u0259 Rusiya Federasiyas\u0131na s\u0259f\u0259r\u0259 yola d&uuml;\u015f&uuml;r. QM\u0130-nin M\u0259tbuat xidm\u0259tind\u0259n Ucnoqta.az-a veril\u0259n m\u0259lumata g&ouml;r\u0259, s\u0259f\u0259rd\u0259 m\u0259qs\u0259d noyabr\u0131n 23-d\u0259 Rusiya Federasiyas\u0131n\u0131n Sankt-Peterburq \u015f\u0259h\u0259rind\u0259 Az\u0259rbaycan\u0131n Dini Qurumlarla i\u015f &uuml;zr\u0259 D&ouml;vl\u0259t Komit\u0259si, Qafqaz M&uuml;s\u0259lmanlar\u0131 \u0130dar\u0259si, Sankt-Peterburq D&ouml;vl\u0259t Universiteti, Sankt-Peterburq v\u0259 Rusiyan\u0131n \u015eimali-Q\u0259rb regionu &uuml;zr\u0259 Ruhani \u0130dar\u0259sinin birlikd\u0259 t\u0259\u015fkil etdiyi &quot;Rusiya-Az\u0259rbaycan: s&uuml;lh, t\u0259hl&uuml;k\u0259sizlik v\u0259 \u0259m\u0259kda\u015fl\u0131q namin\u0259 konfessiyalararas\u0131 dialoq v\u0259 islam h\u0259mr\u0259yliyi&quot; m&ouml;vzusunda konfransda i\u015ftirak etm\u0259kdir.<\/p>\n<p>Az\u0259rbaycan Prezidenti \u0130lham \u018fliyevin elan etdiyi \u0130slam H\u0259mr\u0259yliyi Ili &ccedil;\u0259r&ccedil;iv\u0259sind\u0259 Bak\u0131da, \u015eimali Qafqazda, Finlandiyada, \u0130randa, T&uuml;rkiy\u0259d\u0259, &Ouml;zb\u0259kistanda v\u0259 \u0130spaniyada ke&ccedil;irilmi\u015f beyn\u0259lxalq t\u0259dbirl\u0259rin ard\u0131nca Sankt-Peterburqda ba\u015f tutacaq konfransda Az\u0259rbaycan\u0131n Milli M\u0259clis &uuml;zvl\u0259ri, AMEA-n\u0131n \u0130nstitut r\u0259hb\u0259rl\u0259ri, &ouml;lk\u0259mizin tan\u0131nm\u0131\u015f elm v\u0259 din xadiml\u0259rind\u0259n ibar\u0259t geni\u015f n&uuml;may\u0259nd\u0259 hey\u0259tinin i\u015ftirak\u0131 n\u0259z\u0259rd\u0259 tutulur.<\/p>\n<p>Az\u0259rbaycan-Rusiya m\u0259n\u0259vi \u0259laq\u0259l\u0259rinin inki\u015faf\u0131 &uuml;&ccedil;&uuml;n \u0259h\u0259miyy\u0259t k\u0259sb ed\u0259n beyn\u0259lxalq t\u0259dbird\u0259 Az\u0259rbaycan\u0131 QM\u0130 s\u0259dri il\u0259 b\u0259rab\u0259r, \u0259n\u0259n\u0259vi dini konfessiyalar\u0131n ba\u015f&ccedil;\u0131lar\u0131 &#8211; Rus Pravoslav Kils\u0259sinin Bak\u0131 v\u0259 Az\u0259rbaycan Yeparxiyas\u0131n\u0131n Arxiyepiskopu Aleksandr \u0130\u015fein, Da\u011f y\u0259hudil\u0259ri icmas\u0131n\u0131n ba\u015f&ccedil;\u0131s\u0131 Melih Yevdayev v\u0259 Bak\u0131dak\u0131 Katolik icmas\u0131n\u0131n ordinarisi Vladimir Fekete t\u0259msil ed\u0259c\u0259kl\u0259r.<\/p>\n<p>S\u0259f\u0259r &ccedil;\u0259r&ccedil;iv\u0259sind\u0259 Az\u0259rbaycan n&uuml;may\u0259nd\u0259 hey\u0259tinin Sankt-Peterburq \u015f\u0259h\u0259rinin r\u0259hb\u0259rliyi, tan\u0131nm\u0131\u015f ictimai-siyasi, elm v\u0259 din xadiml\u0259ri il\u0259 y&uuml;ks\u0259k s\u0259viyy\u0259li g&ouml;r&uuml;\u015fl\u0259ri n\u0259z\u0259rd\u0259 tutulur.<\/p>\n","protected":false},"excerpt":{"rendered":"<p>S\u0259f\u0259r &ccedil;\u0259r&ccedil;iv\u0259sind\u0259 Az\u0259rbaycan n&uuml;may\u0259nd\u0259 hey\u0259tinin Sankt-Peterburq \u015f\u0259h\u0259rinin r\u0259hb\u0259rliyi, tan\u0131nm\u0131\u015f ictimai-siyasi, elm v\u0259 din xadiml\u0259ri il\u0259 y&uuml;ks\u0259k s\u0259viyy\u0259li g&ouml;r&uuml;\u015fl\u0259ri n\u0259z\u0259rd\u0259 tutulur Qafqaz M&uuml;s\u0259lmanlar\u0131 \u0130dar\u0259sinin (QM\u0130) s\u0259dri \u015eeyx&uuml;lislam Allah\u015f&uuml;k&uuml;r Pa\u015fazad\u0259 noyabr\u0131n 22-d\u0259&hellip;<\/p>\n","protected":false},"author":1,"featured_media":251278,"comment_status":"open","ping_status":"open","sticky":false,"template":"","format":"standard","meta":{"_lmt_disableupdate":"","_lmt_disable":"","footnotes":""},"categories":[],"tags":[],"class_list":["post-52809","post","type-post","status-publish","format-standard","has-post-thumbnail","hentry"],"_links":{"self":[{"href":"https:\/\/ucnoqta.az\/index.php?rest_route=\/wp\/v2\/posts\/52809","targetHints":{"allow":["GET"]}}],"collection":[{"href":"https:\/\/ucnoqta.az\/index.php?rest_route=\/wp\/v2\/posts"}],"about":[{"href":"https:\/\/ucnoqta.az\/index.php?rest_route=\/wp\/v2\/types\/post"}],"author":[{"embeddable":true,"href":"https:\/\/ucnoqta.az\/index.php?rest_route=\/wp\/v2\/users\/1"}],"replies":[{"embeddable":true,"href":"https:\/\/ucnoqta.az\/index.php?rest_route=%2Fwp%2Fv2%2Fcomments&post=52809"}],"version-history":[{"count":0,"href":"https:\/\/ucnoqta.az\/index.php?rest_route=\/wp\/v2\/posts\/52809\/revisions"}],"wp:featuredmedia":[{"embeddable":true,"href":"https:\/\/ucnoqta.az\/index.php?rest_route=\/wp\/v2\/media\/251278"}],"wp:attachment":[{"href":"https:\/\/ucnoqta.az\/index.php?rest_route=%2Fwp%2Fv2%2Fmedia&parent=52809"}],"wp:term":[{"taxonomy":"category","embeddable":true,"href":"https:\/\/ucnoqta.az\/index.php?rest_route=%2Fwp%2Fv2%2Fcategories&post=52809"},{"taxonomy":"post_tag","embeddable":true,"href":"https:\/\/ucnoqta.az\/index.php?rest_route=%2Fwp%2Fv2%2Ftags&post=52809"}],"curies":[{"name":"wp","href":"https:\/\/api.w.org\/{rel}","templated":true}]}}