{"id":52801,"date":"2017-11-20T12:18:08","date_gmt":"2017-11-20T08:18:08","guid":{"rendered":""},"modified":"-0001-11-30T00:00:00","modified_gmt":"-0001-11-29T20:00:00","slug":"","status":"publish","type":"post","link":"https:\/\/ucnoqta.az\/?p=52801","title":{"rendered":"M\u015e s\u0259dri Hindistanda ke\u00e7iril\u0259n beyn\u0259lxaq toplant\u0131da i\u015ftirak edib"},"content":{"rendered":"<p><strong>Az\u0259rbaycan M\u0259tbuat \u015euras\u0131n\u0131n s\u0259dri, Milli M\u0259clisin deputat\u0131 \u018fflatun Ama\u015fov D&uuml;nya M\u0259tbuat \u015euralar\u0131 Assosiasiyas\u0131n\u0131n Hindistanda ke&ccedil;irilmi\u015f illik toplant\u0131s\u0131nda i\u015ftirak edib.<\/strong><\/p>\n<p>\nM\u0259tbuat \u015euras\u0131ndan Ucnoqta.az-a veril\u0259n m\u0259lumata g&ouml;r\u0259, toplant\u0131da &ouml;nc\u0259 t\u0259\u015fkilata &uuml;zv &ouml;lk\u0259l\u0259rin &ouml;t\u0259n m&uuml;dd\u0259td\u0259 g&ouml;rd&uuml;kl\u0259ri i\u015fl\u0259r\u0259 dair hesabat\u0131 dinl\u0259nilib. \u018f.Ama\u015fov &ccedil;\u0131x\u0131\u015f\u0131nda r\u0259hb\u0259rlik etdiyi qurumun f\u0259aliyy\u0259t istiqam\u0259tl\u0259ri bar\u0259d\u0259 m\u0259lumat verib. O bildirib ki, ba\u015fl\u0131ca missiyas\u0131 c\u0259miyy\u0259tin m&uuml;xt\u0259lif t\u0259b\u0259q\u0259l\u0259rinin k&uuml;tl\u0259vi informasiya vasit\u0259l\u0259rind\u0259n \u015fikay\u0259tl\u0259rinin ara\u015fd\u0131r\u0131lmas\u0131, q\u0259rar v\u0259 r\u0259yl\u0259rin &ccedil;\u0131xar\u0131lmas\u0131 olan Az\u0259rbaycan M\u0259tbuat \u015euras\u0131n\u0131n t\u0259dbirl\u0259ri ictimai q\u0131na\u011fa \u0259saslan\u0131r. Bu, median\u0131n &ouml;z&uuml;n&uuml;t\u0259nziml\u0259m\u0259sinin mahiyy\u0259tind\u0259n ir\u0259li g\u0259l\u0259n missiyad\u0131r v\u0259 kifay\u0259t q\u0259d\u0259r effektiv n\u0259tic\u0259l\u0259r verir.&nbsp;<\/p>\n<p>\u018f.Ama\u015fov &ccedil;\u0131x\u0131\u015f\u0131nda m&ouml;vcud x&uuml;susdak\u0131 bir s\u0131ra statistik g&ouml;st\u0259ricil\u0259r\u0259 d\u0259 diqq\u0259t &ccedil;\u0259kib. \u015eura s\u0259dri h\u0259m&ccedil;inin vur\u011fulay\u0131b ki, media m\u0259kan\u0131 dinamikdir, m\u0259tbuat \u015furalar\u0131 artan t\u0259l\u0259batlar\u0131 qar\u015f\u0131lamaq, o c&uuml;ml\u0259d\u0259n s&ouml;z v\u0259 ifad\u0259 azadl\u0131\u011f\u0131 il\u0259 ba\u011fl\u0131 tendensiyalar\u0131 daim diqq\u0259td\u0259 saxlamaq &uuml;&ccedil;&uuml;n &ouml;zl\u0259rinin \u0259n\u0259n\u0259vi i\u015f prinsipl\u0259rini t\u0259kmill\u0259\u015fdirm\u0259lidirl\u0259r.&nbsp;<\/p>\n<p>&laquo;B\u0259z\u0259n el\u0259 situasiyalar yaran\u0131r ki, onlara reaksiya verilm\u0259si m&uuml;tl\u0259qdir. Bel\u0259 hallarda m\u0259tbuat \u015furalar\u0131 &uuml;&ccedil;&uuml;n yana\u015fma n\u0259d\u0259n ibar\u0259t olmal\u0131d\u0131r? M\u0259s\u0259l\u0259n, s&ouml;z v\u0259 ifad\u0259 azadl\u0131\u011f\u0131 il\u0259 ba\u011fl\u0131 spekulyasiyalar. D&uuml;\u015f&uuml;n&uuml;r\u0259m ki, m&ouml;vzu aktuall\u0131\u011f\u0131n\u0131 saxlay\u0131r. X&uuml;sus\u0259n yeni median\u0131n t\u0259\u015f\u0259kk&uuml;l tapd\u0131\u011f\u0131, informasiya payla\u015f\u0131m\u0131 &uuml;&ccedil;&uuml;n m&uuml;nbit z\u0259minin formala\u015fd\u0131\u011f\u0131 indiki d&ouml;n\u0259md\u0259 media azadl\u0131\u011f\u0131n\u0131n ayr\u0131-ayr\u0131 c\u0259miyy\u0259t &uuml;zvl\u0259rinin m\u0259nafel\u0259rin\u0259 t\u0259siri daha &ccedil;ox m&uuml;zakir\u0259 edilm\u0259lidir. T\u0259bii, median\u0131n pe\u015f\u0259karl\u0131q meyarlar\u0131 d\u0259yi\u015fm\u0259zdir, sabitdir. Ancaq real v\u0259ziyy\u0259t bundan ibar\u0259tdir ki, internet m\u0259kanda ba\u015f ver\u0259n qeyri-pe\u015f\u0259karl\u0131\u011f\u0131n daha &ccedil;ox h&uuml;quqi m&uuml;st\u0259vid\u0259 m&uuml;zakir\u0259sinin vacibliyi m\u0259s\u0259l\u0259si &ouml;n\u0259 &ccedil;\u0131x\u0131r. &Ccedil;&uuml;nki media b\u0259z\u0259n c\u0259miyy\u0259td\u0259ki bel\u0259 des\u0259k, azadl\u0131q balans\u0131n\u0131 &ouml;z xeyrin\u0259 d\u0259yi\u015fir. Bel\u0259 bir durumda inzibati m&uuml;daxil\u0259 &uuml;&ccedil;&uuml;n haql\u0131 \u0259sas yaran\u0131r. Hesab edir\u0259m ki, m\u0259tbuat \u015furalar\u0131 i\u015fl\u0259rini el\u0259 \u015f\u0259kild\u0259 qurmal\u0131d\u0131rlar v\u0259 el\u0259 mexanizml\u0259r i\u015fl\u0259nm\u0259lidir ki, bu m&uuml;daxil\u0259y\u0259 ehtiyac qalmas\u0131n&raquo;., &#8211; dey\u0259 \u018f.Ama\u015fov fikrin\u0259 ayd\u0131nl\u0131q g\u0259tirib.&nbsp;<\/p>\n<p>Ox\u015far m&ouml;vzu illik toplant\u0131 &ccedil;\u0259r&ccedil;iv\u0259sind\u0259 ke&ccedil;irilmi\u015f &laquo;D&uuml;nyada qlobal d\u0259yi\u015fiklikl\u0259r v\u0259 median\u0131n m\u0259suliyy\u0259ti&raquo; m&ouml;vzusundak\u0131 &laquo;d\u0259yirmi masa&raquo;da da m&uuml;zakir\u0259 olunub. &laquo;D\u0259yirmi masa&raquo;da eyni zamanda m&uuml;xt\u0259lif siyasi prosesl\u0259rin mediaya t\u0259siri, pe\u015f\u0259karl\u0131qla ba\u011fl\u0131 yeni standartlar da m&uuml;zakir\u0259 m&ouml;vzusuna &ccedil;evrilib. \u018f.Ama\u015fov toplant\u0131dak\u0131 &ccedil;\u0131x\u0131\u015f\u0131nda Az\u0259rbaycan medias\u0131n\u0131n v\u0259ziyy\u0259ti bar\u0259d\u0259 m\u0259lumat verib, d&uuml;nyada ikili standartlar\u0131n m&ouml;vcudlu\u011fu \u015f\u0259raitind\u0259 median\u0131n &uuml;mummilli maraqlara yana\u015fmas\u0131 il\u0259 ba\u011fl\u0131 m\u0259s\u0259l\u0259l\u0259rd\u0259n s&ouml;z a&ccedil;\u0131b.<\/p>\n<p>\u018f.Ama\u015fov h\u0259m&ccedil;inin Hindistanda Milli M\u0259tbuat G&uuml;n&uuml; il\u0259 \u0259laq\u0259dar t\u0259\u015fkil olnunan bayram t\u0259dbirin\u0259 d\u0259 qatilib. Hindistan jurnalistl\u0259rini az\u0259rbaycanl\u0131 h\u0259mkarlar\u0131 ad\u0131ndan t\u0259brik ed\u0259n M\u015e s\u0259dri Hindistandak\u0131 eyni adl\u0131 qurumun r\u0259hb\u0259rin\u0259 simvolik h\u0259diyy\u0259 kimi hind tacirl\u0259rinin Bak\u0131da tikdirdikl\u0259ri At\u0259\u015fgah m\u0259b\u0259dinin maketini t\u0259qdim edib.&nbsp;<\/p>\n","protected":false},"excerpt":{"rendered":"<p>Az\u0259rbaycan M\u0259tbuat \u015euras\u0131n\u0131n s\u0259dri, Milli M\u0259clisin deputat\u0131 \u018fflatun Ama\u015fov D&uuml;nya M\u0259tbuat \u015euralar\u0131 Assosiasiyas\u0131n\u0131n Hindistanda ke&ccedil;irilmi\u015f illik toplant\u0131s\u0131nda i\u015ftirak edib. M\u0259tbuat \u015euras\u0131ndan Ucnoqta.az-a veril\u0259n m\u0259lumata g&ouml;r\u0259, toplant\u0131da &ouml;nc\u0259 t\u0259\u015fkilata &uuml;zv &ouml;lk\u0259l\u0259rin&hellip;<\/p>\n","protected":false},"author":1,"featured_media":251278,"comment_status":"open","ping_status":"open","sticky":false,"template":"","format":"standard","meta":{"_lmt_disableupdate":"","_lmt_disable":"","footnotes":""},"categories":[96],"tags":[],"class_list":["post-52801","post","type-post","status-publish","format-standard","has-post-thumbnail","hentry","category-media-butun-xeberler"],"_links":{"self":[{"href":"https:\/\/ucnoqta.az\/index.php?rest_route=\/wp\/v2\/posts\/52801","targetHints":{"allow":["GET"]}}],"collection":[{"href":"https:\/\/ucnoqta.az\/index.php?rest_route=\/wp\/v2\/posts"}],"about":[{"href":"https:\/\/ucnoqta.az\/index.php?rest_route=\/wp\/v2\/types\/post"}],"author":[{"embeddable":true,"href":"https:\/\/ucnoqta.az\/index.php?rest_route=\/wp\/v2\/users\/1"}],"replies":[{"embeddable":true,"href":"https:\/\/ucnoqta.az\/index.php?rest_route=%2Fwp%2Fv2%2Fcomments&post=52801"}],"version-history":[{"count":0,"href":"https:\/\/ucnoqta.az\/index.php?rest_route=\/wp\/v2\/posts\/52801\/revisions"}],"wp:featuredmedia":[{"embeddable":true,"href":"https:\/\/ucnoqta.az\/index.php?rest_route=\/wp\/v2\/media\/251278"}],"wp:attachment":[{"href":"https:\/\/ucnoqta.az\/index.php?rest_route=%2Fwp%2Fv2%2Fmedia&parent=52801"}],"wp:term":[{"taxonomy":"category","embeddable":true,"href":"https:\/\/ucnoqta.az\/index.php?rest_route=%2Fwp%2Fv2%2Fcategories&post=52801"},{"taxonomy":"post_tag","embeddable":true,"href":"https:\/\/ucnoqta.az\/index.php?rest_route=%2Fwp%2Fv2%2Ftags&post=52801"}],"curies":[{"name":"wp","href":"https:\/\/api.w.org\/{rel}","templated":true}]}}