{"id":52800,"date":"2017-11-20T11:18:56","date_gmt":"2017-11-20T07:18:56","guid":{"rendered":""},"modified":"-0001-11-30T00:00:00","modified_gmt":"-0001-11-29T20:00:00","slug":"","status":"publish","type":"post","link":"https:\/\/ucnoqta.az\/?p=52800","title":{"rendered":"\u201cQuska\u201d m\u0259nd\u0259n \u00fczr ist\u0259yib \u2014 <font color=red><b>Hac\u0131 \u0130brahim Nehr\u0259mlid\u0259n A\u00c7IQLAMALAR<\/b><\/font>"},"content":{"rendered":"<p><strong>&ldquo;Avesta&rdquo; \u015firk\u0259tinin prezidenti, tan\u0131nm\u0131\u015f i\u015f adam\u0131 Hac\u0131 \u0130brahim Nehr\u0259mli (\u0130brahim \u0130brahimov) Almaniyada m&uuml;hacir\u0259td\u0259 olan &ldquo;Quska&rdquo; l\u0259q\u0259bli ke&ccedil;mi\u015f deputat H&uuml;seyn Abdullayevin r\u0259hb\u0259rlik etdiyi silahl\u0131 d\u0259st\u0259 &uuml;zvl\u0259ri t\u0259r\u0259find\u0259n avtomat at\u0259\u015fin\u0259 tutulmas\u0131 x\u0259b\u0259rl\u0259rin\u0259 m&uuml;nasib\u0259t bildirib.<\/strong><\/p>\n<p>&nbsp;<\/p>\n<p><strong>Ucnoqta.az<\/strong> x\u0259b\u0259r verir ki, Hac\u0131 \u0130brahim Nehr\u0259mli &ldquo;&Ouml;lk\u0259.Az&rdquo;a a&ccedil;\u0131qlamas\u0131nda deyib ki, onun ofisinin silahla at\u0259\u015f\u0259 tutulmas\u0131 bar\u0259d\u0259 yay\u0131lan x\u0259b\u0259rl\u0259r yaland\u0131r:&nbsp;<\/p>\n<p>&ldquo;B&uuml;t&uuml;n bunlar yalan s&ouml;hb\u0259tdir. &ldquo;Quska&rdquo; m\u0259ni v\u0259 ofisimi he&ccedil; zaman silahla at\u0259\u015f\u0259 tutmay\u0131b. Sad\u0259c\u0259 olaraq, 1995-ci il dekabr\u0131n 10-da H&uuml;seyn Abdullayevin 20 n\u0259f\u0259r adam\u0131 ofisim\u0259 g\u0259lib, m\u0259ni axtar\u0131blar. O vaxt\u0131 m\u0259n indiki \u018fdliyy\u0259 Nazirliyinin binas\u0131nda otururdum. H\u0259min vaxt\u0131 bazar g&uuml;n&uuml; oldu\u011fu &uuml;&ccedil;&uuml;n, m\u0259n i\u015f\u0259 &ccedil;\u0131xmam\u0131\u015fd\u0131m. Sonradan m\u0259n\u0259 z\u0259ng etmi\u015fdil\u0259r. M\u0259n n\u0259 &uuml;&ccedil;&uuml;n g\u0259ldikl\u0259rinin s\u0259b\u0259bini soru\u015fanda dedil\u0259r ki, guya Ukraynadan d\u0259mir g\u0259tirir\u0259m v\u0259 sair\u0259. Onlara dedim ki, m\u0259n he&ccedil; bir d\u0259mir i\u015fi il\u0259 m\u0259\u015f\u011ful deyil\u0259m. Siz s\u0259hv &uuml;nvana g\u0259lmisiniz. Bundan sonra &ldquo;Quska&rdquo; m\u0259nd\u0259n &uuml;zr ist\u0259di v\u0259 m\u0259s\u0259l\u0259 bitdi. Daha he&ccedil; bir silahl\u0131 at\u0131\u015fma v\u0259 sair\u0259 olmay\u0131b&rdquo;.&nbsp;<\/p>\n<p>H&uuml;seyn Abdullayevin Ukraynadan d\u0259mir da\u015f\u0131nmas\u0131 m\u0259s\u0259l\u0259si il\u0259 ba\u011fl\u0131 onunla \u0259laq\u0259 saxlad\u0131\u011f\u0131n\u0131 vur\u011fulayan \u0130brahim Neh\u0259rmli qeyd edib ki, qarda\u015f\u0131 Nazim \u0130brahimovun h\u0259min \u0259r\u0259f\u0259d\u0259 Ukraynada s\u0259fir olmas\u0131n\u0131n bununla he&ccedil; bir \u0259laq\u0259si olmay\u0131b:<\/p>\n<p>&ldquo;Bu hadis\u0259 1995-ci ilin dekabr\u0131nda ba\u015f verib. H\u0259min vaxt\u0131 is\u0259 Nazim \u0130brahimov Ukraynada s\u0259fir deyildi. Sad\u0259c\u0259 olaraq H&uuml;seyn Abdullayevin adamlar\u0131 d&uuml;\u015f&uuml;n&uuml;rd&uuml;l\u0259r ki, m\u0259n d\u0259mir g\u0259tirilm\u0259si i\u015fin\u0259 bax\u0131ram. M\u0259n d\u0259 onlara bu i\u015fl\u0259 he&ccedil; bir \u0259laq\u0259min olmad\u0131\u011f\u0131n\u0131 bildirmi\u015f\u0259m. Bununla da m\u0259s\u0259l\u0259 ba\u011flan\u0131b&rdquo;.<\/p>\n<p>&nbsp;<\/p>\n","protected":false},"excerpt":{"rendered":"<p>&ldquo;Avesta&rdquo; \u015firk\u0259tinin prezidenti, tan\u0131nm\u0131\u015f i\u015f adam\u0131 Hac\u0131 \u0130brahim Nehr\u0259mli (\u0130brahim \u0130brahimov) Almaniyada m&uuml;hacir\u0259td\u0259 olan &ldquo;Quska&rdquo; l\u0259q\u0259bli ke&ccedil;mi\u015f deputat H&uuml;seyn Abdullayevin r\u0259hb\u0259rlik etdiyi silahl\u0131 d\u0259st\u0259 &uuml;zvl\u0259ri t\u0259r\u0259find\u0259n avtomat at\u0259\u015fin\u0259 tutulmas\u0131 x\u0259b\u0259rl\u0259rin\u0259&hellip;<\/p>\n","protected":false},"author":1,"featured_media":251278,"comment_status":"open","ping_status":"open","sticky":false,"template":"","format":"standard","meta":{"_lmt_disableupdate":"","_lmt_disable":"","footnotes":""},"categories":[91],"tags":[],"class_list":["post-52800","post","type-post","status-publish","format-standard","has-post-thumbnail","hentry","category-olkeici"],"_links":{"self":[{"href":"https:\/\/ucnoqta.az\/index.php?rest_route=\/wp\/v2\/posts\/52800","targetHints":{"allow":["GET"]}}],"collection":[{"href":"https:\/\/ucnoqta.az\/index.php?rest_route=\/wp\/v2\/posts"}],"about":[{"href":"https:\/\/ucnoqta.az\/index.php?rest_route=\/wp\/v2\/types\/post"}],"author":[{"embeddable":true,"href":"https:\/\/ucnoqta.az\/index.php?rest_route=\/wp\/v2\/users\/1"}],"replies":[{"embeddable":true,"href":"https:\/\/ucnoqta.az\/index.php?rest_route=%2Fwp%2Fv2%2Fcomments&post=52800"}],"version-history":[{"count":0,"href":"https:\/\/ucnoqta.az\/index.php?rest_route=\/wp\/v2\/posts\/52800\/revisions"}],"wp:featuredmedia":[{"embeddable":true,"href":"https:\/\/ucnoqta.az\/index.php?rest_route=\/wp\/v2\/media\/251278"}],"wp:attachment":[{"href":"https:\/\/ucnoqta.az\/index.php?rest_route=%2Fwp%2Fv2%2Fmedia&parent=52800"}],"wp:term":[{"taxonomy":"category","embeddable":true,"href":"https:\/\/ucnoqta.az\/index.php?rest_route=%2Fwp%2Fv2%2Fcategories&post=52800"},{"taxonomy":"post_tag","embeddable":true,"href":"https:\/\/ucnoqta.az\/index.php?rest_route=%2Fwp%2Fv2%2Ftags&post=52800"}],"curies":[{"name":"wp","href":"https:\/\/api.w.org\/{rel}","templated":true}]}}