{"id":52799,"date":"2017-11-20T11:10:17","date_gmt":"2017-11-20T07:10:17","guid":{"rendered":""},"modified":"-0001-11-30T00:00:00","modified_gmt":"-0001-11-29T20:00:00","slug":"","status":"publish","type":"post","link":"https:\/\/ucnoqta.az\/?p=52799","title":{"rendered":"Ba\u015f nazirin m\u00fcavini: <font color=red><b>&#8220;Az\u0259rbaycan c\u0259miyy\u0259ti sa\u011flam t\u0259m\u0259l \u00fcz\u0259rind\u0259 qurulub&#8221;<\/b><\/font>"},"content":{"rendered":"<p><strong>&nbsp;&quot;U\u015faqlar Az\u0259rbaycan c\u0259miyy\u0259tinin \u0259n ali d\u0259y\u0259ridir&quot;.&nbsp;<\/strong><\/p>\n<p>Ucnoqta.az &quot;Report&quot;a istinad\u0259n x\u0259b\u0259r verir ki, bunu Az\u0259rbaycan&shy; U\u015faqlar\u0131n\u0131n IV &Uuml;mumr&shy;espublika Forumunda ba\u015f nazirin m&uuml;avini, hakim Yeni Az\u0259rbaycan Partiyas\u0131 s\u0259drinin m&uuml;avini, icra katibi \u018fli \u018fhm\u0259dov deyib.<br \/>\nO bildirib ki, bu d&ouml;vl\u0259t u\u015faq siyas\u0259tinin t\u0259m\u0259lini t\u0259\u015fkil edir: &quot;Az\u0259rbaycan\u0131n son 25 ild\u0259 \u0259halisi t\u0259xmin\u0259n 40 faiz art\u0131b, bu o dem\u0259kdir ki, Az\u0259rbaycan c\u0259miyy\u0259ti sa\u011flam t\u0259m\u0259l &uuml;z\u0259rind\u0259 qurulub&quot;.<br \/>\n\u018f.\u018fhm\u0259dov qeyd edib ki, bir ne&ccedil;\u0259 aydan sonra 10 milyonuncu u\u015faq d&uuml;nyaya g&ouml;z a&ccedil;acaq: &quot;B&uuml;t&uuml;n bunlar d&ouml;vl\u0259tin &uuml;z\u0259rin\u0259 yeni qay\u011f\u0131lar qoyur, u\u015faqla ba\u011fl\u0131 qay\u011f\u0131lar Az\u0259rbaycan d&ouml;vl\u0259ti &uuml;&ccedil;&uuml;n \u015f\u0259r\u0259fli i\u015fdir. Biz v\u0259t\u0259nda\u015flar\u0131m\u0131z\u0131n say\u0131n\u0131n artmas\u0131n\u0131, &ouml;lk\u0259mizin g&uuml;c&uuml;n&uuml;n v\u0259 q&uuml;dr\u0259tinin artmas\u0131n\u0131 vacib amil hesab edirik. Az\u0259rbaycan c\u0259miyy\u0259ti h\u0259m sayca artmal\u0131, h\u0259m d\u0259 &ouml;lk\u0259mizin potensial\u0131n\u0131 m&uuml;\u0259yy\u0259nl\u0259\u015fdir\u0259n dig\u0259r parametrl\u0259r\u0259 malik olmal\u0131d\u0131r&quot;.<\/p>\n","protected":false},"excerpt":{"rendered":"<p>&nbsp;&quot;U\u015faqlar Az\u0259rbaycan c\u0259miyy\u0259tinin \u0259n ali d\u0259y\u0259ridir&quot;.&nbsp; Ucnoqta.az &quot;Report&quot;a istinad\u0259n x\u0259b\u0259r verir ki, bunu Az\u0259rbaycan&shy; U\u015faqlar\u0131n\u0131n IV &Uuml;mumr&shy;espublika Forumunda ba\u015f nazirin m&uuml;avini, hakim Yeni Az\u0259rbaycan Partiyas\u0131 s\u0259drinin m&uuml;avini, icra katibi \u018fli&hellip;<\/p>\n","protected":false},"author":1,"featured_media":251278,"comment_status":"open","ping_status":"open","sticky":false,"template":"","format":"standard","meta":{"_lmt_disableupdate":"","_lmt_disable":"","footnotes":""},"categories":[101],"tags":[],"class_list":["post-52799","post","type-post","status-publish","format-standard","has-post-thumbnail","hentry","category-cemiyyet"],"_links":{"self":[{"href":"https:\/\/ucnoqta.az\/index.php?rest_route=\/wp\/v2\/posts\/52799","targetHints":{"allow":["GET"]}}],"collection":[{"href":"https:\/\/ucnoqta.az\/index.php?rest_route=\/wp\/v2\/posts"}],"about":[{"href":"https:\/\/ucnoqta.az\/index.php?rest_route=\/wp\/v2\/types\/post"}],"author":[{"embeddable":true,"href":"https:\/\/ucnoqta.az\/index.php?rest_route=\/wp\/v2\/users\/1"}],"replies":[{"embeddable":true,"href":"https:\/\/ucnoqta.az\/index.php?rest_route=%2Fwp%2Fv2%2Fcomments&post=52799"}],"version-history":[{"count":0,"href":"https:\/\/ucnoqta.az\/index.php?rest_route=\/wp\/v2\/posts\/52799\/revisions"}],"wp:featuredmedia":[{"embeddable":true,"href":"https:\/\/ucnoqta.az\/index.php?rest_route=\/wp\/v2\/media\/251278"}],"wp:attachment":[{"href":"https:\/\/ucnoqta.az\/index.php?rest_route=%2Fwp%2Fv2%2Fmedia&parent=52799"}],"wp:term":[{"taxonomy":"category","embeddable":true,"href":"https:\/\/ucnoqta.az\/index.php?rest_route=%2Fwp%2Fv2%2Fcategories&post=52799"},{"taxonomy":"post_tag","embeddable":true,"href":"https:\/\/ucnoqta.az\/index.php?rest_route=%2Fwp%2Fv2%2Ftags&post=52799"}],"curies":[{"name":"wp","href":"https:\/\/api.w.org\/{rel}","templated":true}]}}