{"id":52798,"date":"2017-11-20T11:05:08","date_gmt":"2017-11-20T07:05:08","guid":{"rendered":""},"modified":"-0001-11-30T00:00:00","modified_gmt":"-0001-11-29T20:00:00","slug":"","status":"publish","type":"post","link":"https:\/\/ucnoqta.az\/?p=52798","title":{"rendered":"Rusiya M\u00fcdafi\u0259 Nazirliyinin telekanal\u0131 Sarkisyan\u0131 \u201cfa\u015fist\u201d adland\u0131rd\u0131- <font color=red><b>V\u0130DEO<\/b><\/font>"},"content":{"rendered":"<p><strong>&nbsp;Veronika Kra\u015feninnikova, h\u0259m&ccedil;inin Erm\u0259nistan\u0131n hakim Respublika partiyas\u0131n\u0131n gerbi il\u0259 Alman Milli-Sosial \u0130\u015f&ccedil;i Partiyas\u0131n\u0131n simvolikas\u0131 aras\u0131nda t\u0259\u0259cc&uuml;bl&uuml; ox\u015farl\u0131q a\u015fkar edib<\/strong><\/p>\n<p>Noyabr\u0131n 19-da Rusiya M&uuml;dafi\u0259 Nazirliyinin r\u0259smi &quot;Zvezda&quot; telekanal\u0131nda, &quot;Veronika Kra\u015feninnikova il\u0259 Proqnozlar&quot; proqram\u0131nda apar\u0131c\u0131 r\u0259smi Yerevan\u0131 Avropa Birliyi il\u0259 \u0259m\u0259kda\u015fl\u0131q haqq\u0131nda raz\u0131la\u015fman\u0131 imzalamaq ist\u0259yin\u0259 g&ouml;r\u0259 s\u0259rt t\u0259nqid\u0259 m\u0259ruz qoyub v\u0259 Sarkisyan h&ouml;kum\u0259tinin se&ccedil;imini Ukrayna hakimiyy\u0259tinin siyasi kursu il\u0259 m&uuml;qayis\u0259 edib.<br \/>\nUcnoqta.az&nbsp;Virtualaz.org-a istinad\u0259n x\u0259b\u0259r verir ki,&nbsp;bundan ba\u015fqa, verili\u015fin m&uuml;\u0259llifi Hitler Almaniyas\u0131n\u0131n muzduru, Serj Sarkisyan h&ouml;kum\u0259ti t\u0259r\u0259find\u0259n &ouml;vliyalar s\u0131ras\u0131na daxil edilmi\u015f ba\u015f\u0131b\u0259lal\u0131 fa\u015fist Qaregin Njdenin rolundan dan\u0131\u015faraq, erm\u0259ni fa\u015fizminin m\u0259nb\u0259l\u0259rin\u0259 m&uuml;raci\u0259t edib.<\/p>\n<p>Qeyd ed\u0259k ki, Njde &ouml;lk\u0259ni idar\u0259 ed\u0259n hakim Respublika partiyas\u0131 t\u0259r\u0259find\u0259n dini q\u0259hr\u0259man elan edilib.<\/p>\n<p>Onu da xat\u0131rladaq ki, fa\u015fist Almaniyas\u0131 il\u0259 \u0259m\u0259kda\u015fl\u0131\u011fa q\u0259d\u0259r, Zaqafqaziyan\u0131n sovetl\u0259\u015fdirilm\u0259sind\u0259n \u0259vv\u0259l m\u0259hz Q.Njde Da\u011fl\u0131q Qaraba\u011fda bir &ccedil;ox Az\u0259rbaycan k\u0259ndl\u0259rinin \u0259halisinin q\u0131r\u0131lmas\u0131nda \u015f\u0259xs\u0259n i\u015ftirak edib.<\/p>\n<p>Veronika Kra\u015feninnikova, h\u0259m&ccedil;inin Erm\u0259nistan\u0131n hakim Respublika partiyas\u0131n\u0131n gerbi il\u0259 Alman Milli-Sosial \u0130\u015f&ccedil;i Partiyas\u0131n\u0131n simvolikas\u0131 aras\u0131nda t\u0259\u0259cc&uuml;bl&uuml; ox\u015farl\u0131q a\u015fkar edib.<\/p>\n<p>&quot;Ulduz&quot; telekanal\u0131n\u0131n h\u0259min s&uuml;jetini t\u0259qdim edirik. (19:30-cu saniy\u0259d\u0259n)<\/p>\n<p><iframe allowfullscreen=\"\" frameborder=\"0\" height=\"315\" src=\"https:\/\/www.youtube.com\/embed\/pLts_RSnJf0\" width=\"560\"><\/iframe><\/p>\n","protected":false},"excerpt":{"rendered":"<p>&nbsp;Veronika Kra\u015feninnikova, h\u0259m&ccedil;inin Erm\u0259nistan\u0131n hakim Respublika partiyas\u0131n\u0131n gerbi il\u0259 Alman Milli-Sosial \u0130\u015f&ccedil;i Partiyas\u0131n\u0131n simvolikas\u0131 aras\u0131nda t\u0259\u0259cc&uuml;bl&uuml; ox\u015farl\u0131q a\u015fkar edib Noyabr\u0131n 19-da Rusiya M&uuml;dafi\u0259 Nazirliyinin r\u0259smi &quot;Zvezda&quot; telekanal\u0131nda, &quot;Veronika Kra\u015feninnikova il\u0259&hellip;<\/p>\n","protected":false},"author":1,"featured_media":251278,"comment_status":"open","ping_status":"open","sticky":false,"template":"","format":"standard","meta":{"_lmt_disableupdate":"","_lmt_disable":"","footnotes":""},"categories":[],"tags":[],"class_list":["post-52798","post","type-post","status-publish","format-standard","has-post-thumbnail","hentry"],"_links":{"self":[{"href":"https:\/\/ucnoqta.az\/index.php?rest_route=\/wp\/v2\/posts\/52798","targetHints":{"allow":["GET"]}}],"collection":[{"href":"https:\/\/ucnoqta.az\/index.php?rest_route=\/wp\/v2\/posts"}],"about":[{"href":"https:\/\/ucnoqta.az\/index.php?rest_route=\/wp\/v2\/types\/post"}],"author":[{"embeddable":true,"href":"https:\/\/ucnoqta.az\/index.php?rest_route=\/wp\/v2\/users\/1"}],"replies":[{"embeddable":true,"href":"https:\/\/ucnoqta.az\/index.php?rest_route=%2Fwp%2Fv2%2Fcomments&post=52798"}],"version-history":[{"count":0,"href":"https:\/\/ucnoqta.az\/index.php?rest_route=\/wp\/v2\/posts\/52798\/revisions"}],"wp:featuredmedia":[{"embeddable":true,"href":"https:\/\/ucnoqta.az\/index.php?rest_route=\/wp\/v2\/media\/251278"}],"wp:attachment":[{"href":"https:\/\/ucnoqta.az\/index.php?rest_route=%2Fwp%2Fv2%2Fmedia&parent=52798"}],"wp:term":[{"taxonomy":"category","embeddable":true,"href":"https:\/\/ucnoqta.az\/index.php?rest_route=%2Fwp%2Fv2%2Fcategories&post=52798"},{"taxonomy":"post_tag","embeddable":true,"href":"https:\/\/ucnoqta.az\/index.php?rest_route=%2Fwp%2Fv2%2Ftags&post=52798"}],"curies":[{"name":"wp","href":"https:\/\/api.w.org\/{rel}","templated":true}]}}