{"id":52794,"date":"2017-11-20T10:54:23","date_gmt":"2017-11-20T06:54:23","guid":{"rendered":""},"modified":"-0001-11-30T00:00:00","modified_gmt":"-0001-11-29T20:00:00","slug":"","status":"publish","type":"post","link":"https:\/\/ucnoqta.az\/?p=52794","title":{"rendered":"\u201cVicdan\u0131n varsa, sus&#8230;\u201d &#8211; <font color=red><b>\u201cFloradan Zeyn\u0259b\u0259 a\u011f\u0131r s\u00f6zl\u0259r<\/b><\/font>"},"content":{"rendered":"<p><strong>Xalq artisti Flora K\u0259rimova h\u0259mkar\u0131, Milli M\u0259clisin deputat\u0131 Zeyn\u0259b Xanlarovan\u0131 s\u0259rt \u015f\u0259kild\u0259 t\u0259nqid edib.<\/strong><\/p>\n<p>&nbsp;<\/p>\n<p>&quot;Qafqazinfo&quot; x\u0259b\u0259r verir ki, F. K\u0259rimova deputat\u0131n parlamentin son iclas\u0131nda aktyor Rasim Balayevin s\u0259hh\u0259ti il\u0259 ba\u011fl\u0131 &ccedil;\u0131x\u0131\u015f\u0131na q\u0259z\u0259bl\u0259nib:<\/p>\n<p>&ldquo;Bu x\u0259b\u0259ri g&ouml;rd&uuml;kd\u0259, ke&ccedil;\u0259n h\u0259ft\u0259nin icmal\u0131n\u0131 silk\u0259l\u0259y\u0259n, 40 il\u0259 yax\u0131n deputat k&uuml;rs&uuml;s&uuml;nu z\u0259bt ed\u0259n, xalq artisti Zeyn\u0259b Xanlarovan\u0131n Rasim Balayev v\u0259 Az\u0259rbaycan m&uuml;\u0259llimi bar\u0259sind\u0259 dedikl\u0259rin\u0259 g&ouml;z yuma bilm\u0259dim. Susa bildiyim q\u0259d\u0259r susdum ki, yen\u0259 dem\u0259sinl\u0259r, Flora K\u0259rimova polemika axtar\u0131r, qa\u015f\u0131nmayan yerd\u0259n qan &ccedil;\u0131xard\u0131r v\u0259 ya kimins\u0259 bostan\u0131na da\u015f at\u0131r!&nbsp; Bildiyim q\u0259d\u0259ri il\u0259 insan\u0131n h\u0259yat\u0131 boyu xasiyy\u0259ti d\u0259yi\u015fmir, h\u0259d\u0259fl\u0259ri d\u0259yi\u015fir. \u0130ld\u0259-f\u0259sild\u0259 bir fikr\u0259, bir d&uuml;\u015f&uuml;nc\u0259y\u0259 xidm\u0259t el\u0259m\u0259k&#8230;?! \u0130llah da s\u0259ks\u0259nd\u0259n sonra!<\/p>\n<p>Birinci g\u0259l\u0259k \u015fabal\u0131d satan m&uuml;\u0259llim m&ouml;vzusuna&hellip; Dey\u0259n g\u0259r\u0259k qocalayd\u0131n ki, &uuml;r\u0259yin &quot;yum\u015falayd\u0131&quot;!? Pensiya vaxt\u0131n\u0131 azaltd\u0131\u011f\u0131n, u\u015faq pulunu k\u0259sdirdiyin, maa\u015f\u0131n\u0131n art\u0131r\u0131lmas\u0131na etiraz etdiyin m&uuml;\u0259lliml\u0259r ill\u0259r sonra T&uuml;rkiy\u0259d\u0259 ac\u0131nacaql\u0131 g&ouml;r&uuml;b hal\u0131na ac\u0131yayd\u0131n!? M&uuml;\u0259llim\u0259 bu r\u0259zal\u0259ti layiq bilib sonra ba\u015f\u0131n\u0131 s\u0131\u011fallamaq&#8230; Kim\u0259 g\u0259r\u0259kdir?&nbsp;<\/p>\n<p>A\u011fbir&ccedil;\u0259k olasan, 25 il\u0259 yax\u0131n m&uuml;harib\u0259 \u015f\u0259raitind\u0259 ya\u015fayan d&ouml;vl\u0259t\u0259 birba\u015fa &ldquo;xidm\u0259t&rdquo; ed\u0259s\u0259n v\u0259 b&uuml;t&uuml;n titullar\u0131 alasan, m&uuml;harib\u0259 astanas\u0131nda m&uuml;harib\u0259d\u0259n d&ouml;n\u0259s\u0259n, y&uuml;z\u0259 yax\u0131n \u015f\u0259hidin ola&hellip; S\u0259n gedib erm\u0259nil\u0259rl\u0259 s&uuml;lh\u0259 qo\u015fulasan?<\/p>\n<p>N\u0259 q\u0259d\u0259r &ouml;z&uuml;n&uuml; m\u0259nas\u0131z v\u0259 c\u0131l\u0131z, yax\u015f\u0131 g&ouml;st\u0259rib silahda\u015flar\u0131ni k&uuml;&ccedil;&uuml;ms\u0259m\u0259k olar!? Ay\u0131bd\u0131r, amma dahas\u0131 olmamal\u0131d\u0131r! B\u0259s s\u0259n niy\u0259 el\u0259 orda, dediyin q\u0259d\u0259r &uuml;r\u0259yin yan\u0131rd\u0131sa o &ldquo;qan\u0131n qaynad\u0131\u011f\u0131&rdquo;, ac\u0131d\u0131\u011f\u0131n \u0130stanbulda \u015fabal\u0131d satan m&uuml;\u0259llimin\u0259 c&uuml;zi d\u0259 olsa bir yard\u0131m etm\u0259din, ya da xalq artistin\u0259. Vicdan\u0131n varsa, sus v\u0259 he&ccedil; yax\u015f\u0131l\u0131q el\u0259m\u0259! 40 ild\u0259 el\u0259m\u0259dins\u0259 bundan bele d\u0259 c\u0259hd etm\u0259 bil ki, ziyan\u0131n d\u0259yir&rdquo;.<\/p>\n<p>&nbsp;<\/p>\n","protected":false},"excerpt":{"rendered":"<p>Xalq artisti Flora K\u0259rimova h\u0259mkar\u0131, Milli M\u0259clisin deputat\u0131 Zeyn\u0259b Xanlarovan\u0131 s\u0259rt \u015f\u0259kild\u0259 t\u0259nqid edib. &nbsp; &quot;Qafqazinfo&quot; x\u0259b\u0259r verir ki, F. K\u0259rimova deputat\u0131n parlamentin son iclas\u0131nda aktyor Rasim Balayevin s\u0259hh\u0259ti il\u0259&hellip;<\/p>\n","protected":false},"author":1,"featured_media":251278,"comment_status":"open","ping_status":"open","sticky":false,"template":"","format":"standard","meta":{"_lmt_disableupdate":"","_lmt_disable":"","footnotes":""},"categories":[102],"tags":[],"class_list":["post-52794","post","type-post","status-publish","format-standard","has-post-thumbnail","hentry","category-medeniyyet-butun-xeberler"],"_links":{"self":[{"href":"https:\/\/ucnoqta.az\/index.php?rest_route=\/wp\/v2\/posts\/52794","targetHints":{"allow":["GET"]}}],"collection":[{"href":"https:\/\/ucnoqta.az\/index.php?rest_route=\/wp\/v2\/posts"}],"about":[{"href":"https:\/\/ucnoqta.az\/index.php?rest_route=\/wp\/v2\/types\/post"}],"author":[{"embeddable":true,"href":"https:\/\/ucnoqta.az\/index.php?rest_route=\/wp\/v2\/users\/1"}],"replies":[{"embeddable":true,"href":"https:\/\/ucnoqta.az\/index.php?rest_route=%2Fwp%2Fv2%2Fcomments&post=52794"}],"version-history":[{"count":0,"href":"https:\/\/ucnoqta.az\/index.php?rest_route=\/wp\/v2\/posts\/52794\/revisions"}],"wp:featuredmedia":[{"embeddable":true,"href":"https:\/\/ucnoqta.az\/index.php?rest_route=\/wp\/v2\/media\/251278"}],"wp:attachment":[{"href":"https:\/\/ucnoqta.az\/index.php?rest_route=%2Fwp%2Fv2%2Fmedia&parent=52794"}],"wp:term":[{"taxonomy":"category","embeddable":true,"href":"https:\/\/ucnoqta.az\/index.php?rest_route=%2Fwp%2Fv2%2Fcategories&post=52794"},{"taxonomy":"post_tag","embeddable":true,"href":"https:\/\/ucnoqta.az\/index.php?rest_route=%2Fwp%2Fv2%2Ftags&post=52794"}],"curies":[{"name":"wp","href":"https:\/\/api.w.org\/{rel}","templated":true}]}}