{"id":52772,"date":"2017-11-18T21:56:00","date_gmt":"2017-11-18T17:56:00","guid":{"rendered":""},"modified":"-0001-11-30T00:00:00","modified_gmt":"-0001-11-29T20:00:00","slug":"","status":"publish","type":"post","link":"https:\/\/ucnoqta.az\/?p=52772","title":{"rendered":"\u018frdo\u011fan NATO-nun \u00fczr\u00fcn\u00fc q\u0259bul etm\u0259di"},"content":{"rendered":"<p>Norve\u00e7d\u0259 ke\u00e7iril\u0259n t\u0259liml\u0259r zaman\u0131 Mustafa K\u0259mal Atat\u00fcrk\u00fcn \u015f\u0259kili &#8220;\u015f\u0259rti d\u00fc\u015fm\u0259n&#8221; stendind\u0259 \u0259ks olunduqdan sonra edil\u0259n \u00fczrxaxl\u0131q kifay\u0259t deyil.<\/p>\n<p>Ucnoqta.az Trend-\u0259 istinad\u0259n x\u0259b\u0259r verir ki, bunu T\u00fcrkiy\u0259nin prezidenti R\u0259c\u0259b Tayyib \u018frdo\u011fan deyib.<\/p>\n<p>&#8220;Siz d\u00fcn\u0259n Norve\u00e7d\u0259 NATO-nun t\u0259liml\u0259ri zaman\u0131 T\u00fcrkiy\u0259y\u0259 qar\u015f\u0131 h\u00f6rm\u0259tsizliyi g\u00f6rd\u00fcz. Hel\u0259 s\u0259hvl\u0259r var ki, onlar a\u011f\u0131ls\u0131z deyil, al\u00e7aq insanlar t\u0259r\u0259find\u0259n edilir. Bu m\u00f6vzunun ba\u011fl\u0131 hesab olunmas\u0131 \u00fc\u00e7\u00fcn t\u0259k \u00fczr ist\u0259m\u0259k kifay\u0259t deyil&#8221;, &#8211; dey\u0259 \u018frdo\u011fan bildirib.<\/p>\n<p>\u00d6lk\u0259 prezidenti NATO-nun Norve\u00e7d\u0259ki t\u0259liml\u0259rind\u0259n t\u00fcrk h\u0259rbi\u00e7il\u0259rinin geriy\u0259 \u00e7a\u011f\u0131r\u0131lmas\u0131 bar\u0259d\u0259 q\u0259rar\u0131n q\u0259bul olundu\u011funu da bildirib.<\/p>\n","protected":false},"excerpt":{"rendered":"<p>Norve\u00e7d\u0259 ke\u00e7iril\u0259n t\u0259liml\u0259r zaman\u0131 Mustafa K\u0259mal Atat\u00fcrk\u00fcn \u015f\u0259kili &#8220;\u015f\u0259rti d\u00fc\u015fm\u0259n&#8221; stendind\u0259 \u0259ks olunduqdan sonra edil\u0259n \u00fczrxaxl\u0131q kifay\u0259t deyil. Ucnoqta.az Trend-\u0259 istinad\u0259n x\u0259b\u0259r verir ki, bunu T\u00fcrkiy\u0259nin prezidenti R\u0259c\u0259b Tayyib \u018frdo\u011fan&hellip;<\/p>\n","protected":false},"author":1,"featured_media":251278,"comment_status":"open","ping_status":"open","sticky":false,"template":"","format":"standard","meta":{"_lmt_disableupdate":"","_lmt_disable":"","footnotes":""},"categories":[89],"tags":[],"class_list":["post-52772","post","type-post","status-publish","format-standard","has-post-thumbnail","hentry","category-dunya-butun-xeberler"],"_links":{"self":[{"href":"https:\/\/ucnoqta.az\/index.php?rest_route=\/wp\/v2\/posts\/52772","targetHints":{"allow":["GET"]}}],"collection":[{"href":"https:\/\/ucnoqta.az\/index.php?rest_route=\/wp\/v2\/posts"}],"about":[{"href":"https:\/\/ucnoqta.az\/index.php?rest_route=\/wp\/v2\/types\/post"}],"author":[{"embeddable":true,"href":"https:\/\/ucnoqta.az\/index.php?rest_route=\/wp\/v2\/users\/1"}],"replies":[{"embeddable":true,"href":"https:\/\/ucnoqta.az\/index.php?rest_route=%2Fwp%2Fv2%2Fcomments&post=52772"}],"version-history":[{"count":0,"href":"https:\/\/ucnoqta.az\/index.php?rest_route=\/wp\/v2\/posts\/52772\/revisions"}],"wp:featuredmedia":[{"embeddable":true,"href":"https:\/\/ucnoqta.az\/index.php?rest_route=\/wp\/v2\/media\/251278"}],"wp:attachment":[{"href":"https:\/\/ucnoqta.az\/index.php?rest_route=%2Fwp%2Fv2%2Fmedia&parent=52772"}],"wp:term":[{"taxonomy":"category","embeddable":true,"href":"https:\/\/ucnoqta.az\/index.php?rest_route=%2Fwp%2Fv2%2Fcategories&post=52772"},{"taxonomy":"post_tag","embeddable":true,"href":"https:\/\/ucnoqta.az\/index.php?rest_route=%2Fwp%2Fv2%2Ftags&post=52772"}],"curies":[{"name":"wp","href":"https:\/\/api.w.org\/{rel}","templated":true}]}}