{"id":52771,"date":"2017-11-18T21:25:37","date_gmt":"2017-11-18T17:25:37","guid":{"rendered":""},"modified":"-0001-11-30T00:00:00","modified_gmt":"-0001-11-29T20:00:00","slug":"","status":"publish","type":"post","link":"https:\/\/ucnoqta.az\/?p=52771","title":{"rendered":"Deputat: <font color=red><b>&#8220;T\u00fcrkiy\u0259 bel\u0259 m\u0259n\u0259viyyats\u0131z h\u0259ml\u0259l\u0259r\u0259 layiqinc\u0259 cavab verm\u0259k g\u00fcc\u00fcnd\u0259d\u0259r&#8221;<\/b><\/font>"},"content":{"rendered":"<p>NATO-nun Norve\u00e7d\u0259 ke\u00e7iril\u0259n t\u0259liml\u0259rind\u0259 T\u00fcrkiy\u0259 C\u00fcmhuriyy\u0259tinin qurucusu Mustafa Kamal Atat\u00fcrk\u00fcn v\u0259 T\u00fcrkiy\u0259nin haz\u0131rk\u0131 pezidenti R\u0259c\u0259b Tayyib \u018frdo\u011fan\u0131n fotolar\u0131n\u0131n h\u0259d\u0259f kimi g\u00f6t\u0259rilm\u0259si h\u0259r \u015feyd\u0259n \u00f6nc\u0259 bir mill\u0259tin d\u0259y\u0259rl\u0259rin\u0259 qar\u015f\u0131 olan h\u00f6rm\u0259tsizlikdir.<\/p>\n<p>H.Babao\u011flunun s\u00f6zl\u0259rin\u0259 g\u00f6r\u0259, T\u00fcrkiy\u0259 il\u0259 NATO-nun 65 illik m\u00fctt\u0259fiqliyi n\u0259z\u0259r\u0259 al\u0131nsa, haz\u0131rki m\u00fcnasib\u0259ti izah etm\u0259k bir q\u0259d\u0259r \u00e7\u0259tinl\u0259\u015fir: \u201cAncaq bu \u00e7\u0259tin m\u0259s\u0259l\u0259nin \u00e7ox sad\u0259 izah\u0131 var. Bu is\u0259 ondan ibar\u0259tdir ki, Turkiy\u0259 NATO \u00fc\u00e7\u00fcn Var\u015fava Blokuna qar\u015f\u0131 geostrateji m\u00f6vqeyin\u0259 g\u00f6r\u0259 m\u00fctt\u0259fiq se\u00e7ilmi\u015fd\u0131. Bu h\u0259rbi siyasi v\u0259 h\u0259rbi ideoloji blokun da\u011f\u0131lmas\u0131ndan is\u0259 art\u0131q \u0259srin d\u00f6rdd\u0259 biri q\u0259d\u0259r vaxt ke\u00e7ib. Yeni geostrateji \u015f\u0259rtl\u0259r formala\u015f\u0131b, h\u0259tta i\u015f o yer\u0259 g\u0259lib \u00e7at\u0131b ki, bu g\u00fcn Var\u015fava Blokunu yaradan \u00f6lk\u0259nin siyasi varisi Rusiya il\u0259 T\u00fcrkiy\u0259 aras\u0131nda s\u00fcr\u0259tl\u0259 ir\u0259lil\u0259y\u0259n strateji \u0259m\u0259kd\u015fl\u0131q m\u00fc\u015fahid\u0259 olunur. Bunun s\u0259b\u0259bi is\u0259 son ill\u0259rd\u0259 NATO-nun T\u00fcrkiy\u0259y\u0259 m\u00fctt\u0259fiq kimi deyil, daha \u00e7ox bu d\u00f6vl\u0259tin t\u0259hl\u00fck\u0259sizliyini t\u0259hdid ed\u0259n h\u0259rbi-siyasi m\u0259rk\u0259z kimi \u00e7\u0131x\u0131\u015f etm\u0259si, Yax\u0131n \u015e\u0259rqd\u0259 ba\u015f ver\u0259n m\u00fch\u00fcm tarixi prosesl\u0259rd\u0259 \u00f6z m\u00fctt\u0259fiqinin maraqlar\u0131n\u0131 israrla g\u00f6zard\u0131 etm\u0259sidir\u201d.<\/p>\n<p>H.Babao\u011flu bildirib ki, bel\u0259 olduqda is\u0259 T\u00fcrkiy\u0259 m\u0259cbur\u0259n yeni m\u00fctt\u0259fiql\u0259r axtar\u0131\u015f\u0131na \u00e7\u0131xmal\u0131d\u0131r: &#8220;Ancaq h\u0259l\u0259 bu da ham\u0131s\u0131 deyil. 2000-ci ill\u0259rin \u0259vv\u0259ll\u0259rind\u0259 yen\u0259 NATO-nun t\u0259liml\u0259rinin birind\u0259 NATO-nun yeni Yax\u0131n \u015e\u0259rq v\u0259 \u015eimali Afrika layih\u0259sinin x\u0259rit\u0259sind\u0259 T\u00fcrkiy\u0259 \u0259razisind\u0259 bir ne\u00e7\u0259 qondarma d\u00f6vl\u0259t g\u00f6st\u0259rilmi\u015fdi. Hadis\u0259l\u0259r s\u00fcbut etdi ki, bel\u0259 hallar t\u0259sad\u00fcfi ba\u015f vermir. \u00c7\u00fcnki sonrak\u0131 m\u0259rh\u0259l\u0259d\u0259 biz \u015eimali Atlantika Blokunun M\u00fcs\u0259lman \u015e\u0259rqind\u0259 apard\u0131\u011f\u0131 hibrid m\u00fcharib\u0259l\u0259rd\u0259 T\u00fcrkiy\u0259ni d\u0259 par\u00e7alama\u011fa c\u0259dl\u0259r etdiyinin \u015fahidi olduq. Bu g\u00fcn d\u0259 T\u00fcrkiy\u0259 t\u0259k\u00e7\u0259 t\u0259liml\u0259rd\u0259 h\u0259d\u0259f deyil, el\u0259 real h\u0259rbi\u2013siyasi prosesl\u0259rd\u0259 d\u0259 \u00fczv\u00fc oldu\u011fu h\u0259rbi blokun h\u0259d\u0259fl\u0259rind\u0259n biridir. Bunu T\u00fcrkiy\u0259d\u0259 d\u0259 g\u00f6z\u0259l bilirl\u0259r. Ancaq 2000-ci ill\u0259rd\u0259 z\u0259if olduqlar\u0131na g\u00f6r\u0259 bel\u0259 s\u0259rt reaksiya ver\u0259 bilmirdil\u0259r. Bu g\u00fcns\u0259 qarda\u015f T\u00fcrkiy\u0259 C\u00fcmhuriyy\u0259ti bel\u0259 m\u0259n\u0259viyyats\u0131z h\u0259ml\u0259l\u0259r\u0259 layiqinc\u0259 cavab verm\u0259k g\u00fcc\u00fcnd\u0259d\u0259r. T\u00fcrk xalq\u0131 v\u0259 h\u00f6k\u00fcm\u0259ti 15 iyul 2016-c\u0131 il hadis\u0259l\u0259rind\u0259 \u0259n t\u0259hl\u00fck\u0259li v\u0259 \u0259n m\u0259n\u0259viyyats\u0131z m\u00fcdaxil\u0259y\u0259 layiqinc\u0259 cavab verm\u0259yi bacard\u0131\u201d.<\/p>\n<p>Deputat hesab edir ki, NATO r\u0259hb\u0259rliyinin T\u00fcrkiy\u0259d\u0259n \u00fczr ist\u0259m\u0259sin\u0259 g\u0259ldikd\u0259 is\u0259 bunun s\u0259mimi oldu\u011funa kimis\u0259 inand\u0131rmaq \u00e7\u0259tindir: \u201c\u00c7\u00fcnki bel\u0259 hallar sistematik olaraq ba\u015f verir. Ona g\u00f6r\u0259 d\u0259 T\u00fcrkiy\u0259 yaln\u0131z \u00f6z\u00fcn\u0259 g\u00fcv\u0259nm\u0259li, yeni geosiyasi \u015f\u0259rtl\u0259rin t\u0259l\u0259bl\u0259rin\u0259 uy\u011fun olaraq regionda yeni g\u00fcc m\u0259rk\u0259zi formala\u015fd\u0131rmal\u0131d\u0131r. \u00c7\u00fcnki postbipolyar d\u00fcnya nizam\u0131 sona \u00e7at\u0131r. Haz\u0131rda multipolyar y\u0259ni \u00e7oxq\u00fctbl\u00fc d\u00fcnya nizam\u0131n\u0131n yaranmas\u0131na do\u011fru gedirik. Niy\u0259 d\u0259 bu \u00e7oxq\u00fctbl\u00fc nizamda T\u00fcrkiy\u0259 v\u0259 m\u00fctt\u0259fiql\u0259ri yeni g\u00fcc m\u0259rk\u0259zi olmas\u0131nlar\u201d.<\/p>\n<p>Qeyd ed\u0259k ki, Norve\u00e7d\u0259 NATO-nun h\u0259rbi t\u0259liml\u0259ri zaman\u0131 &#8220;d\u00fc\u015fm\u0259nl\u0259r&#8221;in fotolar\u0131n\u0131n oldu\u011fu stend qura\u015fd\u0131r\u0131l\u0131b v\u0259 h\u0259min h\u0259d\u0259f stendind\u0259 T\u00fcrkiy\u0259 C\u00fcmhuriyy\u0259tinin banisi Mustafa Kamal Atat\u00fcrk\u00fcn v\u0259 T\u00fcrkiy\u0259 prezidenti R\u0259c\u0259b Tayyib \u018frdo\u011fan\u0131n \u015f\u0259kill\u0259ri \u0259ks olunub.trend<\/p>\n","protected":false},"excerpt":{"rendered":"<p>NATO-nun Norve\u00e7d\u0259 ke\u00e7iril\u0259n t\u0259liml\u0259rind\u0259 T\u00fcrkiy\u0259 C\u00fcmhuriyy\u0259tinin qurucusu Mustafa Kamal Atat\u00fcrk\u00fcn v\u0259 T\u00fcrkiy\u0259nin haz\u0131rk\u0131 pezidenti R\u0259c\u0259b Tayyib \u018frdo\u011fan\u0131n fotolar\u0131n\u0131n h\u0259d\u0259f kimi g\u00f6t\u0259rilm\u0259si h\u0259r \u015feyd\u0259n \u00f6nc\u0259 bir mill\u0259tin d\u0259y\u0259rl\u0259rin\u0259 qar\u015f\u0131 olan h\u00f6rm\u0259tsizlikdir.&hellip;<\/p>\n","protected":false},"author":1,"featured_media":251278,"comment_status":"open","ping_status":"open","sticky":false,"template":"","format":"standard","meta":{"_lmt_disableupdate":"","_lmt_disable":"","footnotes":""},"categories":[86],"tags":[],"class_list":["post-52771","post","type-post","status-publish","format-standard","has-post-thumbnail","hentry","category-siyaset"],"_links":{"self":[{"href":"https:\/\/ucnoqta.az\/index.php?rest_route=\/wp\/v2\/posts\/52771","targetHints":{"allow":["GET"]}}],"collection":[{"href":"https:\/\/ucnoqta.az\/index.php?rest_route=\/wp\/v2\/posts"}],"about":[{"href":"https:\/\/ucnoqta.az\/index.php?rest_route=\/wp\/v2\/types\/post"}],"author":[{"embeddable":true,"href":"https:\/\/ucnoqta.az\/index.php?rest_route=\/wp\/v2\/users\/1"}],"replies":[{"embeddable":true,"href":"https:\/\/ucnoqta.az\/index.php?rest_route=%2Fwp%2Fv2%2Fcomments&post=52771"}],"version-history":[{"count":0,"href":"https:\/\/ucnoqta.az\/index.php?rest_route=\/wp\/v2\/posts\/52771\/revisions"}],"wp:featuredmedia":[{"embeddable":true,"href":"https:\/\/ucnoqta.az\/index.php?rest_route=\/wp\/v2\/media\/251278"}],"wp:attachment":[{"href":"https:\/\/ucnoqta.az\/index.php?rest_route=%2Fwp%2Fv2%2Fmedia&parent=52771"}],"wp:term":[{"taxonomy":"category","embeddable":true,"href":"https:\/\/ucnoqta.az\/index.php?rest_route=%2Fwp%2Fv2%2Fcategories&post=52771"},{"taxonomy":"post_tag","embeddable":true,"href":"https:\/\/ucnoqta.az\/index.php?rest_route=%2Fwp%2Fv2%2Ftags&post=52771"}],"curies":[{"name":"wp","href":"https:\/\/api.w.org\/{rel}","templated":true}]}}