{"id":52768,"date":"2017-11-18T20:19:00","date_gmt":"2017-11-18T16:19:00","guid":{"rendered":""},"modified":"-0001-11-30T00:00:00","modified_gmt":"-0001-11-29T20:00:00","slug":"","status":"publish","type":"post","link":"https:\/\/ucnoqta.az\/?p=52768","title":{"rendered":"D\u00fcnyan\u0131n \u0259n b\u00f6y\u00fck hava g\u0259misi q\u0259zaya u\u011fray\u0131b"},"content":{"rendered":"<p>D\u00fcnyan\u0131n \u0259n b\u00f6y\u00fck hava g\u0259misi\u00a0B\u00f6y\u00fck Britaniyada q\u0259zaya u\u011fray\u0131b.\u00a0<\/p>\n<p>\u00a0<\/p>\n<p>APA-n\u0131n &#8220;Daily Mail&#8221; n\u0259\u015frin\u0259 istinad\u0259n verdiyi m\u0259lumata g\u00f6r\u0259, hadis\u0259 Bedford\u015fir qrafl\u0131\u011f\u0131nda ba\u015f verib.\u00a0<\/p>\n<p>\u00a0<\/p>\n<p>20 tonluq &#8220;Airlander 10&#8221; a\u00e7\u0131q sah\u0259d\u0259 yer\u0259 d\u00fc\u015f\u00fcb.\u00a0<\/p>\n<p>\u00a0<\/p>\n<p>T\u0259yyar\u0259 il\u0259 dirijabl\u0131n hibridi olan s\u00f6z\u00fcged\u0259n u\u00e7u\u015f aparat\u0131n\u0131n uzunlu\u011fu 92 metr t\u0259\u015fkil edir.\u00a0<\/p>\n<p>\u00a0<\/p>\n<p>Bildirilir ki, \u00f6nc\u0259d\u0259n &#8220;Airlander 10&#8221; AB\u015e ordusu \u00fc\u00e7\u00fcn yarad\u0131lsa da, maliyy\u0259 \u00e7at\u0131\u015fmazl\u0131\u011f\u0131 ucbat\u0131ndan layih\u0259ni tamamlamaq m\u00fcmk\u00fcn olmay\u0131b. &#8220;Airlander 10&#8221; 2016-c\u0131 ilin yay aylar\u0131nda istismara verilib.\u00a0<\/p>\n","protected":false},"excerpt":{"rendered":"<p>D\u00fcnyan\u0131n \u0259n b\u00f6y\u00fck hava g\u0259misi\u00a0B\u00f6y\u00fck Britaniyada q\u0259zaya u\u011fray\u0131b.\u00a0 \u00a0 APA-n\u0131n &#8220;Daily Mail&#8221; n\u0259\u015frin\u0259 istinad\u0259n verdiyi m\u0259lumata g\u00f6r\u0259, hadis\u0259 Bedford\u015fir qrafl\u0131\u011f\u0131nda ba\u015f verib.\u00a0 \u00a0 20 tonluq &#8220;Airlander 10&#8221; a\u00e7\u0131q sah\u0259d\u0259 yer\u0259&hellip;<\/p>\n","protected":false},"author":1,"featured_media":251278,"comment_status":"open","ping_status":"open","sticky":false,"template":"","format":"standard","meta":{"_lmt_disableupdate":"","_lmt_disable":"","footnotes":""},"categories":[89],"tags":[],"class_list":["post-52768","post","type-post","status-publish","format-standard","has-post-thumbnail","hentry","category-dunya-butun-xeberler"],"_links":{"self":[{"href":"https:\/\/ucnoqta.az\/index.php?rest_route=\/wp\/v2\/posts\/52768","targetHints":{"allow":["GET"]}}],"collection":[{"href":"https:\/\/ucnoqta.az\/index.php?rest_route=\/wp\/v2\/posts"}],"about":[{"href":"https:\/\/ucnoqta.az\/index.php?rest_route=\/wp\/v2\/types\/post"}],"author":[{"embeddable":true,"href":"https:\/\/ucnoqta.az\/index.php?rest_route=\/wp\/v2\/users\/1"}],"replies":[{"embeddable":true,"href":"https:\/\/ucnoqta.az\/index.php?rest_route=%2Fwp%2Fv2%2Fcomments&post=52768"}],"version-history":[{"count":0,"href":"https:\/\/ucnoqta.az\/index.php?rest_route=\/wp\/v2\/posts\/52768\/revisions"}],"wp:featuredmedia":[{"embeddable":true,"href":"https:\/\/ucnoqta.az\/index.php?rest_route=\/wp\/v2\/media\/251278"}],"wp:attachment":[{"href":"https:\/\/ucnoqta.az\/index.php?rest_route=%2Fwp%2Fv2%2Fmedia&parent=52768"}],"wp:term":[{"taxonomy":"category","embeddable":true,"href":"https:\/\/ucnoqta.az\/index.php?rest_route=%2Fwp%2Fv2%2Fcategories&post=52768"},{"taxonomy":"post_tag","embeddable":true,"href":"https:\/\/ucnoqta.az\/index.php?rest_route=%2Fwp%2Fv2%2Ftags&post=52768"}],"curies":[{"name":"wp","href":"https:\/\/api.w.org\/{rel}","templated":true}]}}