{"id":52767,"date":"2017-11-18T18:29:25","date_gmt":"2017-11-18T14:29:25","guid":{"rendered":""},"modified":"-0001-11-30T00:00:00","modified_gmt":"-0001-11-29T20:00:00","slug":"","status":"publish","type":"post","link":"https:\/\/ucnoqta.az\/?p=52767","title":{"rendered":"Bu \u015f\u0259xsl\u0259r\u0259 Prezidentin f\u0259rdi t\u0259qa\u00fcd\u00fc veril\u0259c\u0259k- <font color=red><b>S\u0259r\u0259ncam<\/b><\/font>"},"content":{"rendered":"<p style=\"box-sizing: border-box; margin: 0px 0px 10px; font-family: &quot;Helvetica Neue&quot;, Helvetica, Arial, sans-serif; font-size: 14px;\"><span style=\"box-sizing: border-box; font-weight: 700;\">D&ouml;vl\u0259t ba\u015f&ccedil;\u0131s\u0131 \u0130lham \u018fliyev Az\u0259rbaycan Respublikas\u0131 Prezidentinin f\u0259rdi t\u0259qa&uuml;d&uuml;n&uuml;n verilm\u0259si haqq\u0131nda s\u0259r\u0259ncam imzalay\u0131b.<\/span><\/p>\n<p style=\"box-sizing: border-box; margin: 0px 0px 10px; font-family: &quot;Helvetica Neue&quot;, Helvetica, Arial, sans-serif; font-size: 14px;\">&quot;Ucnoqta.az&quot; x\u0259b\u0259r verir ki, &ldquo;Qafqazinfo&rdquo;nun m\u0259lumat\u0131na g&ouml;r\u0259, s\u0259r\u0259ncama \u0259sas\u0259n, Az\u0259rbaycan\u0131n ictimai-siyasi h\u0259yat\u0131nda xidm\u0259tl\u0259rin\u0259 g&ouml;r\u0259 H&uuml;seynov Tofiq H\u0259s\u0259n o\u011flu v\u0259&nbsp;\u0130mamverdiyev Sudeyif B\u0259\u015fir o\u011fluna&nbsp;Prezidentin f\u0259rdi t\u0259qa&uuml;d&uuml; verilib.<\/p>\n","protected":false},"excerpt":{"rendered":"<p>D&ouml;vl\u0259t ba\u015f&ccedil;\u0131s\u0131 \u0130lham \u018fliyev Az\u0259rbaycan Respublikas\u0131 Prezidentinin f\u0259rdi t\u0259qa&uuml;d&uuml;n&uuml;n verilm\u0259si haqq\u0131nda s\u0259r\u0259ncam imzalay\u0131b. &quot;Ucnoqta.az&quot; x\u0259b\u0259r verir ki, &ldquo;Qafqazinfo&rdquo;nun m\u0259lumat\u0131na g&ouml;r\u0259, s\u0259r\u0259ncama \u0259sas\u0259n, Az\u0259rbaycan\u0131n ictimai-siyasi h\u0259yat\u0131nda xidm\u0259tl\u0259rin\u0259 g&ouml;r\u0259 H&uuml;seynov Tofiq H\u0259s\u0259n&hellip;<\/p>\n","protected":false},"author":1,"featured_media":251278,"comment_status":"open","ping_status":"open","sticky":false,"template":"","format":"standard","meta":{"_lmt_disableupdate":"","_lmt_disable":"","footnotes":""},"categories":[91],"tags":[],"class_list":["post-52767","post","type-post","status-publish","format-standard","has-post-thumbnail","hentry","category-olkeici"],"_links":{"self":[{"href":"https:\/\/ucnoqta.az\/index.php?rest_route=\/wp\/v2\/posts\/52767","targetHints":{"allow":["GET"]}}],"collection":[{"href":"https:\/\/ucnoqta.az\/index.php?rest_route=\/wp\/v2\/posts"}],"about":[{"href":"https:\/\/ucnoqta.az\/index.php?rest_route=\/wp\/v2\/types\/post"}],"author":[{"embeddable":true,"href":"https:\/\/ucnoqta.az\/index.php?rest_route=\/wp\/v2\/users\/1"}],"replies":[{"embeddable":true,"href":"https:\/\/ucnoqta.az\/index.php?rest_route=%2Fwp%2Fv2%2Fcomments&post=52767"}],"version-history":[{"count":0,"href":"https:\/\/ucnoqta.az\/index.php?rest_route=\/wp\/v2\/posts\/52767\/revisions"}],"wp:featuredmedia":[{"embeddable":true,"href":"https:\/\/ucnoqta.az\/index.php?rest_route=\/wp\/v2\/media\/251278"}],"wp:attachment":[{"href":"https:\/\/ucnoqta.az\/index.php?rest_route=%2Fwp%2Fv2%2Fmedia&parent=52767"}],"wp:term":[{"taxonomy":"category","embeddable":true,"href":"https:\/\/ucnoqta.az\/index.php?rest_route=%2Fwp%2Fv2%2Fcategories&post=52767"},{"taxonomy":"post_tag","embeddable":true,"href":"https:\/\/ucnoqta.az\/index.php?rest_route=%2Fwp%2Fv2%2Ftags&post=52767"}],"curies":[{"name":"wp","href":"https:\/\/api.w.org\/{rel}","templated":true}]}}