{"id":52761,"date":"2017-11-18T16:04:15","date_gmt":"2017-11-18T12:04:15","guid":{"rendered":""},"modified":"-0001-11-30T00:00:00","modified_gmt":"-0001-11-29T20:00:00","slug":"","status":"publish","type":"post","link":"https:\/\/ucnoqta.az\/?p=52761","title":{"rendered":"M\u0259\u015fhur \u015fair Fikr\u0259t Sad\u0131q v\u0259fat etdi"},"content":{"rendered":"<p><b style=\"margin: 0px; padding: 0px; border: 0px; outline: 0px; font-size: 15.4px; vertical-align: baseline; background-image: initial; background-position: initial; background-size: initial; background-repeat: initial; background-attachment: initial; background-origin: initial; background-clip: initial; font-family: Arial, sans-serif;\">Az\u0259rbaycan poeziyas\u0131n\u0131n g&ouml;rk\u0259mli n&uuml;may\u0259nd\u0259si, \u015fair, publisist, ssenari m&uuml;\u0259llifi, kino redaktoru Az\u0259rbaycan\u0131n \u018fm\u0259kdar m\u0259d\u0259niyy\u0259t i\u015f&ccedil;isi v\u0259 Az\u0259rbaycan D&ouml;vl\u0259t m&uuml;kafat\u0131 laureat\u0131 Fikr\u0259t Sad\u0131q 86 ya\u015f\u0131nda v\u0259fat edib.<\/b><\/p>\n<p><br style=\"margin: 0px; padding: 0px; border: 0px; outline: 0px; font-size: 15.4px; vertical-align: baseline; background-image: initial; background-position: initial; background-size: initial; background-repeat: initial; background-attachment: initial; background-origin: initial; background-clip: initial; font-family: Arial, sans-serif;\" \/><br \/>\n<br style=\"margin: 0px; padding: 0px; border: 0px; outline: 0px; font-size: 15.4px; vertical-align: baseline; background-image: initial; background-position: initial; background-size: initial; background-repeat: initial; background-attachment: initial; background-origin: initial; background-clip: initial; font-family: Arial, sans-serif;\" \/><br \/>\n<span style=\"font-family: Arial, sans-serif; font-size: 15.4px;\">Ucnoqta.azx\u0259b\u0259r verir ki, bu bar\u0259d\u0259 &ldquo;Report&rdquo;a Az\u0259rbaycan Yaz\u0131&ccedil;\u0131lar Birliyinin (AYB) m\u0259tbuat katibi X\u0259yal Rza m\u0259lumat verib.<\/span><br style=\"margin: 0px; padding: 0px; border: 0px; outline: 0px; font-size: 15.4px; vertical-align: baseline; background-image: initial; background-position: initial; background-size: initial; background-repeat: initial; background-attachment: initial; background-origin: initial; background-clip: initial; font-family: Arial, sans-serif;\" \/><br \/>\n<br style=\"margin: 0px; padding: 0px; border: 0px; outline: 0px; font-size: 15.4px; vertical-align: baseline; background-image: initial; background-position: initial; background-size: initial; background-repeat: initial; background-attachment: initial; background-origin: initial; background-clip: initial; font-family: Arial, sans-serif;\" \/><br \/>\n<span style=\"font-family: Arial, sans-serif; font-size: 15.4px;\">F.Sad\u0131q bu g&uuml;n d\u0259fn edil\u0259c\u0259k.<\/span><\/p>\n<p>&nbsp;<\/p>\n<p><br style=\"margin: 0px; padding: 0px; border: 0px; outline: 0px; font-size: 15.4px; vertical-align: baseline; background-image: initial; background-position: initial; background-size: initial; background-repeat: initial; background-attachment: initial; background-origin: initial; background-clip: initial; font-family: Arial, sans-serif;\" \/><br \/>\n<span style=\"font-family: Arial, sans-serif; font-size: 15.4px;\">Allah r\u0259hm\u0259t el\u0259sin!<\/span><br style=\"margin: 0px; padding: 0px; border: 0px; outline: 0px; font-size: 15.4px; vertical-align: baseline; background-image: initial; background-position: initial; background-size: initial; background-repeat: initial; background-attachment: initial; background-origin: initial; background-clip: initial; font-family: Arial, sans-serif;\" \/><br \/>\n<br style=\"margin: 0px; padding: 0px; border: 0px; outline: 0px; font-size: 15.4px; vertical-align: baseline; background-image: initial; background-position: initial; background-size: initial; background-repeat: initial; background-attachment: initial; background-origin: initial; background-clip: initial; font-family: Arial, sans-serif;\" \/><br \/>\n<span style=\"font-family: Arial, sans-serif; font-size: 15.4px;\">Qeyd ed\u0259k ki, Fikr\u0259t Sad\u0131q 1930-cu il may\u0131n 30-da \u015eamax\u0131 \u015f\u0259h\u0259rind\u0259 anadan olub. 1975-ci ild\u0259n &ouml;mr&uuml;n&uuml;n son g&uuml;n&uuml;n\u0259d\u0259k Az\u0259rbaycan Yaz\u0131&ccedil;\u0131lar Birliyind\u0259 poeziya &uuml;zr\u0259 m\u0259sl\u0259h\u0259t&ccedil;i i\u015fl\u0259yib. Prezidentin f\u0259xri t\u0259qa&uuml;d&ccedil;&uuml;s&uuml; idi.<\/span><br style=\"margin: 0px; padding: 0px; border: 0px; outline: 0px; font-size: 15.4px; vertical-align: baseline; background-image: initial; background-position: initial; background-size: initial; background-repeat: initial; background-attachment: initial; background-origin: initial; background-clip: initial; font-family: Arial, sans-serif;\" \/><br \/>\n<br style=\"margin: 0px; padding: 0px; border: 0px; outline: 0px; font-size: 15.4px; vertical-align: baseline; background-image: initial; background-position: initial; background-size: initial; background-repeat: initial; background-attachment: initial; background-origin: initial; background-clip: initial; font-family: Arial, sans-serif;\" \/><br \/>\n<span style=\"font-family: Arial, sans-serif; font-size: 15.4px;\">Az\u0259rbaycanl\u0131 yaz\u0131&ccedil;\u0131, rejissor, ssenarist Orxan Fikr\u0259to\u011flunun atas\u0131d\u0131r.<\/span><\/p>\n","protected":false},"excerpt":{"rendered":"<p>Az\u0259rbaycan poeziyas\u0131n\u0131n g&ouml;rk\u0259mli n&uuml;may\u0259nd\u0259si, \u015fair, publisist, ssenari m&uuml;\u0259llifi, kino redaktoru Az\u0259rbaycan\u0131n \u018fm\u0259kdar m\u0259d\u0259niyy\u0259t i\u015f&ccedil;isi v\u0259 Az\u0259rbaycan D&ouml;vl\u0259t m&uuml;kafat\u0131 laureat\u0131 Fikr\u0259t Sad\u0131q 86 ya\u015f\u0131nda v\u0259fat edib. Ucnoqta.azx\u0259b\u0259r verir ki, bu bar\u0259d\u0259&hellip;<\/p>\n","protected":false},"author":1,"featured_media":251278,"comment_status":"open","ping_status":"open","sticky":false,"template":"","format":"standard","meta":{"_lmt_disableupdate":"","_lmt_disable":"","footnotes":""},"categories":[101],"tags":[],"class_list":["post-52761","post","type-post","status-publish","format-standard","has-post-thumbnail","hentry","category-cemiyyet"],"_links":{"self":[{"href":"https:\/\/ucnoqta.az\/index.php?rest_route=\/wp\/v2\/posts\/52761","targetHints":{"allow":["GET"]}}],"collection":[{"href":"https:\/\/ucnoqta.az\/index.php?rest_route=\/wp\/v2\/posts"}],"about":[{"href":"https:\/\/ucnoqta.az\/index.php?rest_route=\/wp\/v2\/types\/post"}],"author":[{"embeddable":true,"href":"https:\/\/ucnoqta.az\/index.php?rest_route=\/wp\/v2\/users\/1"}],"replies":[{"embeddable":true,"href":"https:\/\/ucnoqta.az\/index.php?rest_route=%2Fwp%2Fv2%2Fcomments&post=52761"}],"version-history":[{"count":0,"href":"https:\/\/ucnoqta.az\/index.php?rest_route=\/wp\/v2\/posts\/52761\/revisions"}],"wp:featuredmedia":[{"embeddable":true,"href":"https:\/\/ucnoqta.az\/index.php?rest_route=\/wp\/v2\/media\/251278"}],"wp:attachment":[{"href":"https:\/\/ucnoqta.az\/index.php?rest_route=%2Fwp%2Fv2%2Fmedia&parent=52761"}],"wp:term":[{"taxonomy":"category","embeddable":true,"href":"https:\/\/ucnoqta.az\/index.php?rest_route=%2Fwp%2Fv2%2Fcategories&post=52761"},{"taxonomy":"post_tag","embeddable":true,"href":"https:\/\/ucnoqta.az\/index.php?rest_route=%2Fwp%2Fv2%2Ftags&post=52761"}],"curies":[{"name":"wp","href":"https:\/\/api.w.org\/{rel}","templated":true}]}}