{"id":52754,"date":"2017-11-18T16:33:42","date_gmt":"2017-11-18T12:33:42","guid":{"rendered":""},"modified":"-0001-11-30T00:00:00","modified_gmt":"-0001-11-29T20:00:00","slug":"","status":"publish","type":"post","link":"https:\/\/ucnoqta.az\/?p=52754","title":{"rendered":"Az\u0259rbaycan\u0131n \u201cDubay Ekspo 2020\u201dd\u0259 i\u015ftirak\u0131 haqq\u0131nda m\u00fcqavil\u0259 imzalan\u0131b"},"content":{"rendered":"<p droid=\"\" font-size:=\"\" new=\"\" skolar=\"\" style=\"margin: 10px 0px 0px; padding: 0px; border: 0px; outline: 0px; vertical-align: baseline; background: transparent; color: rgb(0, 0, 0); font-family: \" times=\"\"><strong>Birl\u0259\u015fmi\u015f \u018fr\u0259b \u018fmirlikl\u0259rinin (B\u018f\u018f) Dubay \u0259mirliyind\u0259 &ldquo;Ekspo 2020&rdquo; &uuml;mumd&uuml;nya s\u0259rgisi &uuml;&ccedil;&uuml;n \u0259sas haz\u0131rl\u0131qlardan biri hesab olunan 2-ci beyn\u0259lxalq i\u015ftirak&ccedil;\u0131lar toplant\u0131s\u0131 (IPM &ndash; International Participants Meeting) ke&ccedil;irilib.&nbsp;<\/strong><\/p>\n<p droid=\"\" font-size:=\"\" new=\"\" skolar=\"\" style=\"margin: 10px 0px 0px; padding: 0px; border: 0px; outline: 0px; vertical-align: baseline; background: transparent; color: rgb(0, 0, 0); font-family: \" times=\"\">&nbsp;<\/p>\n<p droid=\"\" font-size:=\"\" new=\"\" skolar=\"\" style=\"margin: 10px 0px 0px; padding: 0px; border: 0px; outline: 0px; vertical-align: baseline; background: transparent; color: rgb(0, 0, 0); font-family: \" times=\"\">Ucnoqta.az&nbsp; x\u0259b\u0259r verir ki,&nbsp;<a class=\"search-tag\" href=\"http:\/\/report.az\/persona\/heyd%C9%99r-%C9%99liyev\/\" style=\"margin: 0px; padding: 0px; border: 0px; outline: 0px; vertical-align: baseline; background: transparent; text-decoration-line: none; color: rgb(22, 46, 82);\" target=\"_blank\">Heyd\u0259r \u018fliyev<\/a>&nbsp;M\u0259rk\u0259zind\u0259n veril\u0259n m\u0259lumata g&ouml;r\u0259, toplant\u0131da i\u015ftirak&ccedil;\u0131 &ouml;lk\u0259l\u0259r &ldquo;Ekspo 2020&rdquo; \u0259r\u0259f\u0259sind\u0259 g&ouml;r&uuml;l\u0259n i\u015fl\u0259r v\u0259 g\u0259l\u0259c\u0259k planlar bar\u0259d\u0259 &ccedil;\u0131x\u0131\u015f edibl\u0259r.<\/p>\n<p droid=\"\" font-size:=\"\" new=\"\" skolar=\"\" style=\"margin: 10px 0px 0px; padding: 0px; border: 0px; outline: 0px; vertical-align: baseline; background: transparent; color: rgb(0, 0, 0); font-family: \" times=\"\">Heyd\u0259r \u018fliyev M\u0259rk\u0259zinin direktoru&nbsp;<a class=\"search-tag\" href=\"http:\/\/report.az\/persona\/Anar%C6%8Fl%C9%99kb%C9%99rov\/\" style=\"margin: 0px; padding: 0px; border: 0px; outline: 0px; vertical-align: baseline; background: transparent; text-decoration-line: none; color: rgb(22, 46, 82);\" target=\"_blank\">Anar \u018fl\u0259kb\u0259rov<\/a>&nbsp;Az\u0259rbaycan\u0131n beyn\u0259lxalq s\u0259rgil\u0259rd\u0259 i\u015ftirak t\u0259cr&uuml;b\u0259si, o c&uuml;ml\u0259d\u0259n son ill\u0259rd\u0259 Milan, Antalya v\u0259 Astanada ke&ccedil;iril\u0259n ekspo s\u0259rgil\u0259rind\u0259 milli pavilyonla u\u011furla t\u0259msil olunmas\u0131 bar\u0259d\u0259 m\u0259lumat verib. \u0130clas &ccedil;\u0259r&ccedil;iv\u0259sind\u0259 Az\u0259rbaycan Respublikas\u0131n\u0131n &ldquo;Dubay Ekspo 2020&rdquo;d\u0259 i\u015ftirak\u0131 haqq\u0131nda m&uuml;qavil\u0259 imzalan\u0131b.<\/p>\n<p droid=\"\" font-size:=\"\" new=\"\" skolar=\"\" style=\"margin: 10px 0px 0px; padding: 0px; border: 0px; outline: 0px; vertical-align: baseline; background: transparent; color: rgb(0, 0, 0); font-family: \" times=\"\">&ldquo;Dubay Ekspo 2020&rdquo;nin ba\u015f direktoru v\u0259 B\u018f\u018f-nin beyn\u0259lxalq \u0259m\u0259kda\u015fl\u0131q &uuml;zr\u0259 d&ouml;vl\u0259t naziri Rim Al H\u0259\u015fimi planla\u015fd\u0131rma t\u0259qvimi &uuml;zr\u0259 \u0259ld\u0259 olunan nailiyy\u0259tl\u0259r v\u0259 g\u0259l\u0259c\u0259k m\u0259rh\u0259l\u0259l\u0259r bar\u0259d\u0259 dan\u0131\u015f\u0131b.<\/p>\n<p droid=\"\" font-size:=\"\" new=\"\" skolar=\"\" style=\"margin: 10px 0px 0px; padding: 0px; border: 0px; outline: 0px; vertical-align: baseline; background: transparent; color: rgb(0, 0, 0); font-family: \" times=\"\">Beyn\u0259lxalq S\u0259rgil\u0259r B&uuml;rosunun ba\u015f katibinin m&uuml;avini Dimitri Kerkentzes \u0259ld\u0259 olunan n\u0259tic\u0259l\u0259ri y&uuml;ks\u0259k qiym\u0259tl\u0259ndir\u0259r\u0259k deyib: &ldquo;Bizim &uuml;&ccedil;&uuml;n bu g&uuml;n fikrimizi haz\u0131rl\u0131q i\u015fl\u0259rin\u0259 y&ouml;n\u0259ltm\u0259k v\u0259 &uuml;&ccedil; ild\u0259n sonra d&uuml;nyan\u0131 &ldquo;Dubay Ekspo 2020&rdquo;d\u0259 q\u0259bul etm\u0259y\u0259 tam haz\u0131r olmaq &ccedil;ox vacibdir&rdquo;.<\/p>\n<p droid=\"\" font-size:=\"\" new=\"\" skolar=\"\" style=\"margin: 10px 0px 0px; padding: 0px; border: 0px; outline: 0px; vertical-align: baseline; background: transparent; color: rgb(0, 0, 0); font-family: \" times=\"\">Qeyd ed\u0259k ki, &ldquo;Zehinl\u0259ri birl\u0259\u015fdir\u0259k, g\u0259l\u0259c\u0259yi quraq&rdquo; 2020-ci ild\u0259 ke&ccedil;iril\u0259c\u0259k &ldquo;Dubay Ekspo&rdquo;nun \u0259sas m&ouml;vzusudur. 438 hektar \u0259razid\u0259 yarad\u0131lacaq beyn\u0259lxalq s\u0259rgid\u0259 180 &ouml;lk\u0259nin i\u015ftirak ed\u0259c\u0259yi v\u0259 25 milyon ziyar\u0259t&ccedil;inin g\u0259l\u0259c\u0259yi g&ouml;zl\u0259nilir.<\/p>\n<p droid=\"\" font-size:=\"\" new=\"\" skolar=\"\" style=\"margin: 10px 0px 0px; padding: 0px; border: 0px; outline: 0px; vertical-align: baseline; background: transparent; color: rgb(0, 0, 0); font-family: \" times=\"\">&ldquo;Dubay Ekspo&rdquo; 2020-ci il oktyabr\u0131n 20-d\u0259n 2021-ci il aprelin 21-n\u0259 q\u0259d\u0259r davam ed\u0259c\u0259k.\/\/Report\/\/<\/p>\n","protected":false},"excerpt":{"rendered":"<p>Birl\u0259\u015fmi\u015f \u018fr\u0259b \u018fmirlikl\u0259rinin (B\u018f\u018f) Dubay \u0259mirliyind\u0259 &ldquo;Ekspo 2020&rdquo; &uuml;mumd&uuml;nya s\u0259rgisi &uuml;&ccedil;&uuml;n \u0259sas haz\u0131rl\u0131qlardan biri hesab olunan 2-ci beyn\u0259lxalq i\u015ftirak&ccedil;\u0131lar toplant\u0131s\u0131 (IPM &ndash; International Participants Meeting) ke&ccedil;irilib.&nbsp; &nbsp; Ucnoqta.az&nbsp; x\u0259b\u0259r verir&hellip;<\/p>\n","protected":false},"author":1,"featured_media":251278,"comment_status":"open","ping_status":"open","sticky":false,"template":"","format":"standard","meta":{"_lmt_disableupdate":"","_lmt_disable":"","footnotes":""},"categories":[91],"tags":[],"class_list":["post-52754","post","type-post","status-publish","format-standard","has-post-thumbnail","hentry","category-olkeici"],"_links":{"self":[{"href":"https:\/\/ucnoqta.az\/index.php?rest_route=\/wp\/v2\/posts\/52754","targetHints":{"allow":["GET"]}}],"collection":[{"href":"https:\/\/ucnoqta.az\/index.php?rest_route=\/wp\/v2\/posts"}],"about":[{"href":"https:\/\/ucnoqta.az\/index.php?rest_route=\/wp\/v2\/types\/post"}],"author":[{"embeddable":true,"href":"https:\/\/ucnoqta.az\/index.php?rest_route=\/wp\/v2\/users\/1"}],"replies":[{"embeddable":true,"href":"https:\/\/ucnoqta.az\/index.php?rest_route=%2Fwp%2Fv2%2Fcomments&post=52754"}],"version-history":[{"count":0,"href":"https:\/\/ucnoqta.az\/index.php?rest_route=\/wp\/v2\/posts\/52754\/revisions"}],"wp:featuredmedia":[{"embeddable":true,"href":"https:\/\/ucnoqta.az\/index.php?rest_route=\/wp\/v2\/media\/251278"}],"wp:attachment":[{"href":"https:\/\/ucnoqta.az\/index.php?rest_route=%2Fwp%2Fv2%2Fmedia&parent=52754"}],"wp:term":[{"taxonomy":"category","embeddable":true,"href":"https:\/\/ucnoqta.az\/index.php?rest_route=%2Fwp%2Fv2%2Fcategories&post=52754"},{"taxonomy":"post_tag","embeddable":true,"href":"https:\/\/ucnoqta.az\/index.php?rest_route=%2Fwp%2Fv2%2Ftags&post=52754"}],"curies":[{"name":"wp","href":"https:\/\/api.w.org\/{rel}","templated":true}]}}