{"id":52750,"date":"2017-11-18T17:10:34","date_gmt":"2017-11-18T13:10:34","guid":{"rendered":""},"modified":"-0001-11-30T00:00:00","modified_gmt":"-0001-11-29T20:00:00","slug":"","status":"publish","type":"post","link":"https:\/\/ucnoqta.az\/?p=52750","title":{"rendered":"AFFA-dan geri add\u0131m: <font color=red><b>komit\u0259l\u0259r l\u0259\u011fv edilir<\/b><\/font>"},"content":{"rendered":"<div style=\"box-sizing: border-box; color: rgb(0, 0, 0); font-family: Arial; font-size: 14px;\"><strong>3 illik f\u0259aliyy\u0259t fayda verm\u0259di. Bu layih\u0259l\u0259rin laz\u0131ms\u0131zl\u0131\u011f\u0131 d\u0259qiql\u0259\u015fdi v\u0259 AFFA geri add\u0131m atma\u011fa m\u0259cbur oldu.<\/strong><\/div>\n<div style=\"box-sizing: border-box; color: rgb(0, 0, 0); font-family: Arial; font-size: 14px;\">&nbsp;<\/div>\n<div style=\"box-sizing: border-box; color: rgb(0, 0, 0); font-family: Arial; font-size: 14px;\">\u018fslind\u0259, m\u0259tbuat h\u0259l\u0259 o zaman bel\u0259 komit\u0259l\u0259r\u0259 ehtiyac olmad\u0131\u011f\u0131n\u0131 yaz\u0131rd\u0131.<\/div>\n<div style=\"box-sizing: border-box; color: rgb(0, 0, 0); font-family: Arial; font-size: 14px;\">&nbsp;<\/div>\n<div style=\"box-sizing: border-box; color: rgb(0, 0, 0); font-family: Arial; font-size: 14px;\">AFFA \u0130craiyy\u0259 Komit\u0259sinin bu il &uuml;&ccedil;&uuml;n g&ouml;zl\u0259nil\u0259n son iclas\u0131nda b\u0259zi m&uuml;h&uuml;m q\u0259rarlar veril\u0259c\u0259k. Onlardan \u0259n &ouml;n\u0259mlisi is\u0259 2 komit\u0259nin l\u0259\u011fvi il\u0259 ba\u011fl\u0131 olmal\u0131d\u0131. Ciddi m\u0259nb\u0259l\u0259rd\u0259n \u0259ld\u0259 etdiyimiz bilgiy\u0259 g&ouml;r\u0259, M\u0259\u015fq&ccedil;il\u0259r Komit\u0259si v\u0259 Klublar Komit\u0259sinin i\u015fin\u0259 xitam veril\u0259c\u0259k. Bu haqda futbol cami\u0259sind\u0259 d\u0259 m&uuml;zakir\u0259l\u0259r intensivl\u0259\u015fib.<\/div>\n<div style=\"box-sizing: border-box; color: rgb(0, 0, 0); font-family: Arial; font-size: 14px;\">&nbsp;<\/div>\n<div style=\"box-sizing: border-box; color: rgb(0, 0, 0); font-family: Arial; font-size: 14px;\">&ldquo;Sumqay\u0131t&rdquo;\u0131n prezidenti Kamran Quliyevi tapmaq m&uuml;mk&uuml;n deyil. H\u0259m d\u0259 Klublar Komit\u0259sinin s\u0259dri olan bu \u015f\u0259xs z\u0259ngl\u0259r\u0259 cavab vermir, klubun m\u0259tbuat xidm\u0259ti is\u0259 komit\u0259yl\u0259 ba\u011fl\u0131 m\u0259s\u0259l\u0259ni cavabland\u0131rm\u0131r. AFFA-n\u0131n m\u0259tbuat katibi Firuz Abdulla da israrla komit\u0259nin n\u0259 vaxt y\u0131\u011f\u0131laca\u011f\u0131yla ba\u011fl\u0131 suala yaln\u0131z Quliyevin cavab ver\u0259 bil\u0259c\u0259yini deyir.<\/div>\n<div style=\"box-sizing: border-box; color: rgb(0, 0, 0); font-family: Arial; font-size: 14px;\">&nbsp;<\/div>\n<div style=\"box-sizing: border-box; color: rgb(0, 0, 0); font-family: Arial; font-size: 14px;\">Kamran b\u0259y qa&ccedil;\u0131r, gizl\u0259nir, g&ouml;z\u0259 g&ouml;r&uuml;nm&uuml;r. Aylard\u0131 bir araya g\u0259lm\u0259y\u0259n komit\u0259nin f\u0259aliyy\u0259tsizliyi il\u0259 ba\u011fl\u0131 bilgi almaq &uuml;&ccedil;&uuml;ns\u0259 ba\u015fqa m\u0259nb\u0259miz yoxdu. El\u0259 bu m\u0259tbautdanqa&ccedil;ma fakt\u0131 da komit\u0259l\u0259rin l\u0259\u011fvi il\u0259 ba\u011fl\u0131 x\u0259b\u0259rl\u0259rin h\u0259qiq\u0259t oldu\u011funu g&ouml;st\u0259rir.<\/div>\n<div style=\"box-sizing: border-box; color: rgb(0, 0, 0); font-family: Arial; font-size: 14px;\">&nbsp;<\/div>\n<div style=\"box-sizing: border-box; color: rgb(0, 0, 0); font-family: Arial; font-size: 14px;\">2014-c&uuml; il dekabr\u0131n 3-d\u0259 yarad\u0131lan dig\u0259r komit\u0259nin l\u0259\u011fvinin d\u0259 s\u0259b\u0259bi sad\u0259di. Bu qurum da &ouml;lk\u0259 futbolunda he&ccedil; n\u0259y\u0259 faydal\u0131 olmad\u0131. Y\u0131\u011fma v\u0259 klublarla xarici s\u0259f\u0259rl\u0259r\u0259 getm\u0259kl\u0259 kifay\u0259tl\u0259n\u0259n komit\u0259 &uuml;zvl\u0259ri yaln\u0131z t&ouml;vsiy\u0259 verm\u0259kl\u0259 m\u0259\u015f\u011fuldu.<\/div>\n<div style=\"box-sizing: border-box; color: rgb(0, 0, 0); font-family: Arial; font-size: 14px;\">&nbsp;<\/div>\n<div style=\"box-sizing: border-box; color: rgb(0, 0, 0); font-family: Arial; font-size: 14px;\">Prosesl\u0259rd\u0259 ciddi rolu olmayan M\u0259\u015fq&ccedil;il\u0259r Komit\u0259si bundan sonra milli komandalar\u0131n da i\u015fin\u0259 qar\u0131\u015fa bilm\u0259y\u0259c\u0259k. \u018fvv\u0259ll\u0259r y\u0131\u011fmalara m\u0259\u015fq&ccedil;i t&ouml;vsiy\u0259 etm\u0259k kimi s\u0259lahiyy\u0259ti olan qurum Qurban Qurbanovun b&uuml;t&uuml;n y\u0131\u011fmalara n\u0259zar\u0259ti \u0259l\u0259 ke&ccedil;irm\u0259sind\u0259n sonra ofsayda d&uuml;\u015f&uuml;b. &Uuml;st\u0259lik, qurumun m\u0259sl\u0259h\u0259t bildiyi b&uuml;t&uuml;n m\u0259\u015fq&ccedil;il\u0259r d\u0259 fiaskoya u\u011fray\u0131b.<\/div>\n<div style=\"box-sizing: border-box; color: rgb(0, 0, 0); font-family: Arial; font-size: 14px;\">&nbsp;<\/div>\n<div style=\"box-sizing: border-box; color: rgb(0, 0, 0); font-family: Arial; font-size: 14px;\">Sadalananlar da g&ouml;st\u0259rir ki, h\u0259r iki komit\u0259nin l\u0259\u011fvi lab&uuml;dd&uuml; v\u0259 \u0130craiyy\u0259 Komit\u0259sinin iclas\u0131nda yekun q\u0259rar veril\u0259c\u0259k. Media Komit\u0259si il\u0259 ba\u011fl\u0131 is\u0259 t\u0259r\u0259dd&uuml;dl\u0259r var. Bu qurumu yenid\u0259n formala\u015fd\u0131rmaq ist\u0259y\u0259n AFFA t\u0259nqidl\u0259rd\u0259n qa&ccedil;maq &uuml;&ccedil;&uuml;n b\u0259zi m\u0259tbuat orqanlar\u0131 il\u0259 dan\u0131\u015f\u0131q apar\u0131r, n&uuml;fuzdan d&uuml;\u015fm&uuml;\u015f MK-ya sanbal qazand\u0131rma\u011fa &ccedil;al\u0131\u015f\u0131r. Apar\u0131c\u0131 jurnalistl\u0259rin bu qurumdan, onun idar\u0259 hey\u0259tind\u0259n ya k\u0259nar qalmas\u0131, ya da zamanla uzaqla\u015fmas\u0131 komit\u0259nin imicin\u0259 z\u0259rb\u0259 vurub. Hazirda statist rolu oynayan, m\u0259nas\u0131z layih\u0259l\u0259r\u0259 m\u0259hdud maliyy\u0259 ay\u0131rmaqla kifay\u0259tl\u0259n\u0259n qurumun perspektivi g&ouml;r&uuml;nm&uuml;r. Bu &uuml;zd\u0259n ya komit\u0259nin f\u0259rqli formatda saxlan\u0131lmas\u0131, ya da n&ouml;vb\u0259ti konfransda l\u0259\u011fvi g&uuml;nd\u0259md\u0259di.<\/div>\n","protected":false},"excerpt":{"rendered":"<p>3 illik f\u0259aliyy\u0259t fayda verm\u0259di. Bu layih\u0259l\u0259rin laz\u0131ms\u0131zl\u0131\u011f\u0131 d\u0259qiql\u0259\u015fdi v\u0259 AFFA geri add\u0131m atma\u011fa m\u0259cbur oldu. &nbsp; \u018fslind\u0259, m\u0259tbuat h\u0259l\u0259 o zaman bel\u0259 komit\u0259l\u0259r\u0259 ehtiyac olmad\u0131\u011f\u0131n\u0131 yaz\u0131rd\u0131. &nbsp; AFFA \u0130craiyy\u0259&hellip;<\/p>\n","protected":false},"author":1,"featured_media":251278,"comment_status":"open","ping_status":"open","sticky":false,"template":"","format":"standard","meta":{"_lmt_disableupdate":"","_lmt_disable":"","footnotes":""},"categories":[90],"tags":[],"class_list":["post-52750","post","type-post","status-publish","format-standard","has-post-thumbnail","hentry","category-idman-butun-xeberler"],"_links":{"self":[{"href":"https:\/\/ucnoqta.az\/index.php?rest_route=\/wp\/v2\/posts\/52750","targetHints":{"allow":["GET"]}}],"collection":[{"href":"https:\/\/ucnoqta.az\/index.php?rest_route=\/wp\/v2\/posts"}],"about":[{"href":"https:\/\/ucnoqta.az\/index.php?rest_route=\/wp\/v2\/types\/post"}],"author":[{"embeddable":true,"href":"https:\/\/ucnoqta.az\/index.php?rest_route=\/wp\/v2\/users\/1"}],"replies":[{"embeddable":true,"href":"https:\/\/ucnoqta.az\/index.php?rest_route=%2Fwp%2Fv2%2Fcomments&post=52750"}],"version-history":[{"count":0,"href":"https:\/\/ucnoqta.az\/index.php?rest_route=\/wp\/v2\/posts\/52750\/revisions"}],"wp:featuredmedia":[{"embeddable":true,"href":"https:\/\/ucnoqta.az\/index.php?rest_route=\/wp\/v2\/media\/251278"}],"wp:attachment":[{"href":"https:\/\/ucnoqta.az\/index.php?rest_route=%2Fwp%2Fv2%2Fmedia&parent=52750"}],"wp:term":[{"taxonomy":"category","embeddable":true,"href":"https:\/\/ucnoqta.az\/index.php?rest_route=%2Fwp%2Fv2%2Fcategories&post=52750"},{"taxonomy":"post_tag","embeddable":true,"href":"https:\/\/ucnoqta.az\/index.php?rest_route=%2Fwp%2Fv2%2Ftags&post=52750"}],"curies":[{"name":"wp","href":"https:\/\/api.w.org\/{rel}","templated":true}]}}