{"id":52744,"date":"2017-11-18T13:25:08","date_gmt":"2017-11-18T09:25:08","guid":{"rendered":""},"modified":"-0001-11-30T00:00:00","modified_gmt":"-0001-11-29T20:00:00","slug":"","status":"publish","type":"post","link":"https:\/\/ucnoqta.az\/?p=52744","title":{"rendered":"\u201c\u0130cra hakimiyy\u0259tl\u0259ri b\u0259l\u0259diyy\u0259l\u0259ri saym\u0131r\u201d &#8211; <font color=red><b>Deputatdan s\u0259rt Reaksiya<\/b><\/font>"},"content":{"rendered":"<p font-size:=\"\" helvetica=\"\" style=\"box-sizing: border-box; margin: 0px 0px 10px; font-family: \"><span style=\"box-sizing: border-box; font-weight: 700;\">&ldquo;Bu g&uuml;n \u0259ks\u0259r b\u0259l\u0259diyy\u0259l\u0259rin f\u0259aliyy\u0259ti he&ccedil; d\u0259 qaneedici deyil. Amma onlar\u0131n i&ccedil;\u0259risind\u0259 f\u0259aliyy\u0259ti yax\u015f\u0131 olan b\u0259l\u0259diyy\u0259l\u0259r d\u0259 var. &Uuml;mumilikd\u0259 b\u0259l\u0259diyy\u0259l\u0259rin n&uuml;fuzsuz orqan olmas\u0131n\u0131 dem\u0259k d&uuml;zg&uuml;n &ccedil;\u0131xmaz&rdquo;.&nbsp;&nbsp;<\/span><\/p>\n<p font-size:=\"\" helvetica=\"\" style=\"box-sizing: border-box; margin: 0px 0px 10px; font-family: \">&nbsp;<\/p>\n<p font-size:=\"\" helvetica=\"\" style=\"box-sizing: border-box; margin: 0px 0px 10px; font-family: \">&ldquo;Ucnoqta.az&rdquo; x\u0259b\u0259r verir ki, bunu Modern.az-a a&ccedil;\u0131qlamas\u0131nda Milli M\u0259clisin Regional m\u0259s\u0259l\u0259l\u0259r komit\u0259sinin &uuml;zv&uuml; Tahir Rzayev deyib. Deputat bildirib ki, harada m&uuml;vafiq v\u0259 yerli icra hakimiyy\u0259ti orqanlar\u0131 t\u0259r\u0259find\u0259n b\u0259l\u0259diyy\u0259l\u0259r\u0259 yax\u015f\u0131 m&uuml;nasib\u0259t var, orada onlar yax\u015f\u0131 i\u015fl\u0259yirl\u0259r.<\/p>\n<p font-size:=\"\" helvetica=\"\" style=\"box-sizing: border-box; margin: 0px 0px 10px; font-family: \">&ldquo;Harada ki, bu m&uuml;nasib\u0259t yoxdur, orada b\u0259l\u0259diyy\u0259l\u0259r passiv f\u0259aliyy\u0259t g&ouml;st\u0259rir. B\u0259zi icra hakimiyy\u0259ti orqanlar\u0131 var ki, b\u0259l\u0259diyy\u0259l\u0259r\u0259 \u0259lav\u0259 qurum kimi bax\u0131rlar. B\u0259zi b\u0259l\u0259diyy\u0259l\u0259rin d\u0259 t\u0259\u015f\u0259bb&uuml;sl\u0259ri yoxdur. B\u0259l\u0259diyy\u0259l\u0259r &ouml;z \u0259razil\u0259rind\u0259 olanlardan vergi y\u0131\u011fmal\u0131d\u0131r. Onlar bunu etm\u0259y\u0259 utan\u0131rlar. Deyirl\u0259r ki, m\u0259n niy\u0259 filank\u0259sl\u0259 pis olmal\u0131yam ki? B\u0259l\u0259diyy\u0259l\u0259r niy\u0259 gedib h\u0259min \u015f\u0259xsl\u0259rd\u0259n haqq\u0131n t\u0259l\u0259b etm\u0259m\u0259lidir? Ax\u0131 bu vergini verm\u0259y\u0259nl\u0259r b\u0259l\u0259diyy\u0259l\u0259rin saxlanma\u011f\u0131n\u0131 ist\u0259m\u0259y\u0259nl\u0259rdir. \u018fg\u0259r bel\u0259diyy\u0259l\u0259r normal vergi y\u0131\u011fa bils\u0259, yax\u015f\u0131 da i\u015f g&ouml;r\u0259 bil\u0259r.&nbsp; \u018fks\u0259r b\u0259l\u0259diyy\u0259 s\u0259drl\u0259ri deyir ki, 5 illik se&ccedil;ildim v\u0259 bit\u0259h\u0259r yola verim, g\u0259l\u0259c\u0259kd\u0259 bir d\u0259f\u0259 d\u0259 se&ccedil;ilim. Amma bu bel\u0259 olmamal\u0131d\u0131r ax\u0131. 1999-cu ild\u0259n b\u0259l\u0259diyy\u0259 se&ccedil;kil\u0259ri ke&ccedil;irilir. El\u0259 b\u0259l\u0259diyy\u0259 s\u0259dri var ki, 18 ildir ki v\u0259zif\u0259d\u0259dir&rdquo;.<br style=\"box-sizing: border-box;\" \/><br \/>\n&nbsp;<br style=\"box-sizing: border-box;\" \/><br \/>\nT.Rzayev deyib ki, b\u0259z\u0259n&nbsp; yerli icra hakimiyy\u0259ti orqanlar\u0131 b\u0259l\u0259diyy\u0259l\u0259r\u0259 \u0259sass\u0131z tap\u015f\u0131r\u0131qlar verirl\u0259r, qeyri-ciddi qurum kimi bax\u0131rlar.<br style=\"box-sizing: border-box;\" \/><br \/>\n&ldquo;Bir b\u0259l\u0259diyy\u0259 dig\u0259rinin torpa\u011f\u0131n\u0131 v\u0259t\u0259nda\u015fa satmas\u0131 faktlar\u0131 da var.&nbsp; Bu x\u0259rit\u0259l\u0259rin d&uuml;zg&uuml;n olmamas\u0131 il\u0259 \u0259laq\u0259dard\u0131r. Ancaq art\u0131q bir ne&ccedil;\u0259 b\u0259l\u0259diyy\u0259nin x\u0259rit\u0259si haz\u0131rlanaraq onlara verilib. Dig\u0259rl\u0259rinin is\u0259 x\u0259rit\u0259l\u0259rinin haz\u0131rlanmas\u0131 istiqam\u0259tind\u0259 i\u015fl\u0259r apar\u0131l\u0131r. &Uuml;mid edir\u0259m ki, bu problem yax\u0131n vaxtlarda &ouml;z h\u0259llini tapacaq&rdquo;.<\/p>\n","protected":false},"excerpt":{"rendered":"<p>&ldquo;Bu g&uuml;n \u0259ks\u0259r b\u0259l\u0259diyy\u0259l\u0259rin f\u0259aliyy\u0259ti he&ccedil; d\u0259 qaneedici deyil. Amma onlar\u0131n i&ccedil;\u0259risind\u0259 f\u0259aliyy\u0259ti yax\u015f\u0131 olan b\u0259l\u0259diyy\u0259l\u0259r d\u0259 var. &Uuml;mumilikd\u0259 b\u0259l\u0259diyy\u0259l\u0259rin n&uuml;fuzsuz orqan olmas\u0131n\u0131 dem\u0259k d&uuml;zg&uuml;n &ccedil;\u0131xmaz&rdquo;.&nbsp;&nbsp; &nbsp; &ldquo;Ucnoqta.az&rdquo; x\u0259b\u0259r verir&hellip;<\/p>\n","protected":false},"author":1,"featured_media":251278,"comment_status":"open","ping_status":"open","sticky":false,"template":"","format":"standard","meta":{"_lmt_disableupdate":"","_lmt_disable":"","footnotes":""},"categories":[91],"tags":[],"class_list":["post-52744","post","type-post","status-publish","format-standard","has-post-thumbnail","hentry","category-olkeici"],"_links":{"self":[{"href":"https:\/\/ucnoqta.az\/index.php?rest_route=\/wp\/v2\/posts\/52744","targetHints":{"allow":["GET"]}}],"collection":[{"href":"https:\/\/ucnoqta.az\/index.php?rest_route=\/wp\/v2\/posts"}],"about":[{"href":"https:\/\/ucnoqta.az\/index.php?rest_route=\/wp\/v2\/types\/post"}],"author":[{"embeddable":true,"href":"https:\/\/ucnoqta.az\/index.php?rest_route=\/wp\/v2\/users\/1"}],"replies":[{"embeddable":true,"href":"https:\/\/ucnoqta.az\/index.php?rest_route=%2Fwp%2Fv2%2Fcomments&post=52744"}],"version-history":[{"count":0,"href":"https:\/\/ucnoqta.az\/index.php?rest_route=\/wp\/v2\/posts\/52744\/revisions"}],"wp:featuredmedia":[{"embeddable":true,"href":"https:\/\/ucnoqta.az\/index.php?rest_route=\/wp\/v2\/media\/251278"}],"wp:attachment":[{"href":"https:\/\/ucnoqta.az\/index.php?rest_route=%2Fwp%2Fv2%2Fmedia&parent=52744"}],"wp:term":[{"taxonomy":"category","embeddable":true,"href":"https:\/\/ucnoqta.az\/index.php?rest_route=%2Fwp%2Fv2%2Fcategories&post=52744"},{"taxonomy":"post_tag","embeddable":true,"href":"https:\/\/ucnoqta.az\/index.php?rest_route=%2Fwp%2Fv2%2Ftags&post=52744"}],"curies":[{"name":"wp","href":"https:\/\/api.w.org\/{rel}","templated":true}]}}