{"id":52738,"date":"2017-11-18T11:52:17","date_gmt":"2017-11-18T07:52:17","guid":{"rendered":""},"modified":"-0001-11-30T00:00:00","modified_gmt":"-0001-11-29T20:00:00","slug":"","status":"publish","type":"post","link":"https:\/\/ucnoqta.az\/?p=52738","title":{"rendered":"&#8220;\u00c7elsi&#8221; &#8220;Qaraba\u011f&#8221;a uduzsa Konte saqqal\u0131n\u0131 q\u0131rxacaq"},"content":{"rendered":"<p><strong>&quot;&Ccedil;elsi&quot; komandas\u0131n\u0131n ba\u015f m\u0259\u015fq&ccedil;isi Antonio Konte bu g&uuml;n s\u0259f\u0259rd\u0259 &quot;Vest Bromvi&ccedil;&quot;l\u0259 ke&ccedil;ir\u0259c\u0259kl\u0259ri \u0130ngilt\u0259r\u0259 Premyer Liqas\u0131n\u0131n XII tur mat&ccedil;\u0131ndan \u0259vv\u0259l m\u0259tbuat konfrans\u0131na &uuml;z&uuml;t&uuml;kl&uuml; halda qat\u0131l\u0131b.&nbsp; <\/strong><\/p>\n<p>&nbsp;<\/p>\n<p><strong>Ucnoqta.az &quot;<\/strong>Report&quot;a istinad\u0259n x\u0259b\u0259r verir ki, bu g&ouml;rk\u0259mi il\u0259 italiyal\u0131 m&uuml;t\u0259x\u0259ssis jurnalistl\u0259rin t\u0259\u0259cc&uuml;b&uuml;n\u0259 s\u0259b\u0259b olub. Konte h\u0259yat yolda\u015f\u0131n\u0131n ist\u0259yi il\u0259 saqqal buraxd\u0131\u011f\u0131n\u0131 a&ccedil;\u0131qlay\u0131b: &quot;H\u0259yat yolda\u015f\u0131m dedi ki, sif\u0259td\u0259 t&uuml;k yeti\u015fdirm\u0259yi bir d\u0259f\u0259 s\u0131naqdan &ccedil;\u0131xar. Bunu ilk d\u0259f\u0259dir edir\u0259m. Qar\u015f\u0131dak\u0131 g&ouml;r&uuml;\u015f\u0259 baxaca\u011f\u0131q. G&ouml;r\u0259k, m\u0259n\u0259 u\u011fur qazand\u0131racaq, yoxsa&#8230; Zahiri g&ouml;rk\u0259mimi yaln\u0131z xan\u0131m\u0131m bel\u0259 ist\u0259diyi &uuml;&ccedil;&uuml;n d\u0259yi\u015fm\u0259y\u0259 &ccedil;al\u0131\u015faca\u011fam&quot;. &quot;\u0130lk m\u0259\u011flubiyy\u0259tiniz\u0259d\u0259k saqqal qalacaqm\u0131?&quot; sual\u0131na is\u0259 48 ya\u015fl\u0131 m&uuml;t\u0259x\u0259ssis ucadan g&uuml;l\u0259r\u0259k cavab verib &quot;B\u0259li. &Uuml;midvaram ki, m&ouml;vs&uuml;m&uuml;n sonlar\u0131nda m\u0259nim b&ouml;y&uuml;k saqqal\u0131m olacaq&quot;. Qeyd ed\u0259k ki, &quot;Vest Bromvi&ccedil;&quot; &#8211; &quot;&Ccedil;elsi&quot; mat&ccedil;\u0131 Bak\u0131 vaxt\u0131 il\u0259 saat 19:00-da ba\u015flanacaq. Daha sonra &quot;zad\u0259ganlar&quot; noyabr\u0131n 22-d\u0259 &Ccedil;empionlar Liqas\u0131n\u0131n V tur oyununda &quot;Qaraba\u011f&quot;\u0131n qona\u011f\u0131 olacaqlar. Bak\u0131 Olimpiya Stadionunda ke&ccedil;iril\u0259c\u0259k qar\u015f\u0131la\u015fma saat 21:00-da ba\u015flanacaq.&nbsp;<\/p>\n","protected":false},"excerpt":{"rendered":"<p>&quot;&Ccedil;elsi&quot; komandas\u0131n\u0131n ba\u015f m\u0259\u015fq&ccedil;isi Antonio Konte bu g&uuml;n s\u0259f\u0259rd\u0259 &quot;Vest Bromvi&ccedil;&quot;l\u0259 ke&ccedil;ir\u0259c\u0259kl\u0259ri \u0130ngilt\u0259r\u0259 Premyer Liqas\u0131n\u0131n XII tur mat&ccedil;\u0131ndan \u0259vv\u0259l m\u0259tbuat konfrans\u0131na &uuml;z&uuml;t&uuml;kl&uuml; halda qat\u0131l\u0131b.&nbsp; &nbsp; Ucnoqta.az &quot;Report&quot;a istinad\u0259n x\u0259b\u0259r verir&hellip;<\/p>\n","protected":false},"author":1,"featured_media":251278,"comment_status":"open","ping_status":"open","sticky":false,"template":"","format":"standard","meta":{"_lmt_disableupdate":"","_lmt_disable":"","footnotes":""},"categories":[90],"tags":[],"class_list":["post-52738","post","type-post","status-publish","format-standard","has-post-thumbnail","hentry","category-idman-butun-xeberler"],"_links":{"self":[{"href":"https:\/\/ucnoqta.az\/index.php?rest_route=\/wp\/v2\/posts\/52738","targetHints":{"allow":["GET"]}}],"collection":[{"href":"https:\/\/ucnoqta.az\/index.php?rest_route=\/wp\/v2\/posts"}],"about":[{"href":"https:\/\/ucnoqta.az\/index.php?rest_route=\/wp\/v2\/types\/post"}],"author":[{"embeddable":true,"href":"https:\/\/ucnoqta.az\/index.php?rest_route=\/wp\/v2\/users\/1"}],"replies":[{"embeddable":true,"href":"https:\/\/ucnoqta.az\/index.php?rest_route=%2Fwp%2Fv2%2Fcomments&post=52738"}],"version-history":[{"count":0,"href":"https:\/\/ucnoqta.az\/index.php?rest_route=\/wp\/v2\/posts\/52738\/revisions"}],"wp:featuredmedia":[{"embeddable":true,"href":"https:\/\/ucnoqta.az\/index.php?rest_route=\/wp\/v2\/media\/251278"}],"wp:attachment":[{"href":"https:\/\/ucnoqta.az\/index.php?rest_route=%2Fwp%2Fv2%2Fmedia&parent=52738"}],"wp:term":[{"taxonomy":"category","embeddable":true,"href":"https:\/\/ucnoqta.az\/index.php?rest_route=%2Fwp%2Fv2%2Fcategories&post=52738"},{"taxonomy":"post_tag","embeddable":true,"href":"https:\/\/ucnoqta.az\/index.php?rest_route=%2Fwp%2Fv2%2Ftags&post=52738"}],"curies":[{"name":"wp","href":"https:\/\/api.w.org\/{rel}","templated":true}]}}