{"id":52057,"date":"2017-11-02T11:31:05","date_gmt":"2017-11-02T07:31:05","guid":{"rendered":""},"modified":"-0001-11-30T00:00:00","modified_gmt":"-0001-11-29T20:00:00","slug":"","status":"publish","type":"post","link":"https:\/\/ucnoqta.az\/?p=52057","title":{"rendered":"<font color=red><b>Qurban Qurbanov sabah millinin ba\u015f m\u0259\u015fq\u00e7isi ola bil\u0259r<\/b><\/font>"},"content":{"rendered":"<p>Robert Prosine&ccedil;kinin Az\u0259rbaycan milli komandas\u0131n\u0131n ba\u015f m\u0259\u015fq&ccedil;i postundan getm\u0259sind\u0259n sonra bu v\u0259zif\u0259y\u0259 \u0259n &ccedil;ox &ldquo;Qaraba\u011f&rdquo;\u0131n &ccedil;al\u0131\u015fd\u0131r\u0131c\u0131s\u0131 Qurban Qurbanov namiz\u0259d g&ouml;st\u0259rilir. &ldquo;Qafqazinfo&rdquo; x\u0259b\u0259r verir ki, bununla ba\u011fl\u0131 sabah Bak\u0131 Olimpiya Stadionunda \u0130craiyy\u0259 Komit\u0259sinin iclas\u0131 ke&ccedil;iril\u0259c\u0259k. &nbsp;Qurban Qurbanovun da &uuml;zv&uuml; oldu\u011fu komit\u0259 ba\u015f m\u0259\u015fq&ccedil;i il\u0259 ba\u011fl\u0131 son q\u0259rar\u0131 ver\u0259c\u0259k. Ad\u0131n\u0131 a&ccedil;\u0131qlamayan m\u0259nb\u0259 b&ouml;y&uuml;k ehtimalla bu posta m\u0259hz Qurbanovun g\u0259tiril\u0259c\u0259yini qeyd edib. O, millimizin ba\u015f m\u0259\u015fq&ccedil;isi postunu tutmaqla yana\u015f\u0131 &ldquo;Qaraba\u011f&rdquo;dak\u0131 i\u015fini d\u0259 davam etdir\u0259c\u0259k.&nbsp;<\/p>\n","protected":false},"excerpt":{"rendered":"<p>Robert Prosine&ccedil;kinin Az\u0259rbaycan milli komandas\u0131n\u0131n ba\u015f m\u0259\u015fq&ccedil;i postundan getm\u0259sind\u0259n sonra bu v\u0259zif\u0259y\u0259 \u0259n &ccedil;ox &ldquo;Qaraba\u011f&rdquo;\u0131n &ccedil;al\u0131\u015fd\u0131r\u0131c\u0131s\u0131 Qurban Qurbanov namiz\u0259d g&ouml;st\u0259rilir. &ldquo;Qafqazinfo&rdquo; x\u0259b\u0259r verir ki, bununla ba\u011fl\u0131 sabah Bak\u0131 Olimpiya Stadionunda&hellip;<\/p>\n","protected":false},"author":1,"featured_media":251278,"comment_status":"open","ping_status":"open","sticky":false,"template":"","format":"standard","meta":{"_lmt_disableupdate":"","_lmt_disable":"","footnotes":""},"categories":[90],"tags":[],"class_list":["post-52057","post","type-post","status-publish","format-standard","has-post-thumbnail","hentry","category-idman-butun-xeberler"],"_links":{"self":[{"href":"https:\/\/ucnoqta.az\/index.php?rest_route=\/wp\/v2\/posts\/52057","targetHints":{"allow":["GET"]}}],"collection":[{"href":"https:\/\/ucnoqta.az\/index.php?rest_route=\/wp\/v2\/posts"}],"about":[{"href":"https:\/\/ucnoqta.az\/index.php?rest_route=\/wp\/v2\/types\/post"}],"author":[{"embeddable":true,"href":"https:\/\/ucnoqta.az\/index.php?rest_route=\/wp\/v2\/users\/1"}],"replies":[{"embeddable":true,"href":"https:\/\/ucnoqta.az\/index.php?rest_route=%2Fwp%2Fv2%2Fcomments&post=52057"}],"version-history":[{"count":0,"href":"https:\/\/ucnoqta.az\/index.php?rest_route=\/wp\/v2\/posts\/52057\/revisions"}],"wp:featuredmedia":[{"embeddable":true,"href":"https:\/\/ucnoqta.az\/index.php?rest_route=\/wp\/v2\/media\/251278"}],"wp:attachment":[{"href":"https:\/\/ucnoqta.az\/index.php?rest_route=%2Fwp%2Fv2%2Fmedia&parent=52057"}],"wp:term":[{"taxonomy":"category","embeddable":true,"href":"https:\/\/ucnoqta.az\/index.php?rest_route=%2Fwp%2Fv2%2Fcategories&post=52057"},{"taxonomy":"post_tag","embeddable":true,"href":"https:\/\/ucnoqta.az\/index.php?rest_route=%2Fwp%2Fv2%2Ftags&post=52057"}],"curies":[{"name":"wp","href":"https:\/\/api.w.org\/{rel}","templated":true}]}}