{"id":52054,"date":"2017-11-02T11:23:36","date_gmt":"2017-11-02T07:23:36","guid":{"rendered":""},"modified":"-0001-11-30T00:00:00","modified_gmt":"-0001-11-29T20:00:00","slug":"","status":"publish","type":"post","link":"https:\/\/ucnoqta.az\/?p=52054","title":{"rendered":"PKK terror\u00e7ular\u0131 il\u0259 t\u00fcrk h\u0259rb\u00e7il\u0259r aras\u0131nda at\u0131\u015fma: <font color=red><b> 8 \u0259sg\u0259r \u015f\u0259hid olub<\/b><\/font>"},"content":{"rendered":"<p>Bu g&uuml;n \u0130raq\u0131n \u015fimal\u0131ndan T&uuml;rkiy\u0259y\u0259 ke&ccedil;m\u0259k ist\u0259y\u0259n PKK terror&ccedil;ular\u0131 il\u0259 h\u0259rb&ccedil;il\u0259r aras\u0131nda at\u0131\u015fma olub. APA-n\u0131n &ldquo;H&uuml;rriyet&rdquo; q\u0259zetin\u0259 istinad\u0259n verdiyi m\u0259lumata g&ouml;r\u0259, terror&ccedil;ular Hakkari rayonunun \u015e\u0259mdinli q\u0259s\u0259b\u0259sin\u0259 ke&ccedil;m\u0259k ist\u0259yibl\u0259r.<br \/>\nAt\u0131\u015fma n\u0259tic\u0259sind\u0259 8 \u0259sg\u0259r \u015f\u0259hid olub, 4 terror&ccedil;u m\u0259hv edilib.<br \/>\nB&ouml;lg\u0259d\u0259 vertolyotlar\u0131n da c\u0259lb edildiyi geni\u015f miqyasl\u0131 \u0259m\u0259liyyat ba\u015flay\u0131b.<\/p>\n","protected":false},"excerpt":{"rendered":"<p>Bu g&uuml;n \u0130raq\u0131n \u015fimal\u0131ndan T&uuml;rkiy\u0259y\u0259 ke&ccedil;m\u0259k ist\u0259y\u0259n PKK terror&ccedil;ular\u0131 il\u0259 h\u0259rb&ccedil;il\u0259r aras\u0131nda at\u0131\u015fma olub. APA-n\u0131n &ldquo;H&uuml;rriyet&rdquo; q\u0259zetin\u0259 istinad\u0259n verdiyi m\u0259lumata g&ouml;r\u0259, terror&ccedil;ular Hakkari rayonunun \u015e\u0259mdinli q\u0259s\u0259b\u0259sin\u0259 ke&ccedil;m\u0259k ist\u0259yibl\u0259r. At\u0131\u015fma n\u0259tic\u0259sind\u0259&hellip;<\/p>\n","protected":false},"author":1,"featured_media":251278,"comment_status":"open","ping_status":"open","sticky":false,"template":"","format":"standard","meta":{"_lmt_disableupdate":"","_lmt_disable":"","footnotes":""},"categories":[89],"tags":[],"class_list":["post-52054","post","type-post","status-publish","format-standard","has-post-thumbnail","hentry","category-dunya-butun-xeberler"],"_links":{"self":[{"href":"https:\/\/ucnoqta.az\/index.php?rest_route=\/wp\/v2\/posts\/52054","targetHints":{"allow":["GET"]}}],"collection":[{"href":"https:\/\/ucnoqta.az\/index.php?rest_route=\/wp\/v2\/posts"}],"about":[{"href":"https:\/\/ucnoqta.az\/index.php?rest_route=\/wp\/v2\/types\/post"}],"author":[{"embeddable":true,"href":"https:\/\/ucnoqta.az\/index.php?rest_route=\/wp\/v2\/users\/1"}],"replies":[{"embeddable":true,"href":"https:\/\/ucnoqta.az\/index.php?rest_route=%2Fwp%2Fv2%2Fcomments&post=52054"}],"version-history":[{"count":0,"href":"https:\/\/ucnoqta.az\/index.php?rest_route=\/wp\/v2\/posts\/52054\/revisions"}],"wp:featuredmedia":[{"embeddable":true,"href":"https:\/\/ucnoqta.az\/index.php?rest_route=\/wp\/v2\/media\/251278"}],"wp:attachment":[{"href":"https:\/\/ucnoqta.az\/index.php?rest_route=%2Fwp%2Fv2%2Fmedia&parent=52054"}],"wp:term":[{"taxonomy":"category","embeddable":true,"href":"https:\/\/ucnoqta.az\/index.php?rest_route=%2Fwp%2Fv2%2Fcategories&post=52054"},{"taxonomy":"post_tag","embeddable":true,"href":"https:\/\/ucnoqta.az\/index.php?rest_route=%2Fwp%2Fv2%2Ftags&post=52054"}],"curies":[{"name":"wp","href":"https:\/\/api.w.org\/{rel}","templated":true}]}}