{"id":52053,"date":"2017-11-02T11:15:41","date_gmt":"2017-11-02T07:15:41","guid":{"rendered":""},"modified":"-0001-11-30T00:00:00","modified_gmt":"-0001-11-29T20:00:00","slug":"","status":"publish","type":"post","link":"https:\/\/ucnoqta.az\/?p=52053","title":{"rendered":"<font color=red><b>\u018frdo\u011fan v\u0259 Putin Da\u011fl\u0131q Qaraba\u011f m\u00fcnaqi\u015f\u0259sini m\u00fczakir\u0259 ed\u0259c\u0259k<\/b><\/font>"},"content":{"rendered":"<p>T&uuml;rkiy\u0259 Prezidenti R\u0259c\u0259b Tayyib \u018frdo\u011fan Rusiya Prezidenti Vladimir Putinl\u0259 Da\u011fl\u0131q Qaraba\u011f m&uuml;naqi\u015f\u0259sinin nizamlanmas\u0131 m\u0259s\u0259l\u0259sini m&uuml;zakir\u0259 ed\u0259c\u0259k. Trend in m\u0259lumat\u0131na g&ouml;r\u0259, bu bar\u0259d\u0259 R.T.\u018frdo\u011fan t&uuml;rkliy\u0259li jurnalistl\u0259r\u0259 a&ccedil;\u0131qlamas\u0131nda bildirib. Prezident qeyd edib ki, Da\u011fl\u0131q Qaraba\u011f probleminin h\u0259lli &uuml;&ccedil;&uuml;n T&uuml;rkiy\u0259 ciddi t\u0259\u015f\u0259bb&uuml;sl\u0259 &ccedil;\u0131x\u0131\u015f ed\u0259c\u0259k: &ldquo;Az\u0259rbaycana d\u0259st\u0259k olmaq &uuml;&ccedil;&uuml;n v\u0259 erm\u0259nil\u0259rin i\u015f\u011fal etdikl\u0259ri Az\u0259rbaycan torpaqlar\u0131n\u0131n azad edilm\u0259si il\u0259 ba\u011fl\u0131 Rusiya Prezidenti Vladimir Putinl\u0259 dan\u0131\u015f\u0131qlar apar\u0131lacaq. T\u0259bii ki bu, sad\u0259c\u0259 erm\u0259ni lobbisini deyil, Q\u0259rbd\u0259ki b\u0259zi q&uuml;vv\u0259l\u0259ri d\u0259 narahat ed\u0259c\u0259k&quot;. D&ouml;vl\u0259t ba\u015f&ccedil;\u0131s\u0131 bildirib ki, T&uuml;rkiy\u0259 2018-ci ild\u0259 Qafqaz \u0130slam Ordusunun qurulmas\u0131n\u0131n 100 illiyini Az\u0259rbaycanla bir yerd\u0259 qeyd ed\u0259c\u0259k.<\/p>\n","protected":false},"excerpt":{"rendered":"<p>T&uuml;rkiy\u0259 Prezidenti R\u0259c\u0259b Tayyib \u018frdo\u011fan Rusiya Prezidenti Vladimir Putinl\u0259 Da\u011fl\u0131q Qaraba\u011f m&uuml;naqi\u015f\u0259sinin nizamlanmas\u0131 m\u0259s\u0259l\u0259sini m&uuml;zakir\u0259 ed\u0259c\u0259k. Trend in m\u0259lumat\u0131na g&ouml;r\u0259, bu bar\u0259d\u0259 R.T.\u018frdo\u011fan t&uuml;rkliy\u0259li jurnalistl\u0259r\u0259 a&ccedil;\u0131qlamas\u0131nda bildirib. Prezident qeyd edib&hellip;<\/p>\n","protected":false},"author":1,"featured_media":251278,"comment_status":"open","ping_status":"open","sticky":false,"template":"","format":"standard","meta":{"_lmt_disableupdate":"","_lmt_disable":"","footnotes":""},"categories":[],"tags":[],"class_list":["post-52053","post","type-post","status-publish","format-standard","has-post-thumbnail","hentry"],"_links":{"self":[{"href":"https:\/\/ucnoqta.az\/index.php?rest_route=\/wp\/v2\/posts\/52053","targetHints":{"allow":["GET"]}}],"collection":[{"href":"https:\/\/ucnoqta.az\/index.php?rest_route=\/wp\/v2\/posts"}],"about":[{"href":"https:\/\/ucnoqta.az\/index.php?rest_route=\/wp\/v2\/types\/post"}],"author":[{"embeddable":true,"href":"https:\/\/ucnoqta.az\/index.php?rest_route=\/wp\/v2\/users\/1"}],"replies":[{"embeddable":true,"href":"https:\/\/ucnoqta.az\/index.php?rest_route=%2Fwp%2Fv2%2Fcomments&post=52053"}],"version-history":[{"count":0,"href":"https:\/\/ucnoqta.az\/index.php?rest_route=\/wp\/v2\/posts\/52053\/revisions"}],"wp:featuredmedia":[{"embeddable":true,"href":"https:\/\/ucnoqta.az\/index.php?rest_route=\/wp\/v2\/media\/251278"}],"wp:attachment":[{"href":"https:\/\/ucnoqta.az\/index.php?rest_route=%2Fwp%2Fv2%2Fmedia&parent=52053"}],"wp:term":[{"taxonomy":"category","embeddable":true,"href":"https:\/\/ucnoqta.az\/index.php?rest_route=%2Fwp%2Fv2%2Fcategories&post=52053"},{"taxonomy":"post_tag","embeddable":true,"href":"https:\/\/ucnoqta.az\/index.php?rest_route=%2Fwp%2Fv2%2Ftags&post=52053"}],"curies":[{"name":"wp","href":"https:\/\/api.w.org\/{rel}","templated":true}]}}