{"id":52039,"date":"2017-11-01T17:22:35","date_gmt":"2017-11-01T13:22:35","guid":{"rendered":""},"modified":"-0001-11-30T00:00:00","modified_gmt":"-0001-11-29T20:00:00","slug":"","status":"publish","type":"post","link":"https:\/\/ucnoqta.az\/?p=52039","title":{"rendered":"Yeni orfoqrafiya l\u00fc\u011f\u0259ti haz\u0131rlanacaq"},"content":{"rendered":"<p>&ldquo;Az\u0259rbaycan dilinin orfoqrafiya l&uuml;\u011f\u0259ti&rdquo;nin yeni, 7-ci n\u0259\u015fri haz\u0131rlanacaq. Bu bar\u0259d\u0259 AMEA R\u0259yas\u0259t Hey\u0259tinin iclas\u0131nda q\u0259rar q\u0259bul edilib. AMEA-n\u0131n vitse &ndash; prezidenti, akademik \u0130sa H\u0259bibb\u0259yli yeni orfoqrafiya l&uuml;\u011f\u0259tinin n\u0259\u015fri il\u0259 ba\u011fl\u0131 AMEA prezidenti, akademik Akif \u018flizad\u0259nin r\u0259hb\u0259rliyi alt\u0131nda komissiyas\u0131n\u0131n yarad\u0131lmas\u0131 v\u0259 komissiyan\u0131n t\u0259rkibin\u0259 T\u0259hsil, M\u0259d\u0259niyy\u0259t v\u0259 Turizm nazirlikl\u0259ri, Nazirl\u0259r Kabineti yan\u0131nda T\u0259rc&uuml;m\u0259 M\u0259rk\u0259zi, M\u0259tbuat \u015euras\u0131, Terminologiya Komissiyas\u0131n\u0131n n&uuml;may\u0259nd\u0259l\u0259rinin daxil edilm\u0259sini t\u0259klif edib.<\/p>\n<p>&nbsp;<br \/>\n\u0130clasda AMEA N\u0259simi ad\u0131na Dil&ccedil;ilik \u0130nstitutuna 1 ay m&uuml;dd\u0259tind\u0259 aidiyy\u0259ti qurumlarla birg\u0259 orfoqrafiya l&uuml;\u011f\u0259tinin qayda-prinsipl\u0259rini haz\u0131rlay\u0131b T\u0259\u015fkilat Komit\u0259sinin m&uuml;zakir\u0259sin\u0259 t\u0259qdim etm\u0259k v\u0259 2018-ci ilin may ay\u0131na kimi yeni l&uuml;\u011f\u0259tin haz\u0131rlanmas\u0131n\u0131 t\u0259min etm\u0259k tap\u015f\u0131r\u0131l\u0131b.<br \/>\n&nbsp;<br \/>\nQeyd ed\u0259k ki, Nazirl\u0259r Kabineti yan\u0131nda T\u0259rc&uuml;m\u0259 M\u0259rk\u0259zi t\u0259r\u0259find\u0259n d\u0259 orfoqrafiya l&uuml;\u011f\u0259ti haz\u0131rlanaraq &ccedil;apa verilib.Apa<\/p>\n","protected":false},"excerpt":{"rendered":"<p>&ldquo;Az\u0259rbaycan dilinin orfoqrafiya l&uuml;\u011f\u0259ti&rdquo;nin yeni, 7-ci n\u0259\u015fri haz\u0131rlanacaq. Bu bar\u0259d\u0259 AMEA R\u0259yas\u0259t Hey\u0259tinin iclas\u0131nda q\u0259rar q\u0259bul edilib. AMEA-n\u0131n vitse &ndash; prezidenti, akademik \u0130sa H\u0259bibb\u0259yli yeni orfoqrafiya l&uuml;\u011f\u0259tinin n\u0259\u015fri il\u0259 ba\u011fl\u0131&hellip;<\/p>\n","protected":false},"author":1,"featured_media":251278,"comment_status":"open","ping_status":"open","sticky":false,"template":"","format":"standard","meta":{"_lmt_disableupdate":"","_lmt_disable":"","footnotes":""},"categories":[101],"tags":[],"class_list":["post-52039","post","type-post","status-publish","format-standard","has-post-thumbnail","hentry","category-cemiyyet"],"_links":{"self":[{"href":"https:\/\/ucnoqta.az\/index.php?rest_route=\/wp\/v2\/posts\/52039","targetHints":{"allow":["GET"]}}],"collection":[{"href":"https:\/\/ucnoqta.az\/index.php?rest_route=\/wp\/v2\/posts"}],"about":[{"href":"https:\/\/ucnoqta.az\/index.php?rest_route=\/wp\/v2\/types\/post"}],"author":[{"embeddable":true,"href":"https:\/\/ucnoqta.az\/index.php?rest_route=\/wp\/v2\/users\/1"}],"replies":[{"embeddable":true,"href":"https:\/\/ucnoqta.az\/index.php?rest_route=%2Fwp%2Fv2%2Fcomments&post=52039"}],"version-history":[{"count":0,"href":"https:\/\/ucnoqta.az\/index.php?rest_route=\/wp\/v2\/posts\/52039\/revisions"}],"wp:featuredmedia":[{"embeddable":true,"href":"https:\/\/ucnoqta.az\/index.php?rest_route=\/wp\/v2\/media\/251278"}],"wp:attachment":[{"href":"https:\/\/ucnoqta.az\/index.php?rest_route=%2Fwp%2Fv2%2Fmedia&parent=52039"}],"wp:term":[{"taxonomy":"category","embeddable":true,"href":"https:\/\/ucnoqta.az\/index.php?rest_route=%2Fwp%2Fv2%2Fcategories&post=52039"},{"taxonomy":"post_tag","embeddable":true,"href":"https:\/\/ucnoqta.az\/index.php?rest_route=%2Fwp%2Fv2%2Ftags&post=52039"}],"curies":[{"name":"wp","href":"https:\/\/api.w.org\/{rel}","templated":true}]}}