{"id":52035,"date":"2017-11-01T16:38:05","date_gmt":"2017-11-01T12:38:05","guid":{"rendered":""},"modified":"-0001-11-30T00:00:00","modified_gmt":"-0001-11-29T20:00:00","slug":"","status":"publish","type":"post","link":"https:\/\/ucnoqta.az\/?p=52035","title":{"rendered":"<font color=red><b>\u201cQaraba\u011f\u201d biz\u0259 d\u0259 problem yaratm\u0131\u015fd\u0131\u201d<\/b><\/font> \u2013 \u201cRoma\u201dn\u0131n ba\u015f m\u0259\u015fq\u00e7isi"},"content":{"rendered":"<div>&ldquo;Biz d\u0259 &ldquo;Qaraba\u011f&rdquo;la bir d\u0259f\u0259 qar\u015f\u0131la\u015fm\u0131\u015f\u0131q. &Ccedil;\u0259tin s\u0259f\u0259r oyunundan &uuml;z&uuml;a\u011f &ccedil;\u0131xm\u0131\u015f\u0131q&rdquo;. Bu s&ouml;zl\u0259ri &Ccedil;empionlar Liqas\u0131n\u0131n qrup m\u0259rh\u0259l\u0259sind\u0259 &ldquo;Qaraba\u011f&rdquo;\u0131n r\u0259qibl\u0259rind\u0259n olan &ldquo;Roma&rdquo;n\u0131n ba\u015f m\u0259\u015fq&ccedil;isi Eysebio di Fran&ccedil;esko deyib.<\/div>\n<div>&ldquo;&Ccedil;elsi&rdquo; il\u0259 qar\u015f\u0131la\u015fmadan (3:0) sonra ke&ccedil;iril\u0259n m\u0259tbuat konfrans\u0131nda &ldquo;Qaraba\u011f&rdquo;\u0131n s\u0259f\u0259rd\u0259 &ldquo;Atletiko&rdquo;dan xal almas\u0131na m&uuml;nasib\u0259t bildir\u0259n italiyal\u0131 m&uuml;t\u0259x\u0259ssis A\u011fdam t\u0259msil&ccedil;isi il\u0259 oyunun onlar &uuml;&ccedil;&uuml;n d\u0259 &ccedil;\u0259tin ke&ccedil;diyini qeyd edib:<\/div>\n<div>&nbsp;<\/div>\n<div>&ldquo;Etiraf edir\u0259m ki, &ldquo;Qaraba\u011f&rdquo; h\u0259r k\u0259s\u0259 oldu\u011fu kimi, biz\u0259 d\u0259 problem yaratm\u0131\u015fd\u0131. Avrokuboklarda he&ccedil; vaxt asan q\u0259l\u0259b\u0259 olmur. B&uuml;t&uuml;n oyunlara ciddi yana\u015fmaq m\u0259cburiyy\u0259tind\u0259yik&rdquo;.<\/div>\n","protected":false},"excerpt":{"rendered":"<p>&ldquo;Biz d\u0259 &ldquo;Qaraba\u011f&rdquo;la bir d\u0259f\u0259 qar\u015f\u0131la\u015fm\u0131\u015f\u0131q. &Ccedil;\u0259tin s\u0259f\u0259r oyunundan &uuml;z&uuml;a\u011f &ccedil;\u0131xm\u0131\u015f\u0131q&rdquo;. Bu s&ouml;zl\u0259ri &Ccedil;empionlar Liqas\u0131n\u0131n qrup m\u0259rh\u0259l\u0259sind\u0259 &ldquo;Qaraba\u011f&rdquo;\u0131n r\u0259qibl\u0259rind\u0259n olan &ldquo;Roma&rdquo;n\u0131n ba\u015f m\u0259\u015fq&ccedil;isi Eysebio di Fran&ccedil;esko deyib. &ldquo;&Ccedil;elsi&rdquo; il\u0259 qar\u015f\u0131la\u015fmadan&hellip;<\/p>\n","protected":false},"author":1,"featured_media":251278,"comment_status":"open","ping_status":"open","sticky":false,"template":"","format":"standard","meta":{"_lmt_disableupdate":"","_lmt_disable":"","footnotes":""},"categories":[90],"tags":[],"class_list":["post-52035","post","type-post","status-publish","format-standard","has-post-thumbnail","hentry","category-idman-butun-xeberler"],"_links":{"self":[{"href":"https:\/\/ucnoqta.az\/index.php?rest_route=\/wp\/v2\/posts\/52035","targetHints":{"allow":["GET"]}}],"collection":[{"href":"https:\/\/ucnoqta.az\/index.php?rest_route=\/wp\/v2\/posts"}],"about":[{"href":"https:\/\/ucnoqta.az\/index.php?rest_route=\/wp\/v2\/types\/post"}],"author":[{"embeddable":true,"href":"https:\/\/ucnoqta.az\/index.php?rest_route=\/wp\/v2\/users\/1"}],"replies":[{"embeddable":true,"href":"https:\/\/ucnoqta.az\/index.php?rest_route=%2Fwp%2Fv2%2Fcomments&post=52035"}],"version-history":[{"count":0,"href":"https:\/\/ucnoqta.az\/index.php?rest_route=\/wp\/v2\/posts\/52035\/revisions"}],"wp:featuredmedia":[{"embeddable":true,"href":"https:\/\/ucnoqta.az\/index.php?rest_route=\/wp\/v2\/media\/251278"}],"wp:attachment":[{"href":"https:\/\/ucnoqta.az\/index.php?rest_route=%2Fwp%2Fv2%2Fmedia&parent=52035"}],"wp:term":[{"taxonomy":"category","embeddable":true,"href":"https:\/\/ucnoqta.az\/index.php?rest_route=%2Fwp%2Fv2%2Fcategories&post=52035"},{"taxonomy":"post_tag","embeddable":true,"href":"https:\/\/ucnoqta.az\/index.php?rest_route=%2Fwp%2Fv2%2Ftags&post=52035"}],"curies":[{"name":"wp","href":"https:\/\/api.w.org\/{rel}","templated":true}]}}