{"id":52033,"date":"2017-11-01T16:24:34","date_gmt":"2017-11-01T12:24:34","guid":{"rendered":""},"modified":"-0001-11-30T00:00:00","modified_gmt":"-0001-11-29T20:00:00","slug":"","status":"publish","type":"post","link":"https:\/\/ucnoqta.az\/?p=52033","title":{"rendered":"Penitensiar Xidm\u0259tin 21 r\u0259hb\u0259r v\u0259 m\u0259sul i\u015f\u00e7isi intizam m\u0259suliyy\u0259tin\u0259 c\u0259lb edilib"},"content":{"rendered":"<p>M\u0259hbuslar\u0131n qa&ccedil;\u0131\u015f\u0131 il\u0259 ba\u011fl\u0131 Penitensiar Xidm\u0259tin 21 r\u0259hb\u0259r v\u0259 m\u0259sul i\u015f&ccedil;isi intizam m\u0259suliyy\u0259tin\u0259 c\u0259lb edilib. \u018fdliyy\u0259 Nazirliyinin m\u0259tbuat xidm\u0259tind\u0259n Trend-\u0259 veril\u0259n m\u0259lumata g&ouml;r\u0259, bu bar\u0259d\u0259 nazirliyin geni\u015f Kollegiya iclas\u0131nda bildirilib.<br \/>\nT\u0259dbird\u0259 &ccedil;\u0131x\u0131\u015f ed\u0259n nazir Fikr\u0259t M\u0259mm\u0259dov &uuml;mummilli lider Heyd\u0259r \u018fliyevin siyasi kursunun m&ouml;ht\u0259r\u0259m Prezidentimiz c\u0259nab \u0130lham \u018fliyev t\u0259r\u0259find\u0259n u\u011furla inki\u015faf etdirildiyini, respublikam\u0131z\u0131n h\u0259rt\u0259r\u0259fli t\u0259r\u0259qqisini v\u0259 iqtisadi r\u0259qab\u0259tqabiliyy\u0259tliliyin\u0259 g&ouml;r\u0259 qabaqc\u0131l d&ouml;vl\u0259tl\u0259r s\u0131ras\u0131nda q\u0259rarla\u015fd\u0131\u011f\u0131n\u0131 vur\u011fulay\u0131b. Avropa il\u0259 Asiyan\u0131 birl\u0259\u015fdir\u0259n Bak\u0131-Tbilisi-Qars (BTQ) d\u0259mir yolu x\u0259ttinin Az\u0259rbaycan, T&uuml;rkiy\u0259, G&uuml;rc&uuml;stan, Qazax\u0131stan, &Ouml;zb\u0259kistan d&ouml;vl\u0259t v\u0259 h&ouml;kum\u0259t ba\u015f&ccedil;\u0131lar\u0131n\u0131n i\u015ftirak\u0131 il\u0259 yenic\u0259 a&ccedil;\u0131l\u0131\u015f\u0131 qeyd olunaraq bildirilib ki, &ouml;lk\u0259mizin irad\u0259si il\u0259 realla\u015fan v\u0259 d&uuml;nyan\u0131n 100 b&ouml;y&uuml;k layih\u0259si s\u0131ras\u0131na daxil olan BTQ d\u0259mir yol x\u0259ttinin i\u015f\u0259 d&uuml;\u015fm\u0259si strateji \u0259h\u0259miyy\u0259t da\u015f\u0131maqla regionda sabitliy\u0259, xalqlar\u0131m\u0131z\u0131n daha da yax\u0131nla\u015fmas\u0131na v\u0259 iqtisadi inki\u015fafa x&uuml;susi t&ouml;hf\u0259dir.<\/p>\n<p>\u0130clasda &ouml;lk\u0259 ba\u015f&ccedil;\u0131s\u0131n\u0131n cari il fevral\u0131n 10-da imzalad\u0131\u011f\u0131 c\u0259za siyas\u0259tinin humanistl\u0259\u015fdirilm\u0259si il\u0259 ba\u011fl\u0131 S\u0259r\u0259ncam\u0131n\u0131n icras\u0131 &uuml;zr\u0259 g&ouml;r&uuml;l\u0259n i\u015fl\u0259r, o c&uuml;ml\u0259d\u0259n insanlar\u0131n azadl\u0131q h&uuml;ququnun qorunmas\u0131, alternativ c\u0259zalar\u0131n, h\u0259m&ccedil;inin ictimai i\u015fl\u0259r c\u0259zas\u0131n\u0131n s\u0259m\u0259r\u0259li t\u0259tbiqi m\u0259qs\u0259dil\u0259 qanunvericiliyin t\u0259kmill\u0259\u015fdirilm\u0259si qeyd edilib v\u0259 bununla ba\u011fl\u0131 Nazirl\u0259r Kabinetinin 2017-ci il 17 oktyabr tarixli Q\u0259rar\u0131 il\u0259 t\u0259sdiq edilmi\u015f &quot;\u0130ctimai i\u015fl\u0259r c\u0259zas\u0131na m\u0259hkum olunmu\u015f \u015f\u0259xsl\u0259rin c\u0259lb edil\u0259c\u0259yi i\u015fl\u0259rin n&ouml;vl\u0259ri v\u0259 bel\u0259 i\u015fl\u0259rin ke&ccedil;iril\u0259c\u0259yi yerl\u0259rin m&uuml;\u0259yy\u0259nl\u0259\u015fdirilm\u0259si Qaydas\u0131&quot;n\u0131n icras\u0131n\u0131n t\u0259\u015fkili &uuml;zr\u0259 t\u0259dbirl\u0259r m&uuml;\u0259yy\u0259n olunub.<\/p>\n<p>Kollegiyada oktyabr\u0131n 23-d\u0259 m&uuml;\u015fayi\u0259t zaman\u0131 vaqondan iki t\u0259qsirl\u0259ndiril\u0259n \u015f\u0259xsin qa&ccedil;mas\u0131 il\u0259 ba\u011fl\u0131 m\u0259lumat dinl\u0259nilib, ba\u015f vermi\u015f f&ouml;vq\u0259lad\u0259 hadis\u0259 il\u0259 \u0259laq\u0259dar apar\u0131lm\u0131\u015f xidm\u0259ti yoxlaman\u0131n ilkin n\u0259tic\u0259l\u0259ri m&uuml;zakir\u0259 edilib. Qeyd olunub ki, bununla ba\u011fl\u0131 Penitensiar Xidm\u0259tin 21 r\u0259hb\u0259r v\u0259 m\u0259sul i\u015f&ccedil;isi ciddi intizam m\u0259suliyy\u0259tin\u0259 c\u0259lb edilib, o c&uuml;ml\u0259d\u0259n 15 n\u0259f\u0259r \u0259dliyy\u0259 orqanlar\u0131ndan xaric olunub v\u0259 ya tutdu\u011fu v\u0259zif\u0259d\u0259n azad edilib, 4 n\u0259f\u0259r, o c&uuml;ml\u0259d\u0259n Konvoy taborunun komandiri olmu\u015f B.Abdullayev v\u0259zif\u0259 s\u0259lahiyy\u0259tl\u0259rind\u0259n sui-istifad\u0259y\u0259 g&ouml;r\u0259 cinay\u0259t m\u0259suliyy\u0259tin\u0259 c\u0259lb edil\u0259r\u0259k h\u0259bs olunub. H\u0259m&ccedil;inin, hadis\u0259nin f\u0259sadlar\u0131n\u0131n aradan qald\u0131r\u0131lmas\u0131 &uuml;zr\u0259 g&ouml;r&uuml;lm&uuml;\u015f t\u0259xir\u0259sal\u0131nmaz \u0259m\u0259liyyat t\u0259dbirl\u0259ri n\u0259tic\u0259sind\u0259 h\u0259bsd\u0259n qa&ccedil;m\u0131\u015f \u015f\u0259xsl\u0259rd\u0259n biri tutularaq istintaq t\u0259cridxanas\u0131na qaytar\u0131l\u0131b, dig\u0259rinin axtar\u0131\u015f\u0131 &uuml;zr\u0259 z\u0259ruri t\u0259dbirl\u0259r davam etdirilir.<\/p>\n<p>Eyni zamanda, Penitensiar Xidm\u0259td\u0259 nizam-intizam\u0131n m&ouml;hk\u0259ml\u0259ndirilm\u0259si, qanunvericiliyin t\u0259l\u0259bl\u0259rin\u0259 ciddi \u0259m\u0259l edilm\u0259si, \u0259m\u0259liyyat-rejim v\u0259 m&uuml;hafiz\u0259 t\u0259dbirl\u0259rinin g&uuml;cl\u0259ndirilm\u0259si, tabe qurumlar\u0131n f\u0259aliyy\u0259tin\u0259 t\u0259sirli n\u0259zar\u0259tin t\u0259min olunmas\u0131, \u0259m\u0259kda\u015flar\u0131n m\u0259suliyy\u0259t hissinin art\u0131r\u0131lmas\u0131 il\u0259 ba\u011fl\u0131 konkret tap\u015f\u0131r\u0131qlar verilib.<\/p>\n<p>Sonda \u0259dliyy\u0259 f\u0259aliyy\u0259tini t\u0259nziml\u0259y\u0259n b\u0259zi normativ-h&uuml;quqi akt layih\u0259l\u0259ri m&uuml;zakir\u0259 edilib, bir s\u0131ra qeyri-kommersiya h&uuml;quqi \u015f\u0259xsl\u0259r d&ouml;vl\u0259t qeydiyyat\u0131na al\u0131n\u0131b.<\/p>\n","protected":false},"excerpt":{"rendered":"<p>M\u0259hbuslar\u0131n qa&ccedil;\u0131\u015f\u0131 il\u0259 ba\u011fl\u0131 Penitensiar Xidm\u0259tin 21 r\u0259hb\u0259r v\u0259 m\u0259sul i\u015f&ccedil;isi intizam m\u0259suliyy\u0259tin\u0259 c\u0259lb edilib. \u018fdliyy\u0259 Nazirliyinin m\u0259tbuat xidm\u0259tind\u0259n Trend-\u0259 veril\u0259n m\u0259lumata g&ouml;r\u0259, bu bar\u0259d\u0259 nazirliyin geni\u015f Kollegiya iclas\u0131nda bildirilib.&hellip;<\/p>\n","protected":false},"author":1,"featured_media":251278,"comment_status":"open","ping_status":"open","sticky":false,"template":"","format":"standard","meta":{"_lmt_disableupdate":"","_lmt_disable":"","footnotes":""},"categories":[],"tags":[],"class_list":["post-52033","post","type-post","status-publish","format-standard","has-post-thumbnail","hentry"],"_links":{"self":[{"href":"https:\/\/ucnoqta.az\/index.php?rest_route=\/wp\/v2\/posts\/52033","targetHints":{"allow":["GET"]}}],"collection":[{"href":"https:\/\/ucnoqta.az\/index.php?rest_route=\/wp\/v2\/posts"}],"about":[{"href":"https:\/\/ucnoqta.az\/index.php?rest_route=\/wp\/v2\/types\/post"}],"author":[{"embeddable":true,"href":"https:\/\/ucnoqta.az\/index.php?rest_route=\/wp\/v2\/users\/1"}],"replies":[{"embeddable":true,"href":"https:\/\/ucnoqta.az\/index.php?rest_route=%2Fwp%2Fv2%2Fcomments&post=52033"}],"version-history":[{"count":0,"href":"https:\/\/ucnoqta.az\/index.php?rest_route=\/wp\/v2\/posts\/52033\/revisions"}],"wp:featuredmedia":[{"embeddable":true,"href":"https:\/\/ucnoqta.az\/index.php?rest_route=\/wp\/v2\/media\/251278"}],"wp:attachment":[{"href":"https:\/\/ucnoqta.az\/index.php?rest_route=%2Fwp%2Fv2%2Fmedia&parent=52033"}],"wp:term":[{"taxonomy":"category","embeddable":true,"href":"https:\/\/ucnoqta.az\/index.php?rest_route=%2Fwp%2Fv2%2Fcategories&post=52033"},{"taxonomy":"post_tag","embeddable":true,"href":"https:\/\/ucnoqta.az\/index.php?rest_route=%2Fwp%2Fv2%2Ftags&post=52033"}],"curies":[{"name":"wp","href":"https:\/\/api.w.org\/{rel}","templated":true}]}}