{"id":52027,"date":"2017-11-01T15:42:01","date_gmt":"2017-11-01T11:42:01","guid":{"rendered":""},"modified":"-0001-11-30T00:00:00","modified_gmt":"-0001-11-29T20:00:00","slug":"","status":"publish","type":"post","link":"https:\/\/ucnoqta.az\/?p=52027","title":{"rendered":"<b>V\u0259hhabil\u0259r G\u00fczd\u0259kd\u0259 yas m\u0259rasimin\u0259 h\u00fccum etdi<font color=red> &#8211; V\u0130DEO<\/font><\/b>"},"content":{"rendered":"<p>Ab\u015feron rayonunun A\u015fa\u011f\u0131 G&uuml;zd\u0259k q\u0259s\u0259b\u0259sind\u0259 q\u0259rib\u0259 hadis\u0259 ba\u015f verib. Mynews.az-\u0131n verdiyi m\u0259lumata g&ouml;r\u0259, &ouml;t\u0259n g&uuml;n q\u0259s\u0259b\u0259d\u0259 yas m\u0259rasimind\u0259 dava d&uuml;\u015f&uuml;b. Davan\u0131n s\u0259b\u0259bkar\u0131 bir d\u0259st\u0259 &quot;v\u0259hhabi&quot; adlanan dindar olub. Onlar yas yerin\u0259 g\u0259l\u0259r\u0259k, m\u0259rhumun &uuml;nvan\u0131na t\u0259hqir\u0259miz ifad\u0259l\u0259r i\u015fl\u0259dibl\u0259r v\u0259 sonra ma\u011far\u0131 s&ouml;km\u0259y\u0259 c\u0259hd edibl\u0259r. Onlar bunun s\u0259b\u0259binin qurulan ma\u011far\u0131n yolu ba\u011flamas\u0131 v\u0259 gedi\u015f-g\u0259li\u015f\u0259 narahatl\u0131q yaratmas\u0131 il\u0259 ba\u011fl\u0131 oldu\u011funu bildiribl\u0259r.<\/p>\n<p>Bir ne&ccedil;\u0259 n\u0259f\u0259r is\u0259 &uuml;m&uuml;miyy\u0259tl\u0259 ehsan verilm\u0259sinin do\u011fru olmad\u0131\u011f\u0131n\u0131 deyib. N\u0259tic\u0259d\u0259 m\u0259rhumun yax\u0131nlar\u0131 il\u0259 v\u0259hhabil\u0259r aras\u0131nda m&uuml;bahis\u0259 yaran\u0131b. Q\u0259s\u0259b\u0259 sakinl\u0259ri onlar\u0131 sakitl\u0259\u015fdirib, v\u0259hhabil\u0259ri yas yerind\u0259n uzala\u015fd\u0131r\u0131blar.<\/p>\n<p>H\u0259min hadis\u0259d\u0259n olan g&ouml;r&uuml;nt&uuml;n&uuml; t\u0259qdim edirik:<\/p>\n<p>&nbsp;<\/p>\n<p><iframe src='\/\/bax.tv\/player\/5074.html' width='640' height='360' frameborder='0' scrolling='no' allowfullscreen><\/iframe><\/p>\n","protected":false},"excerpt":{"rendered":"<p>Ab\u015feron rayonunun A\u015fa\u011f\u0131 G&uuml;zd\u0259k q\u0259s\u0259b\u0259sind\u0259 q\u0259rib\u0259 hadis\u0259 ba\u015f verib. Mynews.az-\u0131n verdiyi m\u0259lumata g&ouml;r\u0259, &ouml;t\u0259n g&uuml;n q\u0259s\u0259b\u0259d\u0259 yas m\u0259rasimind\u0259 dava d&uuml;\u015f&uuml;b. Davan\u0131n s\u0259b\u0259bkar\u0131 bir d\u0259st\u0259 &quot;v\u0259hhabi&quot; adlanan dindar olub. Onlar yas&hellip;<\/p>\n","protected":false},"author":1,"featured_media":251278,"comment_status":"open","ping_status":"open","sticky":false,"template":"","format":"standard","meta":{"_lmt_disableupdate":"","_lmt_disable":"","footnotes":""},"categories":[],"tags":[],"class_list":["post-52027","post","type-post","status-publish","format-standard","has-post-thumbnail","hentry"],"_links":{"self":[{"href":"https:\/\/ucnoqta.az\/index.php?rest_route=\/wp\/v2\/posts\/52027","targetHints":{"allow":["GET"]}}],"collection":[{"href":"https:\/\/ucnoqta.az\/index.php?rest_route=\/wp\/v2\/posts"}],"about":[{"href":"https:\/\/ucnoqta.az\/index.php?rest_route=\/wp\/v2\/types\/post"}],"author":[{"embeddable":true,"href":"https:\/\/ucnoqta.az\/index.php?rest_route=\/wp\/v2\/users\/1"}],"replies":[{"embeddable":true,"href":"https:\/\/ucnoqta.az\/index.php?rest_route=%2Fwp%2Fv2%2Fcomments&post=52027"}],"version-history":[{"count":0,"href":"https:\/\/ucnoqta.az\/index.php?rest_route=\/wp\/v2\/posts\/52027\/revisions"}],"wp:featuredmedia":[{"embeddable":true,"href":"https:\/\/ucnoqta.az\/index.php?rest_route=\/wp\/v2\/media\/251278"}],"wp:attachment":[{"href":"https:\/\/ucnoqta.az\/index.php?rest_route=%2Fwp%2Fv2%2Fmedia&parent=52027"}],"wp:term":[{"taxonomy":"category","embeddable":true,"href":"https:\/\/ucnoqta.az\/index.php?rest_route=%2Fwp%2Fv2%2Fcategories&post=52027"},{"taxonomy":"post_tag","embeddable":true,"href":"https:\/\/ucnoqta.az\/index.php?rest_route=%2Fwp%2Fv2%2Ftags&post=52027"}],"curies":[{"name":"wp","href":"https:\/\/api.w.org\/{rel}","templated":true}]}}