{"id":52018,"date":"2017-11-01T14:19:39","date_gmt":"2017-11-01T10:19:39","guid":{"rendered":""},"modified":"-0001-11-30T00:00:00","modified_gmt":"-0001-11-29T20:00:00","slug":"","status":"publish","type":"post","link":"https:\/\/ucnoqta.az\/?p=52018","title":{"rendered":"Tacir: <font color=red><b>&#8220;Bu q\u0259d\u0259r \u0259dal\u0259tsizlik olmaz&#8221;<\/b><\/font>"},"content":{"rendered":"<p>&ldquo;Gec\u0259 s\u0259h\u0259r 6-ya kimi \u015f\u0259rhl\u0259ri oxumu\u015fam. M\u0259n\u0259 n\u0259l\u0259r yaz\u0131rlar. Bu q\u0259d\u0259r \u0259dal\u0259tsizlik olmaz.&rdquo; Ucnoqta.az Ax\u015fam.az-a istinad\u0259n x\u0259b\u0259r verir ki, bu s&ouml;zl\u0259ri m&uuml;\u011f\u0259nni tacir \u015eahmal\u0131o\u011flu &ldquo;S\u0259ni axtar\u0131ram&rdquo; verili\u015find\u0259 deyib.<\/p>\n<p>S\u0259n\u0259t&ccedil;i bildirib ki, &ldquo;F\u0259day\u0259nin h\u0259bsini g&ouml;zl\u0259yirdim&rdquo; s&ouml;zl\u0259ri ona aid deyil:<\/p>\n<p>&ldquo;Demi\u015f\u0259m ki, &ouml;z s\u0259n\u0259ti il\u0259 m\u0259\u015f\u011ful olsayd\u0131 bu hadis\u0259 ortaya &ccedil;\u0131xmazd\u0131. Bu faktd\u0131r. \u018fn &ccedil;ox &uuml;z&uuml;l\u0259nl\u0259rd\u0259n biri m\u0259n\u0259m. Onunla tonla &ccedil;&ouml;r\u0259k k\u0259smi\u015f\u0259m. F\u0259day\u0259 yax\u015f\u0131, ki\u015fi kimi q\u0131zd\u0131r. Ondan pislik g&ouml;rm\u0259mi\u015f\u0259m. F\u0259day\u0259 il\u0259 aramda he&ccedil; n\u0259 olmay\u0131b. He&ccedil; k&uuml;s&uuml;l&uuml; d\u0259 deyildik. Sad\u0259c\u0259 bizim duet ortaql\u0131\u011f\u0131m\u0131z bitdi. O da F\u0259day\u0259nin g&uuml;nah\u0131 idi. O duet ortaql\u0131\u011f\u0131na son verm\u0259s\u0259ydi, y&uuml;zl\u0259rl\u0259 mahn\u0131 oxuyard\u0131q, ba\u015f\u0131 da qar\u0131\u015fard\u0131. Onun g&ouml;r&uuml;\u015fd&uuml;y&uuml; \u015f\u0259xs haqq\u0131nda he&ccedil; n\u0259 e\u015fitm\u0259mi\u015f\u0259m. F\u0259day\u0259 bel\u0259 olmamal\u0131yd\u0131. D&ouml;rd il bir yerd\u0259 &ccedil;al\u0131\u015fd\u0131q&rdquo;.<\/p>\n<p>T.\u015eahmal\u0131o\u011flu bildirib ki, F\u0259day\u0259 son g&uuml;nl\u0259r s\u0259n\u0259ti il\u0259 m\u0259\u015f\u011ful olmay\u0131b:<\/p>\n<p>&ldquo;Bir yerd\u0259 i\u015fl\u0259y\u0259n vaxtlar onun hara gedib-g\u0259ldiyini bilirdim. Duet ortaql\u0131\u011f\u0131m bit\u0259nd\u0259n sonra onun haqq\u0131nda he&ccedil; bir \u015feyi bilm\u0259dim. Ail\u0259sin\u0259 z\u0259ng vurmam\u0131\u015fam, he&ccedil; n\u0259 dem\u0259mi\u015f\u0259m. H\u0259r \u015fey g&ouml;zl\u0259nilm\u0259d\u0259n olub. F\u0259day\u0259 yax\u015f\u0131 q\u0131zd\u0131r. Ondan pislik g&ouml;rm\u0259mi\u015f\u0259m. Onun m&uuml;\u0259llimi m\u0259n\u0259m. G&ouml;r&uuml;n&uuml;r ki, F\u0259day\u0259 son vaxtlar s\u0259n\u0259ti il\u0259 m\u0259\u015f\u011ful olmay\u0131b&rdquo;.<\/p>\n<p>M&uuml;\u011f\u0259nni &ldquo;H\u0259bsxanada onu ziyar\u0259t\u0259 ged\u0259c\u0259ksiniz&rdquo; sual\u0131na bel\u0259 cavab verib:<\/p>\n<p>&ldquo;Niy\u0259 getm\u0259yim? Yataca\u011f\u0131 h\u0259bsxanan\u0131 bil\u0259nd\u0259 yan\u0131na ged\u0259c\u0259m. Onun ail\u0259si il\u0259 d&uuml;\u015fm\u0259n deyil\u0259m. Z\u0259ng edib dan\u0131\u015facam onlarla. F\u0259day\u0259nin x\u0259b\u0259rini e\u015fid\u0259nd\u0259 \u015foka d&uuml;\u015fd&uuml;m&rdquo;.<\/p>\n<p>Xat\u0131rladaq ki, Bak\u0131-Astara-Bak\u0131 qatar\u0131nda x&uuml;susi t\u0259yinatl\u0131 vaqonla paytaxta g\u0259tiril\u0259n m\u0259hbuslar \u018fli A\u011fami v\u0259 Etibar M\u0259mm\u0259dov qa&ccedil;\u0131blar. Q\u0259sd\u0259n adam &ouml;ld&uuml;rm\u0259d\u0259 t\u0259qsirl\u0259ndiril\u0259n \u018f.A\u011fami v\u0259 E.M\u0259mm\u0259dovun cinay\u0259t i\u015fin\u0259 L\u0259nk\u0259ran A\u011f\u0131r Cinay\u0259tl\u0259r M\u0259hk\u0259m\u0259sind\u0259 bax\u0131l\u0131r. &Ouml;t\u0259n h\u0259ft\u0259 d&ouml;vl\u0259t ittiham&ccedil;\u0131s\u0131 onlar\u0131n h\u0259r birinin ayr\u0131-ayr\u0131l\u0131qda 19 il m&uuml;dd\u0259t\u0259 azadl\u0131qdan m\u0259hrum edilm\u0259sini ist\u0259yib. H\u0259r iki \u015f\u0259xs oktyabr\u0131n 22-d\u0259 gec\u0259 L\u0259nk\u0259randan Bak\u0131ya qatarla g\u0259tirilib. Oktyabr\u0131n 23-d\u0259 s\u0259h\u0259r saatlar\u0131nda Bil\u0259c\u0259ri stansiyas\u0131nda E.M\u0259mm\u0259dovla \u018f.A\u011fami qatardan d&uuml;\u015f&uuml;r&uuml;l\u0259n zaman qa&ccedil;\u0131blar.<\/p>\n<p>Faktla ba\u011fl\u0131 Ba\u015f Prokurorlu\u011fun A\u011f\u0131r cinay\u0259tl\u0259r\u0259 dair i\u015fl\u0259r &uuml;zr\u0259 istintaq idar\u0259sind\u0259 Cinay\u0259t M\u0259c\u0259ll\u0259sinin 304.2.1 v\u0259 308.2-ci (v\u0259zif\u0259 s\u0259lahiyy\u0259tl\u0259rind\u0259n sui-istifad\u0259 a\u011f\u0131r n\u0259tic\u0259l\u0259r\u0259 s\u0259b\u0259b olduqda) madd\u0259l\u0259ri il\u0259 cinay\u0259t i\u015fi ba\u015flanmaqla istintaq qrupu yarad\u0131l\u0131b, Bak\u0131-Astara-Bak\u0131 qatar\u0131nda x&uuml;susi t\u0259yinatl\u0131 vaqonda m\u0259hbuslara n\u0259zar\u0259t ed\u0259n qarovul r\u0259isi Ceyhun S\u0259m\u0259dov, qarovul r\u0259isinin m&uuml;avini Fuad Hac\u0131yev v\u0259 qarovul r\u0259isinin dig\u0259r m&uuml;avini Tural Poladxanov saxlan\u0131l\u0131b v\u0259 m\u0259hk\u0259m\u0259nin q\u0259rar\u0131 il\u0259 onlar\u0131n bar\u0259sind\u0259 3 ayl\u0131q h\u0259bs q\u0259timkan t\u0259dbiri se&ccedil;ilib. Daha sonra \u018f.A\u011fami \u015eirvan \u015f\u0259h\u0259rind\u0259 tutularaq istintaqa t\u0259lvil verilib.<\/p>\n","protected":false},"excerpt":{"rendered":"<p>&ldquo;Gec\u0259 s\u0259h\u0259r 6-ya kimi \u015f\u0259rhl\u0259ri oxumu\u015fam. M\u0259n\u0259 n\u0259l\u0259r yaz\u0131rlar. Bu q\u0259d\u0259r \u0259dal\u0259tsizlik olmaz.&rdquo; Ucnoqta.az Ax\u015fam.az-a istinad\u0259n x\u0259b\u0259r verir ki, bu s&ouml;zl\u0259ri m&uuml;\u011f\u0259nni tacir \u015eahmal\u0131o\u011flu &ldquo;S\u0259ni axtar\u0131ram&rdquo; verili\u015find\u0259 deyib. S\u0259n\u0259t&ccedil;i bildirib&hellip;<\/p>\n","protected":false},"author":1,"featured_media":251278,"comment_status":"open","ping_status":"open","sticky":false,"template":"","format":"standard","meta":{"_lmt_disableupdate":"","_lmt_disable":"","footnotes":""},"categories":[92],"tags":[],"class_list":["post-52018","post","type-post","status-publish","format-standard","has-post-thumbnail","hentry","category-maqazin"],"_links":{"self":[{"href":"https:\/\/ucnoqta.az\/index.php?rest_route=\/wp\/v2\/posts\/52018","targetHints":{"allow":["GET"]}}],"collection":[{"href":"https:\/\/ucnoqta.az\/index.php?rest_route=\/wp\/v2\/posts"}],"about":[{"href":"https:\/\/ucnoqta.az\/index.php?rest_route=\/wp\/v2\/types\/post"}],"author":[{"embeddable":true,"href":"https:\/\/ucnoqta.az\/index.php?rest_route=\/wp\/v2\/users\/1"}],"replies":[{"embeddable":true,"href":"https:\/\/ucnoqta.az\/index.php?rest_route=%2Fwp%2Fv2%2Fcomments&post=52018"}],"version-history":[{"count":0,"href":"https:\/\/ucnoqta.az\/index.php?rest_route=\/wp\/v2\/posts\/52018\/revisions"}],"wp:featuredmedia":[{"embeddable":true,"href":"https:\/\/ucnoqta.az\/index.php?rest_route=\/wp\/v2\/media\/251278"}],"wp:attachment":[{"href":"https:\/\/ucnoqta.az\/index.php?rest_route=%2Fwp%2Fv2%2Fmedia&parent=52018"}],"wp:term":[{"taxonomy":"category","embeddable":true,"href":"https:\/\/ucnoqta.az\/index.php?rest_route=%2Fwp%2Fv2%2Fcategories&post=52018"},{"taxonomy":"post_tag","embeddable":true,"href":"https:\/\/ucnoqta.az\/index.php?rest_route=%2Fwp%2Fv2%2Ftags&post=52018"}],"curies":[{"name":"wp","href":"https:\/\/api.w.org\/{rel}","templated":true}]}}