{"id":52016,"date":"2017-11-01T13:40:02","date_gmt":"2017-11-01T09:40:02","guid":{"rendered":""},"modified":"-0001-11-30T00:00:00","modified_gmt":"-0001-11-29T20:00:00","slug":"","status":"publish","type":"post","link":"https:\/\/ucnoqta.az\/?p=52016","title":{"rendered":"A\u015e n\u00fcmay\u0259nd\u0259si: &#8220;Az\u0259rbaycanla probleml\u0259rin bu ay\u0131n sonunad\u0259k h\u0259ll edil\u0259c\u0259yin\u0259 dair b\u00f6y\u00fck g\u00f6zl\u0259ntil\u0259r var&#8221;"},"content":{"rendered":"<p>&quot;Bu ay\u0131n sonuna kimi Avropa \u015euras\u0131 il\u0259 Az\u0259rbaycan aras\u0131nda probleml\u0259rin h\u0259llin\u0259 dair b&ouml;y&uuml;k g&ouml;zl\u0259ntil\u0259r var&quot;. Ucnoqta.az x\u0259b\u0259r verir ki, bunu s&ouml;zl\u0259ri APA-ya a&ccedil;\u0131qlamas\u0131nda Avropa \u015euras\u0131n\u0131n Bak\u0131 ofisinin r\u0259hb\u0259ri, s\u0259fir Zoltan Harnye\u015f deyib.<\/p>\n<p>&nbsp;<br \/>\nOnun s&ouml;zl\u0259rin\u0259 g&ouml;r\u0259, A\u015e il\u0259 Az\u0259rbaycan aras\u0131nda problemin s\u0259b\u0259bi Avropa \u0130nsan Haqlar\u0131 M\u0259hk\u0259m\u0259sinin q\u0259rarlar\u0131ndan birinin icra edilm\u0259m\u0259sidir: &quot;Bu, \u0259slind\u0259 h&uuml;quqi m\u0259s\u0259l\u0259dir, lakin siyasi mahiyy\u0259ti var. Bununla bel\u0259, g&ouml;r&uuml;r&uuml;k ki, Az\u0259rbaycanla Avropa \u015euras\u0131 aras\u0131nda \u0259m\u0259kda\u015fl\u0131q g&uuml;nd\u0259lik h\u0259yatda &ccedil;ox intensivdir. H\u0259mi\u015f\u0259ki kimi i\u015fl\u0259rimizi davam etdiririk. Bu siyasi g\u0259rginlik bizim g&uuml;nd\u0259lik i\u015fl\u0259rimiz\u0259 t\u0259sir etmir.<br \/>\n&nbsp;<br \/>\nAvropa siyasi h\u0259yat\u0131nda bu ay bir &ccedil;ox t\u0259dbirl\u0259r olacaq ki, bunlar da Az\u0259rbaycana v\u0259 &quot;\u015e\u0259rq t\u0259r\u0259fda\u015fl\u0131\u011f\u0131&quot; &ouml;lk\u0259l\u0259rin\u0259 b&ouml;y&uuml;k t\u0259sir g&ouml;st\u0259r\u0259c\u0259k. Hans\u0131 konkret add\u0131mlar\u0131n at\u0131laca\u011f\u0131n\u0131 is\u0259 dem\u0259k indid\u0259n &ccedil;ox &ccedil;\u0259tindir. Lakin d\u0259qiq olan odur ki, bu &ccedil;\u0259tinlikl\u0259rin tez bir zamanda &ouml;hd\u0259sind\u0259n g\u0259lm\u0259k ham\u0131n\u0131n mara\u011f\u0131ndad\u0131r&quot;.<\/p>\n","protected":false},"excerpt":{"rendered":"<p>&quot;Bu ay\u0131n sonuna kimi Avropa \u015euras\u0131 il\u0259 Az\u0259rbaycan aras\u0131nda probleml\u0259rin h\u0259llin\u0259 dair b&ouml;y&uuml;k g&ouml;zl\u0259ntil\u0259r var&quot;. Ucnoqta.az x\u0259b\u0259r verir ki, bunu s&ouml;zl\u0259ri APA-ya a&ccedil;\u0131qlamas\u0131nda Avropa \u015euras\u0131n\u0131n Bak\u0131 ofisinin r\u0259hb\u0259ri, s\u0259fir Zoltan&hellip;<\/p>\n","protected":false},"author":1,"featured_media":251278,"comment_status":"open","ping_status":"open","sticky":false,"template":"","format":"standard","meta":{"_lmt_disableupdate":"","_lmt_disable":"","footnotes":""},"categories":[86],"tags":[],"class_list":["post-52016","post","type-post","status-publish","format-standard","has-post-thumbnail","hentry","category-siyaset"],"_links":{"self":[{"href":"https:\/\/ucnoqta.az\/index.php?rest_route=\/wp\/v2\/posts\/52016","targetHints":{"allow":["GET"]}}],"collection":[{"href":"https:\/\/ucnoqta.az\/index.php?rest_route=\/wp\/v2\/posts"}],"about":[{"href":"https:\/\/ucnoqta.az\/index.php?rest_route=\/wp\/v2\/types\/post"}],"author":[{"embeddable":true,"href":"https:\/\/ucnoqta.az\/index.php?rest_route=\/wp\/v2\/users\/1"}],"replies":[{"embeddable":true,"href":"https:\/\/ucnoqta.az\/index.php?rest_route=%2Fwp%2Fv2%2Fcomments&post=52016"}],"version-history":[{"count":0,"href":"https:\/\/ucnoqta.az\/index.php?rest_route=\/wp\/v2\/posts\/52016\/revisions"}],"wp:featuredmedia":[{"embeddable":true,"href":"https:\/\/ucnoqta.az\/index.php?rest_route=\/wp\/v2\/media\/251278"}],"wp:attachment":[{"href":"https:\/\/ucnoqta.az\/index.php?rest_route=%2Fwp%2Fv2%2Fmedia&parent=52016"}],"wp:term":[{"taxonomy":"category","embeddable":true,"href":"https:\/\/ucnoqta.az\/index.php?rest_route=%2Fwp%2Fv2%2Fcategories&post=52016"},{"taxonomy":"post_tag","embeddable":true,"href":"https:\/\/ucnoqta.az\/index.php?rest_route=%2Fwp%2Fv2%2Ftags&post=52016"}],"curies":[{"name":"wp","href":"https:\/\/api.w.org\/{rel}","templated":true}]}}