{"id":52007,"date":"2017-11-01T11:45:09","date_gmt":"2017-11-01T07:45:09","guid":{"rendered":""},"modified":"-0001-11-30T00:00:00","modified_gmt":"-0001-11-29T20:00:00","slug":"","status":"publish","type":"post","link":"https:\/\/ucnoqta.az\/?p=52007","title":{"rendered":"Formula 1 yar\u0131\u015f\u0131 \u00fc\u00e7\u00fcn mar\u015fallar\u0131n qeydiyyat\u0131 prosesin\u0259 start verilib"},"content":{"rendered":"<p>&nbsp;27-29 aprel 2018-ci il tarixl\u0259rind\u0259 Bak\u0131da ba\u015f tutacaq Formula 1 Az\u0259rbaycan Qran Prisi &uuml;&ccedil;&uuml;n mar\u015fallar\u0131n qeydiyyat\u0131 prosesin\u0259 ba\u015flan\u0131l\u0131b. Proses mar\u015fall\u0131q f\u0259aliyy\u0259tin\u0259 dair b&uuml;t&uuml;n vakant yerl\u0259r dolanad\u0259k davam ed\u0259c\u0259k.<br \/>\n&nbsp;Bak\u0131 \u015e\u0259h\u0259r Halqas\u0131 \u018fm\u0259liyyat \u015eirk\u0259ti (B\u015eH) t\u0259rkibind\u0259 f\u0259aliyy\u0259t g&ouml;st\u0259r\u0259n Bak\u0131 Mar\u015fal Klubu (BMK) g\u0259l\u0259n ilki yar\u0131\u015fa 1150 mar\u015fal c\u0259lb etm\u0259k niyy\u0259tind\u0259dir. Bak\u0131 \u015e\u0259h\u0259r Halqas\u0131ndan Ucnoqta.az-a veril\u0259n m\u0259lumata g&ouml;r\u0259, indiy\u0259d\u0259k Bak\u0131da ke&ccedil;irilmi\u015f Formula 1 yar\u0131\u015flar\u0131nda y&uuml;ks\u0259k pe\u015f\u0259karl\u0131qla i\u015ftirak ed\u0259n 1704 mar\u015fala beyn\u0259lxalq d\u0259r\u0259c\u0259li&nbsp; mar\u015fall\u0131q lisenziyas\u0131 verilib. Lisenziyaya sahib h\u0259r bir mar\u015fal Az\u0259rbaycan Qran Prisi il\u0259 yana\u015f\u0131 Formula 1 D&uuml;nya &Ccedil;empionat\u0131nda yer alan dig\u0259r ist\u0259nil\u0259n &ouml;lk\u0259d\u0259 ke&ccedil;iril\u0259n Qran Pri yar\u0131\u015flar\u0131nda i\u015ftirak &uuml;&ccedil;&uuml;n m&uuml;raci\u0259t ed\u0259 bil\u0259r.<br \/>\n&nbsp;B\u015eH-nin \u0130dman \u015f&ouml;b\u0259sinin v\u0259 h\u0259m&ccedil;inin BMK-nin r\u0259hb\u0259ri &Ccedil;ingiz Mehdiyev &ouml;lk\u0259d\u0259 mar\u015fall\u0131q f\u0259aliyy\u0259tin\u0259 maraq s&uuml;r\u0259tl\u0259 artd\u0131\u011f\u0131ndan n&ouml;vb\u0259ti yar\u0131\u015fa yeni m&uuml;raci\u0259tl\u0259r q\u0259bul ed\u0259c\u0259yini bildirib: &ldquo;Son ill\u0259r Az\u0259rbaycanda mar\u015fall\u0131q f\u0259aliyy\u0259ti b&ouml;y&uuml;k templ\u0259 inki\u015faf edir. Bunu Bak\u0131da ba\u015f tutmu\u015f Formula 1 yar\u0131\u015flar\u0131nda mar\u015fal olmaq ist\u0259y\u0259nl\u0259r t\u0259r\u0259find\u0259n edil\u0259n &ccedil;ox sayl\u0131 m&uuml;raci\u0259tl\u0259rd\u0259 g&ouml;rm\u0259k m&uuml;mk&uuml;nd&uuml;r.<br \/>\nH\u0259r &ouml;t\u0259n il bu k&ouml;n&uuml;ll&uuml; f\u0259aliyy\u0259t\u0259 maraq getdikc\u0259 art\u0131r. Bu s\u0259b\u0259bd\u0259n artan t\u0259l\u0259bat\u0131 &ouml;d\u0259y\u0259 bilm\u0259k &uuml;&ccedil;&uuml;n bu il mar\u015fall\u0131q f\u0259aliyy\u0259ti &uuml;zr\u0259 yeni 350 vakansiya a&ccedil;m\u0131\u015f\u0131q. Biz\u0259 qo\u015fulmaq ist\u0259y\u0259n h\u0259r bir enerji dolu Formula 1 h\u0259v\u0259skar\u0131n\u0131 gecikm\u0259d\u0259n Mar\u015fal Proqram\u0131na M&uuml;raci\u0259t Sistemi vasit\u0259sil\u0259 qeydiyyatdan ke&ccedil;m\u0259y\u0259 d\u0259v\u0259t edir\u0259m&rdquo;.<br \/>\n2018 Formula 1 Az\u0259rbaycan Qran Prisinin mar\u015fal\u0131 olmaq ist\u0259y\u0259n 21 ya\u015fdan yuxar\u0131 h\u0259r bir \u015f\u0259xs www.bakumarshalsclub.az sayt\u0131na daxil olaraq &ouml;z m&uuml;raci\u0259tini ed\u0259 bil\u0259r.<br \/>\nQeyd ed\u0259k ki, mar\u015fall\u0131q f\u0259aliyy\u0259tin\u0259 q\u0259bul v\u0259 t\u0259lim prosesinin b&uuml;t&uuml;n m\u0259rh\u0259l\u0259l\u0259rind\u0259n u\u011furla ke&ccedil;\u0259n namiz\u0259dl\u0259r Az\u0259rbaycan Avtomobil Federasiyas\u0131 t\u0259r\u0259find\u0259n veril\u0259c\u0259k beyn\u0259lxalq d\u0259r\u0259c\u0259li mar\u015fal lisenziyas\u0131 il\u0259 t\u0259min olunacaqlar.<\/p>\n<p>&nbsp;<br \/>\nBu lisenziyan\u0131 \u0259ld\u0259 ed\u0259n h\u0259r bir mar\u015fal trek\u0259 \u0259n yax\u0131n m&ouml;vqed\u0259n yar\u0131\u015f\u0131 canl\u0131 izl\u0259y\u0259 bil\u0259c\u0259k v\u0259 h\u0259m&ccedil;inin yar\u0131\u015f \u0259r\u0259f\u0259sind\u0259 ke&ccedil;iril\u0259c\u0259k m&uuml;xt\u0259lif t\u0259dbirl\u0259rd\u0259 i\u015ftirak etm\u0259kl\u0259 yana\u015f\u0131 dig\u0259r &ouml;lk\u0259l\u0259rd\u0259 ke&ccedil;iril\u0259n Qran Pri yar\u0131\u015flar\u0131nda yer almaqla Formula 1 d&uuml;nyas\u0131n\u0131 yax\u0131ndan k\u0259\u015ff etm\u0259k imkan\u0131na sahib olacaq.<\/p>\n","protected":false},"excerpt":{"rendered":"<p>&nbsp;27-29 aprel 2018-ci il tarixl\u0259rind\u0259 Bak\u0131da ba\u015f tutacaq Formula 1 Az\u0259rbaycan Qran Prisi &uuml;&ccedil;&uuml;n mar\u015fallar\u0131n qeydiyyat\u0131 prosesin\u0259 ba\u015flan\u0131l\u0131b. Proses mar\u015fall\u0131q f\u0259aliyy\u0259tin\u0259 dair b&uuml;t&uuml;n vakant yerl\u0259r dolanad\u0259k davam ed\u0259c\u0259k. &nbsp;Bak\u0131 \u015e\u0259h\u0259r&hellip;<\/p>\n","protected":false},"author":1,"featured_media":251278,"comment_status":"open","ping_status":"open","sticky":false,"template":"","format":"standard","meta":{"_lmt_disableupdate":"","_lmt_disable":"","footnotes":""},"categories":[],"tags":[],"class_list":["post-52007","post","type-post","status-publish","format-standard","has-post-thumbnail","hentry"],"_links":{"self":[{"href":"https:\/\/ucnoqta.az\/index.php?rest_route=\/wp\/v2\/posts\/52007","targetHints":{"allow":["GET"]}}],"collection":[{"href":"https:\/\/ucnoqta.az\/index.php?rest_route=\/wp\/v2\/posts"}],"about":[{"href":"https:\/\/ucnoqta.az\/index.php?rest_route=\/wp\/v2\/types\/post"}],"author":[{"embeddable":true,"href":"https:\/\/ucnoqta.az\/index.php?rest_route=\/wp\/v2\/users\/1"}],"replies":[{"embeddable":true,"href":"https:\/\/ucnoqta.az\/index.php?rest_route=%2Fwp%2Fv2%2Fcomments&post=52007"}],"version-history":[{"count":0,"href":"https:\/\/ucnoqta.az\/index.php?rest_route=\/wp\/v2\/posts\/52007\/revisions"}],"wp:featuredmedia":[{"embeddable":true,"href":"https:\/\/ucnoqta.az\/index.php?rest_route=\/wp\/v2\/media\/251278"}],"wp:attachment":[{"href":"https:\/\/ucnoqta.az\/index.php?rest_route=%2Fwp%2Fv2%2Fmedia&parent=52007"}],"wp:term":[{"taxonomy":"category","embeddable":true,"href":"https:\/\/ucnoqta.az\/index.php?rest_route=%2Fwp%2Fv2%2Fcategories&post=52007"},{"taxonomy":"post_tag","embeddable":true,"href":"https:\/\/ucnoqta.az\/index.php?rest_route=%2Fwp%2Fv2%2Ftags&post=52007"}],"curies":[{"name":"wp","href":"https:\/\/api.w.org\/{rel}","templated":true}]}}