{"id":52006,"date":"2017-11-01T11:41:45","date_gmt":"2017-11-01T07:41:45","guid":{"rendered":""},"modified":"-0001-11-30T00:00:00","modified_gmt":"-0001-11-29T20:00:00","slug":"","status":"publish","type":"post","link":"https:\/\/ucnoqta.az\/?p=52006","title":{"rendered":"<font color=red><b>\u015e\u0259rql\u0259 Q\u0259rbi birl\u0259\u015fdir\u0259n titanik layih\u0259<\/b><\/font>"},"content":{"rendered":"<p>\u015e\u0259rql\u0259 Q\u0259rb aras\u0131nda k&ouml;rp&uuml; rolunu oynayan Az\u0259rbaycan\u0131n beyn\u0259lxalq m&ouml;vqel\u0259ri ild\u0259n il\u0259 geni\u015fl\u0259nir. Avropa el\u0259c\u0259 d\u0259 Asiya &ouml;lk\u0259l\u0259rinin Az\u0259rbaycanla \u0259laq\u0259l\u0259ri b&uuml;t&ouml;vl&uuml;kd\u0259 bu cografi arealda s&uuml;lh&uuml;n, sabitliyin v\u0259 iqtisadi t\u0259r\u0259qqinin t\u0259min olunmas\u0131na y&ouml;n\u0259lib. Az\u0259rbaycan\u0131n C\u0259nubi Qafqaz regionunda apar\u0131c\u0131 rola malik olmas\u0131 &ouml;lk\u0259mizl\u0259 b&uuml;t&uuml;n sah\u0259l\u0259rd\u0259 \u0259m\u0259kda\u015fl\u0131\u011fa olan mara\u011f\u0131 art\u0131r\u0131r. &Ouml;lk\u0259miz haz\u0131rda&nbsp; m&uuml;h&uuml;m tranzit da\u015f\u0131malar\u0131nda \u0259sas t\u0259r\u0259fda\u015flar\u0131ndan biri kimi q\u0259bul edilir.&nbsp;<\/p>\n<p>Qlobal tranzit da\u015f\u0131malar\u0131nda &ouml;lk\u0259mizin m&ouml;vqeyinin ild\u0259n-il\u0259 m&ouml;hk\u0259ml\u0259nm\u0259si b&ouml;y&uuml;k perspektivl\u0259rd\u0259n x\u0259b\u0259r verir. Az\u0259rbaycanda n\u0259qliyyat infrastrukturunun inki\u015faf\u0131 tranzit da\u015f\u0131malar\u0131n\u0131n h\u0259cminin artmas\u0131na v\u0259 &ouml;lk\u0259mizin regional n\u0259qliyyat-logistika m\u0259rk\u0259zin\u0259 &ccedil;evrilm\u0259sin\u0259 g\u0259tirib &ccedil;\u0131xar\u0131b. N\u0259qliyyat sektorunun m&uuml;asirl\u0259\u015fdirilm\u0259si il\u0259 Az\u0259rbaycan\u0131n tranzit potensial\u0131n\u0131n inki\u015faf\u0131 da\u015f\u0131malardan daxil olan g\u0259lirl\u0259rin artmas\u0131na, ticar\u0259tin inki\u015faf\u0131na, &ouml;lk\u0259y\u0259 g\u0259l\u0259n turist ax\u0131nlar\u0131n\u0131n say\u0131n\u0131n artmas\u0131na \u015f\u0259rait yaradacaq, o c&uuml;ml\u0259d\u0259n bizim &ouml;lk\u0259mizi d&uuml;nyada daha &ccedil;ox tan\u0131dacaq.<br \/>\nN\u0259qliyyat sah\u0259sind\u0259 \u0259m\u0259kda\u015fl\u0131\u011f\u0131n apar\u0131lmas\u0131 &uuml;&ccedil;&uuml;n &ccedil;ox yax\u015f\u0131 perspektivl\u0259r m&ouml;vcuddur. Az\u0259rbaycan d&ouml;vl\u0259ti &Ccedil;in t\u0259r\u0259find\u0259n ir\u0259li s&uuml;r&uuml;lm&uuml;\u015f \u0130p\u0259k Yolu iqtisadi k\u0259m\u0259rinin yarad\u0131lmas\u0131 t\u0259\u015f\u0259bb&uuml;s&uuml;n&uuml; tam d\u0259st\u0259kl\u0259yir. Ulu &ouml;nd\u0259rin &ouml;lk\u0259nin tranzit potensial\u0131n\u0131n realla\u015fd\u0131r\u0131lmas\u0131na dair siyas\u0259ti&nbsp; Prezident \u0130lham \u018fliyev t\u0259r\u0259find\u0259n u\u011furla davam etdirilir. &Ouml;lk\u0259mizd\u0259 n\u0259qliyyat infrastrukturunun inki\u015faf\u0131, tranzit potensial\u0131n\u0131n art\u0131r\u0131lmas\u0131 istiqam\u0259tind\u0259 bir s\u0131ra irimiqyasl\u0131 layih\u0259l\u0259r h\u0259yata ke&ccedil;irilir, bu sah\u0259y\u0259 irih\u0259cmli d&ouml;vl\u0259t investisiyalar\u0131 y&ouml;n\u0259ldilir. X\u0259z\u0259r h&ouml;vz\u0259sind\u0259 \u0259n b&ouml;y&uuml;k ticar\u0259t liman\u0131 olan Bak\u0131 Beyn\u0259lxalq D\u0259niz Ticar\u0259t Liman\u0131n\u0131n, Bak\u0131-B&ouml;y&uuml;k K\u0259sik d\u0259mir yolunun yenid\u0259n qurulmas\u0131 v\u0259 Bak\u0131-Tbilisi-Qars d\u0259mir yolu x\u0259ttinin in\u015fas\u0131 , Bak\u0131da v\u0259 &ouml;lk\u0259 regionlar\u0131nda beyn\u0259lxalq hava limanlar\u0131n\u0131n tikintisi, m&uuml;asir avtomobil yollar\u0131 \u015f\u0259b\u0259k\u0259sinin yarad\u0131lmas\u0131 Az\u0259rbaycan\u0131n tranzit potensial\u0131n\u0131 v\u0259 tranzit da\u015f\u0131malar\u0131nda i\u015ftirak imkanlar\u0131n\u0131 geni\u015fl\u0259ndirir, dig\u0259r d\u0259hlizl\u0259rl\u0259 m&uuml;qayis\u0259d\u0259 y&uuml;kl\u0259rin Az\u0259rbaycan \u0259razisind\u0259n ke&ccedil;m\u0259kl\u0259 daha \u0259lveri\u015fli \u015f\u0259rtl\u0259rl\u0259, y\u0259ni q\u0131sa m&uuml;dd\u0259td\u0259, t\u0259hl&uuml;k\u0259siz v\u0259 vaxt\u0131nda &ccedil;atd\u0131r\u0131lmas\u0131na, tranzit da\u015f\u0131malar\u0131n\u0131n h\u0259cminin d\u0259f\u0259l\u0259rl\u0259 artmas\u0131na imkan yarad\u0131r.<br \/>\nAvrasiya m\u0259kan\u0131 &uuml;&ccedil;&uuml;n yeni y&uuml;ks\u0259li\u015f layih\u0259si olan Bak\u0131-Tbilisi-Qars d\u0259mir yolu x\u0259tti q\u0259dim \u0130p\u0259k Yolunun polad magistrallar &uuml;z\u0259rind\u0259 b\u0259rpas\u0131d\u0131r. Bak\u0131-Tbilisi-Qars (BTQ) d\u0259mir yolunun tikintisin\u0259 dair sazi\u015f 2007-ci ild\u0259 Tbilisid\u0259 imzalan\u0131b. El\u0259 h\u0259min ilin noyabr\u0131nda G&uuml;rc&uuml;stan\u0131n Marabda m\u0259nt\u0259q\u0259sind\u0259 d\u0259mir yolu x\u0259ttinin t\u0259m\u0259li qoyulub.Bu g&uuml;nl\u0259rd\u0259 BTQ-nin m&ouml;ht\u0259\u015f\u0259m a&ccedil;\u0131l\u0131\u015f\u0131 da apar\u0131lan siyas\u0259tin m\u0259ntiqi n\u0259tic\u0259si oldu. T\u0259dbird\u0259 Az\u0259rbaycan prezidenti \u0130lham \u018fliyev, birinci xan\u0131m Mehriban \u018fliyeva, T&uuml;rkiy\u0259 d&ouml;vl\u0259t ba\u015f&ccedil;\u0131s\u0131 R\u0259c\u0259b Tayyib \u018frdo\u011fan v\u0259 xan\u0131m\u0131 \u018fmin\u0259 \u018frdo\u011fan, Qazax\u0131stan\u0131n Ba\u015f naziri Bak\u0131tjan Saqintayev, G&uuml;rc&uuml;stan Ba\u015f naziri Georgi Kvirika\u015fvili, &Ouml;zb\u0259kistan Ba\u015f naziri Abdulla Aripov, h\u0259m&ccedil;inin Tacikistan v\u0259 T&uuml;rkm\u0259nistan respublikalar\u0131ndan n&uuml;may\u0259nd\u0259 hey\u0259tl\u0259ri m\u0259rasimd\u0259 i\u015ftirak edibl\u0259r.<br \/>\nAz\u0259rbaycan prezidenti \u0130lham \u018fliyev a&ccedil;\u0131l\u0131\u015f m\u0259rasimind\u0259 &ccedil;\u0131x\u0131\u015f ed\u0259r\u0259k deyib: &ldquo;Bak\u0131-Tbilisi-Qars d\u0259mir yolunun a&ccedil;\u0131l\u0131\u015f\u0131 m&uuml;nasib\u0259til\u0259 &uuml;r\u0259kd\u0259n t\u0259brik edir\u0259m. Bug&uuml;nk&uuml; t\u0259nt\u0259n\u0259li m\u0259rasimd\u0259 qarda\u015f, dost &ouml;lk\u0259l\u0259rd\u0259n qonaqlar g\u0259lmi\u015fl\u0259r. Bu yoldan istifad\u0259 ed\u0259n b&uuml;t&uuml;n &ouml;lk\u0259l\u0259r aras\u0131ndak\u0131 \u0259m\u0259kda\u015fl\u0131q d\u0259rinl\u0259\u015f\u0259c\u0259k. Bu yol sabitliy\u0259 v\u0259 t\u0259hl&uuml;k\u0259sizliy\u0259 xidm\u0259t g&ouml;st\u0259r\u0259c\u0259k. Bu yolun istifad\u0259si zaman\u0131 \u0259min\u0259m ki, turizmin inki\u015faf\u0131 da geni\u015f v&uuml;s\u0259t alacaq, turistl\u0259rin say\u0131 artacaq. T\u0259bii ki, Bak\u0131-Tbilisi-Qars d\u0259mir yolunun u\u011furlu f\u0259aliyy\u0259ti &ouml;lk\u0259l\u0259rimizin geosiyasi \u0259h\u0259miyy\u0259tini art\u0131racaq v\u0259 bizim &uuml;&ccedil;&uuml;n \u0259lav\u0259 imkanlar yaradacaq&rdquo;.<br \/>\nBTQ Bak\u0131dan ba\u015flayaraq G&uuml;rc&uuml;stan\u0131n Tbilisi v\u0259 Axalkalaki \u015f\u0259h\u0259rl\u0259rind\u0259n ke&ccedil;m\u0259kl\u0259 T&uuml;rkiy\u0259nin Qars \u015f\u0259h\u0259rin\u0259 gedir v\u0259 Az\u0259rbaycanla T&uuml;rkiy\u0259ni, \u015e\u0259rql\u0259 Q\u0259rbi birl\u0259\u015fdirir. Bu layih\u0259&nbsp; &ouml;lk\u0259mizin beyn\u0259lxalq s\u0259viyy\u0259li tranit v\u0259 logistika m\u0259rk\u0259zin\u0259 &ccedil;evrildiyini g&ouml;st\u0259rdi. Layih\u0259nin \u0259sas i\u015ftirak&ccedil;\u0131lar\u0131 Az\u0259rbaycan, T&uuml;rkiy\u0259 v\u0259 G&uuml;rc&uuml;stan olan BTQ Avropa \u0130ttifaq\u0131, AB\u015e v\u0259 M\u0259rk\u0259zi Asiya d&ouml;vl\u0259tl\u0259ri t\u0259r\u0259find\u0259n d\u0259st\u0259kl\u0259nir. \u0130qtisadi v\u0259 siyasi \u0259h\u0259miyy\u0259tin\u0259&nbsp; g&ouml;r\u0259 bu layih\u0259ni Afrika il\u0259 Asiyan\u0131 birl\u0259\u015fdir\u0259n S&uuml;vey\u015f kanal\u0131 il\u0259 d\u0259 m&uuml;qayis\u0259 etm\u0259k olar.<br \/>\n\u0130lkin m\u0259rh\u0259l\u0259f\u0259 BTQ-nin burax\u0131l\u0131\u015f qabiliyy\u0259ti ild\u0259 1 milyoh s\u0259rni\u015fin v\u0259 6,5 millyon&nbsp; &nbsp;y&uuml;k\u0259 hesablan\u0131b. Da\u015f\u0131ma h\u0259cmi sonralar 17 milyon ton olacaq v\u0259 s\u0259rni\u015fin say\u0131 2 milyona &ccedil;atacaq. Az\u0259rbaycan\u0131n ilk ill\u0259rd\u0259 taranzitd\u0259n minimal g\u0259liri 50 milyon dollar t\u0259\u015fkil ed\u0259c\u0259k.&nbsp; \u0130ndi Bak\u0131dan T&uuml;rkiy\u0259nin Qars \u015f\u0259h\u0259rin\u0259 16-17 saata, \u0130stanbula \u015f\u0259h\u0259rin\u0259 is\u0259 iki g&uuml;n yar\u0131ma &ccedil;atmaq olacaq. BTQ-nin istismara verilm\u0259si h\u0259m&ccedil;inin Erm\u0259nistan\u0131n n\u0259qliyyat izolyasiyas\u0131n\u0131 da g&uuml;cl\u0259ndirir. B&uuml;t&uuml;n transmilli layih\u0259l\u0259rd\u0259n t\u0259crid olunan \u0131\u015fgal&ccedil;\u0131 d&ouml;vl\u0259t ac v\u0259 s\u0259fill\u0259r &ouml;lk\u0259sin\u0259 &ccedil;evrilm\u0259kd\u0259d\u0259ir.<br \/>\n&Ouml;lk\u0259 ba\u015f&ccedil;\u0131s\u0131 \u0130lham \u018fliyevin inam&not;&not;la davam etdir&not;diyi yeni neft strategiyas\u0131n\u0131n n\u0259tic\u0259si olaraq m&uuml;st\u0259qil res&not;&not;publi&not;kam\u0131z n\u0259inki enerji m&uuml;s&not;t\u0259qil&not;li&not;yini t\u0259min etmi\u015f, eyni zamanda Avro&not;&not;pan\u0131n enerji t\u0259hl&uuml;&not;k\u0259sizliyinin ba\u015fl\u0131ca t\u0259mi&not;nat&ccedil;\u0131lar\u0131ndan birin\u0259 &ccedil;evril&not;mi\u015fdir. Bunun n\u0259tic\u0259si kimi &ouml;lk\u0259mizin d&uuml;nya miq&not;yas\u0131nda geosiyasi &ouml;n\u0259mi v\u0259 bey&not;n\u0259l&not;xalq n&uuml;fuzu y&uuml;k&not;s\u0259l&not;mi\u015fdir. Bu g&uuml;n h\u0259r bir az\u0259rbaycanl\u0131 &uuml;r\u0259kd\u0259n inan\u0131r ki, &ouml;lk\u0259d\u0259 h\u0259yata ke&ccedil;iril\u0259n neft siyas\u0259ti davaml\u0131 inki\u015faf v\u0259 t\u0259r\u0259qqi pro&not;se&not;sini s&uuml;r\u0259tl\u0259n&not;dir\u0259c\u0259k.&nbsp;<\/p>\n<p>&nbsp;<\/p>\n<p><strong>Baba TAGIYEV,<\/strong><br \/>\n&ldquo;\u0130r\u0259li Az\u0259rbaycan&rdquo; \u0130ctimai Birliyinin s\u0259dri<\/p>\n","protected":false},"excerpt":{"rendered":"<p>\u015e\u0259rql\u0259 Q\u0259rb aras\u0131nda k&ouml;rp&uuml; rolunu oynayan Az\u0259rbaycan\u0131n beyn\u0259lxalq m&ouml;vqel\u0259ri ild\u0259n il\u0259 geni\u015fl\u0259nir. Avropa el\u0259c\u0259 d\u0259 Asiya &ouml;lk\u0259l\u0259rinin Az\u0259rbaycanla \u0259laq\u0259l\u0259ri b&uuml;t&ouml;vl&uuml;kd\u0259 bu cografi arealda s&uuml;lh&uuml;n, sabitliyin v\u0259 iqtisadi t\u0259r\u0259qqinin t\u0259min olunmas\u0131na&hellip;<\/p>\n","protected":false},"author":1,"featured_media":251278,"comment_status":"open","ping_status":"open","sticky":false,"template":"","format":"standard","meta":{"_lmt_disableupdate":"","_lmt_disable":"","footnotes":""},"categories":[88],"tags":[],"class_list":["post-52006","post","type-post","status-publish","format-standard","has-post-thumbnail","hentry","category-ekonomika"],"_links":{"self":[{"href":"https:\/\/ucnoqta.az\/index.php?rest_route=\/wp\/v2\/posts\/52006","targetHints":{"allow":["GET"]}}],"collection":[{"href":"https:\/\/ucnoqta.az\/index.php?rest_route=\/wp\/v2\/posts"}],"about":[{"href":"https:\/\/ucnoqta.az\/index.php?rest_route=\/wp\/v2\/types\/post"}],"author":[{"embeddable":true,"href":"https:\/\/ucnoqta.az\/index.php?rest_route=\/wp\/v2\/users\/1"}],"replies":[{"embeddable":true,"href":"https:\/\/ucnoqta.az\/index.php?rest_route=%2Fwp%2Fv2%2Fcomments&post=52006"}],"version-history":[{"count":0,"href":"https:\/\/ucnoqta.az\/index.php?rest_route=\/wp\/v2\/posts\/52006\/revisions"}],"wp:featuredmedia":[{"embeddable":true,"href":"https:\/\/ucnoqta.az\/index.php?rest_route=\/wp\/v2\/media\/251278"}],"wp:attachment":[{"href":"https:\/\/ucnoqta.az\/index.php?rest_route=%2Fwp%2Fv2%2Fmedia&parent=52006"}],"wp:term":[{"taxonomy":"category","embeddable":true,"href":"https:\/\/ucnoqta.az\/index.php?rest_route=%2Fwp%2Fv2%2Fcategories&post=52006"},{"taxonomy":"post_tag","embeddable":true,"href":"https:\/\/ucnoqta.az\/index.php?rest_route=%2Fwp%2Fv2%2Ftags&post=52006"}],"curies":[{"name":"wp","href":"https:\/\/api.w.org\/{rel}","templated":true}]}}