{"id":52005,"date":"2017-11-01T11:37:37","date_gmt":"2017-11-01T07:37:37","guid":{"rendered":""},"modified":"-0001-11-30T00:00:00","modified_gmt":"-0001-11-29T20:00:00","slug":"","status":"publish","type":"post","link":"https:\/\/ucnoqta.az\/?p=52005","title":{"rendered":"<font color=red><b>\u201cGarda\u015f yine tarih yazd\u0131\u201d<\/b><\/font>&#8211; d\u00fcnya medias\u0131 &#8220;Qaraba\u011f&#8221;dan yazd\u0131"},"content":{"rendered":"<p>D&uuml;n\u0259n &ldquo;Qaraba\u011f&rdquo; futbol klubu Madridin &ldquo;Atletiko&rdquo; klubu il\u0259 &Ccedil;empionlar Liqas\u0131n\u0131n 4-c&uuml; turu &ccedil;\u0259r&ccedil;iv\u0259sind\u0259 m&uuml;bariz\u0259y\u0259 &ccedil;\u0131xd\u0131. Daha &ouml;nc\u0259 Bak\u0131da ke&ccedil;iril\u0259n ev oyununda \u0130spaniyan\u0131n \u0259n yax\u015f\u0131 3-c&uuml; klubu il\u0259 b\u0259rab\u0259r\u0259 qalan do\u011fma t\u0259msil&ccedil;imiz bu d\u0259f\u0259 d\u0259 hesab\u0131 qoruyub saxlad\u0131 v\u0259 2-ci xal\u0131n\u0131 qazand\u0131. Bu tarixi z\u0259f\u0259r &ouml;lk\u0259mizl\u0259 yana\u015f\u0131, b&uuml;t&uuml;n d&uuml;nyada t\u0259\u0259cc&uuml;b\u0259 s\u0259b\u0259b oldu v\u0259 b&ouml;y&uuml;k alq\u0131\u015f qazand\u0131.<br \/>\nPublika.az x\u0259b\u0259r verir ki, d&uuml;nya medias\u0131 &ldquo;Qaraba\u011f&rdquo;\u0131n &ldquo;Atletiko&rdquo; qar\u015f\u0131s\u0131ndak\u0131 \u0259zmkar m&uuml;bariz\u0259sind\u0259n yaz\u0131b.<br \/>\n&ldquo;K&ouml;hl\u0259n atl\u0131lar&rdquo;\u0131n tarixi q\u0259l\u0259b\u0259si T&uuml;rkiy\u0259 medias\u0131nda &ldquo;Qaraba\u011f&rdquo; tarixini t\u0259z\u0259l\u0259di&rdquo; v\u0259 &ldquo;Garda\u015f yine tarih yazd\u0131&rdquo; ba\u015fl\u0131qlar\u0131 il\u0259 man\u015fetl\u0259r\u0259 qoyulub. &ldquo;Haber7&rdquo; sayt\u0131 &ldquo;Qaraba\u011f&rdquo;\u0131n mat&ccedil;\u0131n son 20 d\u0259qiq\u0259sind\u0259 azl\u0131qda oynamas\u0131na x&uuml;susi diqq\u0259t &ccedil;\u0259kib.<\/p>\n<p>&ldquo;Qaraba\u011f&rdquo; &ndash; &ldquo;Atletiko&rdquo; mat&ccedil;\u0131nda a&ccedil;\u0131lan posterl\u0259r\u0259 dair t\u0259hqiramiz yaz\u0131 d\u0259rc ed\u0259n &ldquo;Sabah&rdquo; q\u0259zeti is\u0259 &ldquo;Qaraba\u011f&rdquo; &ldquo;Atletiko&rdquo;nun kabusu oldu&rdquo; ba\u015fl\u0131\u011f\u0131 il\u0259 tarixi z\u0259f\u0259rd\u0259n yaz\u0131b. Q\u0259zet Mi&ccedil;elin 40-c\u0131 d\u0259qiq\u0259d\u0259 vurdu\u011fu qolun m&ouml;ht\u0259\u015f\u0259mliyin\u0259 diqq\u0259t &ccedil;\u0259kib.<br \/>\n\u0130spaniyan\u0131n &ldquo;Mundo Deportivo&rdquo; x\u0259b\u0259r sayt\u0131 is\u0259 &ldquo;Qaraba\u011f&rdquo; klubun yaranma tarixind\u0259n bu g&uuml;n\u0259 q\u0259d\u0259r ke&ccedil;diyi yoldan b\u0259hs ed\u0259n geni\u015f m\u0259qal\u0259 d\u0259rc edib. &ldquo;Bu, &ldquo;Atletiko&rdquo;nun r\u0259qib deb&uuml;tant\u0131 olan Qaraba\u011fd\u0131r&rdquo; ba\u015fl\u0131ql\u0131 m\u0259qal\u0259d\u0259 Az\u0259rbaycan torpaqlar\u0131n\u0131n Erm\u0259nistan t\u0259r\u0259find\u0259n i\u015f\u011fal edilm\u0259si, &ldquo;\u0130mar\u0259t&rdquo; stadionun da\u011f\u0131d\u0131lmas\u0131, komandan\u0131n ba\u015f m\u0259\u015fq&ccedil;isi Allahverdi Ba\u011f\u0131rovun m&uuml;harib\u0259d\u0259 \u015f\u0259hid olmas\u0131 v\u0259 &ldquo;Qaraba\u011f&rdquo;\u0131n &Ccedil;empionlar Liqas\u0131 u\u011frunda apard\u0131\u011f\u0131 m&uuml;bariz\u0259l\u0259r yer al\u0131b. M\u0259qal\u0259d\u0259 &ldquo;Qaraba\u011f&rdquo;\u0131n &ldquo;Atletiko&rdquo;nu uzun m&uuml;bariz\u0259l\u0259r\u0259 m\u0259cbur etm\u0259si v\u0259 &Ccedil;empionlar Liqas\u0131&rdquo;ndak\u0131 m&uuml;bariz\u0259sini ged\u0259r\u0259k &ccedil;\u0259tinl\u0259\u015fdirdiyi d\u0259 qeyd edilib.<br \/>\nM\u0259qal\u0259nin sonunda Da\u011fl\u0131q Qaraba\u011f\u0131n Az\u0259rbaycan torpa\u011f\u0131 olmas\u0131na bir daha diqq\u0259t &ccedil;\u0259kilib.<br \/>\nUEFA &Ccedil;empionlar Liqas\u0131n\u0131n r\u0259smi s\u0259hif\u0259l\u0259ri is\u0259 Mi&ccedil;elin qol sevincinin fotolar\u0131n\u0131 payla\u015fmaqla kifay\u0259tl\u0259nib.<\/p>\n<p>\n&ldquo;ESPN FC&rdquo; x\u0259b\u0259r sayt\u0131 is\u0259 &ldquo;Atletiko&rdquo;nun ba\u015f m\u0259\u015fq&ccedil;isi Dieqo Simenonun mat&ccedil;dan sonra mediaya verdiyi a&ccedil;\u0131qlaman\u0131 payla\u015faraq, klubun narahatl\u0131q i&ccedil;ind\u0259 oldu\u011funu qeyd edib.<\/p>\n","protected":false},"excerpt":{"rendered":"<p>D&uuml;n\u0259n &ldquo;Qaraba\u011f&rdquo; futbol klubu Madridin &ldquo;Atletiko&rdquo; klubu il\u0259 &Ccedil;empionlar Liqas\u0131n\u0131n 4-c&uuml; turu &ccedil;\u0259r&ccedil;iv\u0259sind\u0259 m&uuml;bariz\u0259y\u0259 &ccedil;\u0131xd\u0131. Daha &ouml;nc\u0259 Bak\u0131da ke&ccedil;iril\u0259n ev oyununda \u0130spaniyan\u0131n \u0259n yax\u015f\u0131 3-c&uuml; klubu il\u0259 b\u0259rab\u0259r\u0259 qalan do\u011fma&hellip;<\/p>\n","protected":false},"author":1,"featured_media":251278,"comment_status":"open","ping_status":"open","sticky":false,"template":"","format":"standard","meta":{"_lmt_disableupdate":"","_lmt_disable":"","footnotes":""},"categories":[],"tags":[],"class_list":["post-52005","post","type-post","status-publish","format-standard","has-post-thumbnail","hentry"],"_links":{"self":[{"href":"https:\/\/ucnoqta.az\/index.php?rest_route=\/wp\/v2\/posts\/52005","targetHints":{"allow":["GET"]}}],"collection":[{"href":"https:\/\/ucnoqta.az\/index.php?rest_route=\/wp\/v2\/posts"}],"about":[{"href":"https:\/\/ucnoqta.az\/index.php?rest_route=\/wp\/v2\/types\/post"}],"author":[{"embeddable":true,"href":"https:\/\/ucnoqta.az\/index.php?rest_route=\/wp\/v2\/users\/1"}],"replies":[{"embeddable":true,"href":"https:\/\/ucnoqta.az\/index.php?rest_route=%2Fwp%2Fv2%2Fcomments&post=52005"}],"version-history":[{"count":0,"href":"https:\/\/ucnoqta.az\/index.php?rest_route=\/wp\/v2\/posts\/52005\/revisions"}],"wp:featuredmedia":[{"embeddable":true,"href":"https:\/\/ucnoqta.az\/index.php?rest_route=\/wp\/v2\/media\/251278"}],"wp:attachment":[{"href":"https:\/\/ucnoqta.az\/index.php?rest_route=%2Fwp%2Fv2%2Fmedia&parent=52005"}],"wp:term":[{"taxonomy":"category","embeddable":true,"href":"https:\/\/ucnoqta.az\/index.php?rest_route=%2Fwp%2Fv2%2Fcategories&post=52005"},{"taxonomy":"post_tag","embeddable":true,"href":"https:\/\/ucnoqta.az\/index.php?rest_route=%2Fwp%2Fv2%2Ftags&post=52005"}],"curies":[{"name":"wp","href":"https:\/\/api.w.org\/{rel}","templated":true}]}}