{"id":51983,"date":"2017-10-31T16:19:57","date_gmt":"2017-10-31T12:19:57","guid":{"rendered":""},"modified":"-0001-11-30T00:00:00","modified_gmt":"-0001-11-29T20:00:00","slug":"","status":"publish","type":"post","link":"https:\/\/ucnoqta.az\/?p=51983","title":{"rendered":"Prezident \u0130lham \u018fliyev:<font color=red><b> &#8220;T\u00fcrkiy\u0259nin inki\u015faf ed\u0259n h\u0259rbi s\u0259naye kompleksi Az\u0259rbaycan \u00fc\u00e7\u00fcn b\u00f6y\u00fck maraq k\u0259sb edir&#8221;<\/b><\/font>"},"content":{"rendered":"<p>T&uuml;rkiy\u0259nin inki\u015faf ed\u0259n h\u0259rbi s\u0259naye kompleksi Az\u0259rbaycan &uuml;&ccedil;&uuml;n b&ouml;y&uuml;k maraq k\u0259sb edir.<\/p>\n<p>Bunu Az\u0259rbaycan Prezidenti \u0130lham \u018fliyev Bak\u0131da T&uuml;rkiy\u0259 Prezidenti R\u0259c\u0259b Tayyib \u018frdo\u011fanla birg\u0259 m\u0259tbuata b\u0259yanatla &ccedil;\u0131x\u0131\u015f\u0131nda deyib.<\/p>\n<p>D&ouml;vl\u0259timizin ba\u015f&ccedil;\u0131s\u0131 qeyd edib: &quot;Bu g&uuml;n biz h\u0259rbi sah\u0259d\u0259 \u0259m\u0259kda\u015fl\u0131q haqq\u0131nda geni\u015f m&uuml;zakir\u0259 apard\u0131q. Bu m\u0259s\u0259l\u0259 g&uuml;nd\u0259likd\u0259 duran m\u0259s\u0259l\u0259l\u0259rd\u0259ndir. Bu il &uuml;&ccedil; d\u0259f\u0259 Az\u0259rbaycanda, iki d\u0259f\u0259 Bak\u0131da, bir d\u0259f\u0259 is\u0259 Nax&ccedil;\u0131vanda birg\u0259 h\u0259rbi t\u0259liml\u0259r ke&ccedil;irildi. Bu da h\u0259rbi sah\u0259d\u0259 bizim \u0259m\u0259kda\u015fl\u0131\u011f\u0131m\u0131z\u0131 g&uuml;cl\u0259ndir\u0259n amildir. Eyni zamanda, h\u0259rbi-texniki sah\u0259d\u0259 birg\u0259 f\u0259aliyy\u0259timiz davam edir&quot;.<\/p>\n<p>\u0130lham \u018fliyev bildirib ki, T&uuml;rkiy\u0259nin g&uuml;nd\u0259n-g&uuml;n\u0259 inki\u015faf ed\u0259n h\u0259rbi s\u0259naye kompleksi bizim &uuml;&ccedil;&uuml;n b&ouml;y&uuml;k maraq k\u0259sb edir: &quot;Biz T&uuml;rkiy\u0259d\u0259n h\u0259rbi t\u0259yinatl\u0131 m\u0259hsullar\u0131 al\u0131r\u0131q v\u0259 bundan sonra da alaca\u011f\u0131q&quot;.trend<\/p>\n","protected":false},"excerpt":{"rendered":"<p>T&uuml;rkiy\u0259nin inki\u015faf ed\u0259n h\u0259rbi s\u0259naye kompleksi Az\u0259rbaycan &uuml;&ccedil;&uuml;n b&ouml;y&uuml;k maraq k\u0259sb edir. Bunu Az\u0259rbaycan Prezidenti \u0130lham \u018fliyev Bak\u0131da T&uuml;rkiy\u0259 Prezidenti R\u0259c\u0259b Tayyib \u018frdo\u011fanla birg\u0259 m\u0259tbuata b\u0259yanatla &ccedil;\u0131x\u0131\u015f\u0131nda deyib. D&ouml;vl\u0259timizin ba\u015f&ccedil;\u0131s\u0131&hellip;<\/p>\n","protected":false},"author":1,"featured_media":251278,"comment_status":"open","ping_status":"open","sticky":false,"template":"","format":"standard","meta":{"_lmt_disableupdate":"","_lmt_disable":"","footnotes":""},"categories":[],"tags":[],"class_list":["post-51983","post","type-post","status-publish","format-standard","has-post-thumbnail","hentry"],"_links":{"self":[{"href":"https:\/\/ucnoqta.az\/index.php?rest_route=\/wp\/v2\/posts\/51983","targetHints":{"allow":["GET"]}}],"collection":[{"href":"https:\/\/ucnoqta.az\/index.php?rest_route=\/wp\/v2\/posts"}],"about":[{"href":"https:\/\/ucnoqta.az\/index.php?rest_route=\/wp\/v2\/types\/post"}],"author":[{"embeddable":true,"href":"https:\/\/ucnoqta.az\/index.php?rest_route=\/wp\/v2\/users\/1"}],"replies":[{"embeddable":true,"href":"https:\/\/ucnoqta.az\/index.php?rest_route=%2Fwp%2Fv2%2Fcomments&post=51983"}],"version-history":[{"count":0,"href":"https:\/\/ucnoqta.az\/index.php?rest_route=\/wp\/v2\/posts\/51983\/revisions"}],"wp:featuredmedia":[{"embeddable":true,"href":"https:\/\/ucnoqta.az\/index.php?rest_route=\/wp\/v2\/media\/251278"}],"wp:attachment":[{"href":"https:\/\/ucnoqta.az\/index.php?rest_route=%2Fwp%2Fv2%2Fmedia&parent=51983"}],"wp:term":[{"taxonomy":"category","embeddable":true,"href":"https:\/\/ucnoqta.az\/index.php?rest_route=%2Fwp%2Fv2%2Fcategories&post=51983"},{"taxonomy":"post_tag","embeddable":true,"href":"https:\/\/ucnoqta.az\/index.php?rest_route=%2Fwp%2Fv2%2Ftags&post=51983"}],"curies":[{"name":"wp","href":"https:\/\/api.w.org\/{rel}","templated":true}]}}