{"id":51982,"date":"2017-10-31T15:57:58","date_gmt":"2017-10-31T11:57:58","guid":{"rendered":""},"modified":"-0001-11-30T00:00:00","modified_gmt":"-0001-11-29T20:00:00","slug":"","status":"publish","type":"post","link":"https:\/\/ucnoqta.az\/?p=51982","title":{"rendered":"<font color=red><b>Az\u0259rbaycanla T\u00fcrkiy\u0259 aras\u0131nda s\u0259n\u0259dl\u0259r imzalan\u0131b<\/b><\/font>"},"content":{"rendered":"<p>Bu g&uuml;n Y&uuml;ks\u0259k S\u0259viyy\u0259li Strateji \u018fm\u0259kda\u015fl\u0131q \u015euras\u0131n\u0131n alt\u0131nc\u0131 iclas\u0131 ba\u015fa &ccedil;atd\u0131qdan sonra Prezident \u0130lham \u018fliyevin v\u0259 Prezident R\u0259c\u0259b Tayyib \u018frdo\u011fan\u0131n i\u015ftirak\u0131 il\u0259 Az\u0259rbaycan-T&uuml;rkiy\u0259 s\u0259n\u0259dl\u0259rinin imzalanmas\u0131 m\u0259rasimi olub.<br \/>\nAz\u0259rbaycan Respublikas\u0131n\u0131n Prezidenti \u0130lham \u018fliyev v\u0259 T&uuml;rkiy\u0259 Respublikas\u0131n\u0131n Prezidenti R\u0259c\u0259b Tayyib \u018frdo\u011fan &ldquo;Az\u0259rbaycan Respublikas\u0131 il\u0259 T&uuml;rkiy\u0259 Respublikas\u0131 aras\u0131nda Y&uuml;ks\u0259k S\u0259viyy\u0259li Strateji \u018fm\u0259kda\u015fl\u0131q \u015euras\u0131n\u0131n alt\u0131nc\u0131 iclas\u0131n\u0131n Protokolu&rdquo;nu imzalay\u0131blar.&nbsp;<\/p>\n<p>&ldquo;Az\u0259rbaycan Respublikas\u0131n\u0131n T\u0259hsil Nazirliyi il\u0259 T&uuml;rkiy\u0259 Respublikas\u0131n\u0131n Ali T\u0259hsil \u015euras\u0131 aras\u0131nda ali t\u0259hsil sah\u0259sind\u0259 \u0259m\u0259kda\u015fl\u0131\u011fa dair Anla\u015fma Memorandumu&rdquo;nu Az\u0259rbaycan Respublikas\u0131n\u0131n t\u0259hsil naziri Mikay\u0131l Cabbarov v\u0259 T&uuml;rkiy\u0259 Respublikas\u0131n\u0131n Y&uuml;ks\u0259k T\u0259hsil Qurumunun r\u0259hb\u0259ri Yekta Sara&ccedil; imzalay\u0131blar.&nbsp;<br \/>\n&ldquo;Az\u0259rbaycan Respublikas\u0131 H&ouml;kum\u0259ti il\u0259 T&uuml;rkiy\u0259 Respublikas\u0131 H&ouml;kum\u0259ti aras\u0131nda t\u0259hsil sah\u0259sind\u0259 \u0259m\u0259kda\u015fl\u0131q haqq\u0131nda Sazi\u015f&rdquo;i Az\u0259rbaycan Respublikas\u0131n\u0131n t\u0259hsil naziri Mikay\u0131l Cabbarov v\u0259 T&uuml;rkiy\u0259 Respublikas\u0131n\u0131n t\u0259hsil naziri \u0130smet Y\u0131lmaz imzalay\u0131blar.&nbsp;<br \/>\n&ldquo;Az\u0259rbaycan Respublikas\u0131 H&ouml;kum\u0259ti il\u0259 T&uuml;rkiy\u0259 Respublikas\u0131 H&ouml;kum\u0259ti aras\u0131nda preferensial ticar\u0259t sazi\u015finin imzalanmas\u0131na dair Anla\u015fma Memorandumu&rdquo;nu Az\u0259rbaycan Respublikas\u0131n\u0131n iqtisadiyyat naziri \u015eahin Mustafayev v\u0259 T&uuml;rkiy\u0259 Respublikas\u0131n\u0131n iqtisadiyyat naziri Nihat Zeybekci imzalay\u0131blar.&nbsp;<br \/>\n&ldquo;Az\u0259rbaycan Respublikas\u0131 H&ouml;kum\u0259ti il\u0259 T&uuml;rkiy\u0259 Respublikas\u0131 H&ouml;kum\u0259ti aras\u0131nda m&uuml;dafi\u0259 s\u0259nayesi sah\u0259sind\u0259 \u0259m\u0259kda\u015fl\u0131q haqq\u0131nda Sazi\u015f&rdquo;i Az\u0259rbaycan Respublikas\u0131n\u0131n m&uuml;dafi\u0259 naziri Zakir H\u0259s\u0259nov v\u0259 T&uuml;rkiy\u0259 Respublikas\u0131n\u0131n milli m&uuml;dafi\u0259 naziri Nurettin Canikli imzalay\u0131blar.&nbsp;<br \/>\n&ldquo;Az\u0259rbaycan Respublikas\u0131 H&ouml;kum\u0259ti il\u0259 T&uuml;rkiy\u0259 Respublikas\u0131 H&ouml;kum\u0259ti aras\u0131nda yem bitkil\u0259ri toxumu istehsal\u0131 v\u0259 sertifikatla\u015fd\u0131r\u0131lmas\u0131 sah\u0259sind\u0259 \u0259m\u0259kda\u015fl\u0131q haqq\u0131nda Sazi\u015f&rdquo;i Az\u0259rbaycan Respublikas\u0131n\u0131n xarici i\u015fl\u0259r naziri Elmar M\u0259mm\u0259dyarov v\u0259 T&uuml;rkiy\u0259 Respublikas\u0131n\u0131n xarici i\u015fl\u0259r naziri M&ouml;vlud &Ccedil;avu\u015fo\u011flu imzalay\u0131blar. report<\/p>\n","protected":false},"excerpt":{"rendered":"<p>Bu g&uuml;n Y&uuml;ks\u0259k S\u0259viyy\u0259li Strateji \u018fm\u0259kda\u015fl\u0131q \u015euras\u0131n\u0131n alt\u0131nc\u0131 iclas\u0131 ba\u015fa &ccedil;atd\u0131qdan sonra Prezident \u0130lham \u018fliyevin v\u0259 Prezident R\u0259c\u0259b Tayyib \u018frdo\u011fan\u0131n i\u015ftirak\u0131 il\u0259 Az\u0259rbaycan-T&uuml;rkiy\u0259 s\u0259n\u0259dl\u0259rinin imzalanmas\u0131 m\u0259rasimi olub. Az\u0259rbaycan Respublikas\u0131n\u0131n Prezidenti&hellip;<\/p>\n","protected":false},"author":1,"featured_media":251278,"comment_status":"open","ping_status":"open","sticky":false,"template":"","format":"standard","meta":{"_lmt_disableupdate":"","_lmt_disable":"","footnotes":""},"categories":[],"tags":[],"class_list":["post-51982","post","type-post","status-publish","format-standard","has-post-thumbnail","hentry"],"_links":{"self":[{"href":"https:\/\/ucnoqta.az\/index.php?rest_route=\/wp\/v2\/posts\/51982","targetHints":{"allow":["GET"]}}],"collection":[{"href":"https:\/\/ucnoqta.az\/index.php?rest_route=\/wp\/v2\/posts"}],"about":[{"href":"https:\/\/ucnoqta.az\/index.php?rest_route=\/wp\/v2\/types\/post"}],"author":[{"embeddable":true,"href":"https:\/\/ucnoqta.az\/index.php?rest_route=\/wp\/v2\/users\/1"}],"replies":[{"embeddable":true,"href":"https:\/\/ucnoqta.az\/index.php?rest_route=%2Fwp%2Fv2%2Fcomments&post=51982"}],"version-history":[{"count":0,"href":"https:\/\/ucnoqta.az\/index.php?rest_route=\/wp\/v2\/posts\/51982\/revisions"}],"wp:featuredmedia":[{"embeddable":true,"href":"https:\/\/ucnoqta.az\/index.php?rest_route=\/wp\/v2\/media\/251278"}],"wp:attachment":[{"href":"https:\/\/ucnoqta.az\/index.php?rest_route=%2Fwp%2Fv2%2Fmedia&parent=51982"}],"wp:term":[{"taxonomy":"category","embeddable":true,"href":"https:\/\/ucnoqta.az\/index.php?rest_route=%2Fwp%2Fv2%2Fcategories&post=51982"},{"taxonomy":"post_tag","embeddable":true,"href":"https:\/\/ucnoqta.az\/index.php?rest_route=%2Fwp%2Fv2%2Ftags&post=51982"}],"curies":[{"name":"wp","href":"https:\/\/api.w.org\/{rel}","templated":true}]}}