{"id":51980,"date":"2017-10-31T16:02:43","date_gmt":"2017-10-31T12:02:43","guid":{"rendered":""},"modified":"-0001-11-30T00:00:00","modified_gmt":"-0001-11-29T20:00:00","slug":"","status":"publish","type":"post","link":"https:\/\/ucnoqta.az\/?p=51980","title":{"rendered":"Region sakinl\u0259ri elektron xidm\u0259tl\u0259rl\u0259 ba\u011fl\u0131 maarifl\u0259ndirilib"},"content":{"rendered":"<p>Regional \u0130nsan H&uuml;quqlar\u0131 v\u0259 Media M\u0259rk\u0259zi \u0130ctimai Birliyi Az\u0259rbaycan Respublikas\u0131n\u0131n Prezidenti Yan\u0131nda Qeyri-H&ouml;kum\u0259t T\u0259\u015fklatlar\u0131na D&ouml;vl\u0259t D\u0259st\u0259yi \u015euras\u0131n\u0131n d\u0259st\u0259yi il\u0259 &quot;A&ccedil;\u0131q h&ouml;kum\u0259t&quot;in t\u0259\u015fviqi v\u0259 elektron xidm\u0259tl\u0259rd\u0259n istifad\u0259nin art\u0131r\u0131lmas\u0131na d\u0259st\u0259yin t\u0259\u015fkili&quot; layih\u0259si yekunla\u015fd\u0131r\u0131b. T\u0259\u015fkilat\u0131n s\u0259dri Xalid Kaz\u0131moun s&ouml;zl\u0259rin\u0259 g&ouml;r\u0259, h\u0259yata ke&ccedil;iril\u0259n layih\u0259 &ccedil;\u0259r&ccedil;iv\u0259sind\u0259 n\u0259z\u0259rd\u0259 tutulan b&uuml;t&uuml;n f\u0259aliyy\u0259tl\u0259r icra edilib: &quot;Layih\u0259nin \u0259sas istiqam\u0259tl\u0259rind\u0259n biri \u0259halinin A&ccedil;\u0131q H&ouml;kum\u0259t T\u0259r\u0259fda\u015fl\u0131\u011f\u0131 (AHT) T\u0259\u015f\u0259bb&uuml;s&uuml; v\u0259 d&ouml;vl\u0259t qurumlar\u0131 t\u0259r\u0259find\u0259n g&ouml;st\u0259ril\u0259n elektron xidm\u0259tl\u0259rl\u0259 ba\u011fl\u0131 maarifl\u0259ndirm\u0259k idi. Bu m\u0259qs\u0259dl\u0259 T\u0259rt\u0259r v\u0259 A\u011fcab\u0259di rayonlar\u0131nda m\u0259lumatland\u0131rma sessiyalar\u0131 ke&ccedil;irildi. 51 n\u0259f\u0259r region sakinin qat\u0131ld\u0131\u011f\u0131 t\u0259dbird\u0259 i\u015ftirak&ccedil;\u0131lara h\u0259m AHT t\u0259\u015f\u0259bb&uuml;s&uuml;, h\u0259m d\u0259 elektron xidm\u0259tl\u0259rl\u0259 ba\u011fl\u0131 m\u0259lumat verilib. Elektron xidm\u0259tl\u0259rin insanlara verdiyi &uuml;st&uuml;nl&uuml;kl\u0259r: m\u0259mur-v\u0259t\u0259nda\u015f birba\u015fa t\u0259maslar\u0131n\u0131n aradan qald\u0131rmas\u0131, m\u0259murlar\u0131n kabinetl\u0259ri qar\u015f\u0131s\u0131nda saatlarla n&ouml;vb\u0259 g&ouml;zl\u0259m\u0259m\u0259k, zamana q\u0259na\u0259t etm\u0259k, da, b&uuml;rokratik \u0259ng\u0259ll\u0259rd\u0259n xilas olmaq, daha rahat xidm\u0259t almaq t\u0259bli\u011f edilib. N\u0259qliyyat, Rabit\u0259 v\u0259 Y&uuml;ks\u0259k Texnologiyalar Nazirliyinin M\u0259lumat Hesablama M\u0259rk\u0259zi il\u0259 \u0259m\u0259kda\u015fl\u0131q \u015f\u0259raitind\u0259 ke&ccedil;iril\u0259n m\u0259lumatland\u0131rma sessiyalar\u0131nda i\u015ftirak ed\u0259n region sakinl\u0259rin\u0259 &ldquo;Elektron h&ouml;kum\u0259t&rdquo; portal\u0131nda istifad\u0259 &uuml;&ccedil;&uuml;n istifad\u0259&ccedil;i ad\u0131 v\u0259 \u015fifr\u0259 verilib&quot;.&nbsp;<\/p>\n<p>T\u0259\u015fkilat s\u0259drinin s&ouml;zl\u0259rin\u0259 g&ouml;r\u0259, layih\u0259 &ccedil;\u0259r&ccedil;iv\u0259sind\u0259 maarifl\u0259ndirm\u0259 xarakterli 4 televiziya verili\u015fi haz\u0131rlanaraq &quot;Qaraba\u011f&quot; internet televiziyas\u0131nda yay\u0131mlan\u0131b: &quot;\u0130lk verili\u015fd\u0259 (https:\/\/www.youtube.com\/watch?v=y2K0OzIrWY8&amp;t=17s) &ccedil;\u0131x\u0131\u015f ed\u0259n ekspert A&ccedil;\u0131q H&ouml;kum\u0259tin T\u0259\u015fviqin\u0259 Dair H&ouml;kum\u0259t-V\u0259t\u0259nda\u015f C\u0259miyy\u0259ti Dialoqu Platformas\u0131n\u0131n koordinatoru \u018flim\u0259mm\u0259d Nuriyev A&ccedil;\u0131q H&ouml;kum\u0259tin T\u0259\u015fviqi T\u0259\u015f\u0259bb&uuml;s&uuml;n&uuml;n mahiyy\u0259ti, Az\u0259rbaycan\u0131n bu beyn\u0259lxalq platformada f\u0259aliyy\u0259ti, &ouml;lk\u0259mizin t\u0259\u015f\u0259bb&uuml;sd\u0259 statusunun b\u0259rpas\u0131 &uuml;&ccedil;&uuml;n n&ouml;vb\u0259ti bir ild\u0259 g&ouml;r&uuml;l\u0259c\u0259k i\u015fl\u0259r, Az\u0259rbaycan\u0131n &quot;A&ccedil;\u0131q h&ouml;kum\u0259tin t\u0259\u015fviqin\u0259 dair 2016-2018-ci ill\u0259r &uuml;&ccedil;&uuml;n Milli F\u0259aliyy\u0259t Plan\u0131&rdquo;n\u0131n icra v\u0259ziyy\u0259ti il\u0259 ba\u011fl\u0131 fikirl\u0259rini b&ouml;l&uuml;\u015f&uuml;b.<br \/>\n\u0130kin&ccedil;ici verili\u015fd\u0259 (https:\/\/www.youtube.com\/watch?v=eDjITJGRhXE&amp;feature=youtu.be) iqtisad&ccedil;\u0131 ekspert Az\u0259r Mehtiyev A&ccedil;\u0131q H&ouml;kum\u0259t T\u0259r\u0259fda\u015fl\u0131\u011f\u0131n\u0131n \u0259sas meyarlar\u0131ndan olan fiskal \u015f\u0259ffafl\u0131\u0131n mahiyy\u0259ti, beyn\u0259lxalq s\u0259viyy\u0259d\u0259 fiskal \u015f\u0259ffafl\u0131q &uuml;&ccedil;&uuml;n baza t\u0259l\u0259bl\u0259r, Az\u0259rbaycanda bu t\u0259l\u0259bl\u0259r\u0259 \u0259m\u0259l edilm\u0259si, b&uuml;dc\u0259 m&uuml;zakir\u0259l\u0259rind\u0259 ekspertl\u0259rin v\u0259 ictimaiyy\u0259tin i\u015ftirak\u0131n\u0131n t\u0259min olunmas\u0131, fiskal \u015f\u0259ffafl\u0131\u011f\u0131n t\u0259min edilm\u0259si sah\u0259sind\u0259 u\u011furlu beyn\u0259lxalq t\u0259cr&uuml;b\u0259 il\u0259 ba\u011fl\u0131 m\u0259s\u0259l\u0259l\u0259r\u0259 ayd\u0131nl\u0131q g\u0259tirib.&nbsp;<br \/>\n&Uuml;&ccedil;&uuml;nc&uuml; verili\u015fd\u0259 (https:\/\/www.youtube.com\/watch?v=iSFRsWVbvl4&amp;feature=youtu.be) ekspert Zaur \u0130brahimov A&ccedil;\u0131q H&ouml;kum\u0259t T\u0259r\u0259fda\u015fl\u0131\u011f\u0131 Beyn\u0259lxalq T\u0259\u015f\u0259bb&uuml;s&uuml;n\u0259 &uuml;zv olmaq niyy\u0259tind\u0259 olan &ouml;lk\u0259l\u0259r &uuml;&ccedil;&uuml;n 4 meyardan biri olan m\u0259lumatlara \u0259l&ccedil;atanl\u0131q v\u0259 elektron xidm\u0259tl\u0259rl\u0259 ba\u011fl\u0131 fikirl\u0259rini b&ouml;l&uuml;\u015f&uuml;b. Respublikam\u0131zda e-gov.az portal\u0131 vasit\u0259sil\u0259 g&ouml;st\u0259ril\u0259n elektron xidm\u0259tl\u0259r, data.gov.az portal\u0131 vasit\u0259si il\u0259 a&ccedil;\u0131qlanan m\u0259lumatlar, d&ouml;vl\u0259t ad\u0131ndan ba\u011flanan m&uuml;qavil\u0259l\u0259rin, x&uuml;susil\u0259 ictimai v\u0259saitl\u0259r \u0259sas\u0131nda d&ouml;vl\u0259t sat\u0131nalmalar\u0131n\u0131n v\u0259 sifari\u015fl\u0259rinin icras\u0131 &uuml;zr\u0259 m&uuml;qavil\u0259l\u0259rin ictimaiyy\u0259t\u0259 a&ccedil;\u0131qlanmas\u0131n\u0131n \u0259h\u0259miyy\u0259ti il\u0259 ba\u011fl\u0131 dan\u0131\u015f\u0131b.&nbsp;<br \/>\nD&ouml;rd&uuml;nc&uuml; verili\u015fd\u0259(https:\/\/www.youtube.com\/watch?v=jwdJjN76SWI&amp;t=2s) is\u0259 A&ccedil;\u0131q H&ouml;kum\u0259tin T\u0259\u015fviqin\u0259 Dair H&ouml;kum\u0259t-V\u0259t\u0259nda\u015f C\u0259miyy\u0259ti Dialoqu Platformas\u0131n\u0131n &uuml;zv&uuml; Sahib M\u0259mm\u0259dov&nbsp; v\u0259t\u0259nda\u015flar\u0131n d&ouml;vl\u0259t idar\u0259etm\u0259sind\u0259 i\u015ftirak&ccedil;\u0131l\u0131\u011f\u0131, Az\u0259rbaycanda v\u0259t\u0259nda\u015flar\u0131n q\u0259rar q\u0259bul edilm\u0259sind\u0259 i\u015ftirak\u0131, h&ouml;kum\u0259tin v\u0259t\u0259nda\u015f i\u015ftirak&ccedil;\u0131l\u0131\u011f\u0131n\u0131n t\u0259min edilm\u0259sind\u0259 r\u0259q\u0259msal al\u0259tl\u0259rd\u0259n yararlanmas\u0131, sosial media vasit\u0259sil\u0259 ictimai r\u0259yin &ouml;yr\u0259nilm\u0259si, c\u0259miyy\u0259tin maarifl\u0259ndirilm\u0259si, ictimai m&uuml;zakir\u0259l\u0259rin t\u0259\u015fkili, &ldquo;\u0130ctimai i\u015ftirak&ccedil;\u0131l\u0131q haqq\u0131nda&rdquo; qanuna uy\u011fun olaraq m\u0259rk\u0259zi v\u0259 yerli icra orqanlar\u0131 yan\u0131nda yarad\u0131lan ictimai \u015furalar\u0131n f\u0259aliyy\u0259ti il\u0259 ba\u011fl\u0131&nbsp; fikirl\u0259rini b&ouml;l&uuml;\u015f&uuml;b&quot;.<br \/>\nX.Kaz\u0131mov deyir ki, &uuml;&ccedil; ay m&uuml;dd\u0259tind\u0259 regionlarda elektron xidm\u0259tl\u0259rd\u0259n istifad\u0259d\u0259 \u0259haliy\u0259 k&ouml;m\u0259klik d\u0259 g&ouml;st\u0259rilib: &quot;Layih\u0259 &ccedil;\u0259r&ccedil;iv\u0259sind\u0259 B\u0259rd\u0259 rayonunda elektron xidm\u0259tl\u0259rd\u0259n istifad\u0259 etm\u0259y\u0259 ehtiyac\u0131 olan region sakinl\u0259rin\u0259 elektron xidm\u0259tl\u0259rd\u0259n istifad\u0259 il\u0259 ba\u011fl\u0131 texniki yard\u0131m g&ouml;st\u0259rilib. Bu m\u0259qs\u0259dl\u0259 t\u0259\u015fkilat\u0131n ofisi daxili imkanlar hesab\u0131na m&uuml;vafiq texniki avadanl\u0131qlarla (komp&uuml;ter, skaner, printer) t\u0259min olunub. Layih\u0259 d&ouml;vr&uuml;nd\u0259 &uuml;mumilikd\u0259 65 n\u0259f\u0259r\u0259 elektron xidm\u0259tl\u0259rd\u0259n istifad\u0259 etm\u0259kd\u0259 k&ouml;m\u0259klik g&ouml;st\u0259rilib&quot;.<\/p>\n","protected":false},"excerpt":{"rendered":"<p>Regional \u0130nsan H&uuml;quqlar\u0131 v\u0259 Media M\u0259rk\u0259zi \u0130ctimai Birliyi Az\u0259rbaycan Respublikas\u0131n\u0131n Prezidenti Yan\u0131nda Qeyri-H&ouml;kum\u0259t T\u0259\u015fklatlar\u0131na D&ouml;vl\u0259t D\u0259st\u0259yi \u015euras\u0131n\u0131n d\u0259st\u0259yi il\u0259 &quot;A&ccedil;\u0131q h&ouml;kum\u0259t&quot;in t\u0259\u015fviqi v\u0259 elektron xidm\u0259tl\u0259rd\u0259n istifad\u0259nin art\u0131r\u0131lmas\u0131na d\u0259st\u0259yin t\u0259\u015fkili&quot; layih\u0259si&hellip;<\/p>\n","protected":false},"author":1,"featured_media":251278,"comment_status":"open","ping_status":"open","sticky":false,"template":"","format":"standard","meta":{"_lmt_disableupdate":"","_lmt_disable":"","footnotes":""},"categories":[],"tags":[],"class_list":["post-51980","post","type-post","status-publish","format-standard","has-post-thumbnail","hentry"],"_links":{"self":[{"href":"https:\/\/ucnoqta.az\/index.php?rest_route=\/wp\/v2\/posts\/51980","targetHints":{"allow":["GET"]}}],"collection":[{"href":"https:\/\/ucnoqta.az\/index.php?rest_route=\/wp\/v2\/posts"}],"about":[{"href":"https:\/\/ucnoqta.az\/index.php?rest_route=\/wp\/v2\/types\/post"}],"author":[{"embeddable":true,"href":"https:\/\/ucnoqta.az\/index.php?rest_route=\/wp\/v2\/users\/1"}],"replies":[{"embeddable":true,"href":"https:\/\/ucnoqta.az\/index.php?rest_route=%2Fwp%2Fv2%2Fcomments&post=51980"}],"version-history":[{"count":0,"href":"https:\/\/ucnoqta.az\/index.php?rest_route=\/wp\/v2\/posts\/51980\/revisions"}],"wp:featuredmedia":[{"embeddable":true,"href":"https:\/\/ucnoqta.az\/index.php?rest_route=\/wp\/v2\/media\/251278"}],"wp:attachment":[{"href":"https:\/\/ucnoqta.az\/index.php?rest_route=%2Fwp%2Fv2%2Fmedia&parent=51980"}],"wp:term":[{"taxonomy":"category","embeddable":true,"href":"https:\/\/ucnoqta.az\/index.php?rest_route=%2Fwp%2Fv2%2Fcategories&post=51980"},{"taxonomy":"post_tag","embeddable":true,"href":"https:\/\/ucnoqta.az\/index.php?rest_route=%2Fwp%2Fv2%2Ftags&post=51980"}],"curies":[{"name":"wp","href":"https:\/\/api.w.org\/{rel}","templated":true}]}}