{"id":51976,"date":"2017-10-31T15:33:18","date_gmt":"2017-10-31T11:33:18","guid":{"rendered":""},"modified":"-0001-11-30T00:00:00","modified_gmt":"-0001-11-29T20:00:00","slug":"","status":"publish","type":"post","link":"https:\/\/ucnoqta.az\/?p=51976","title":{"rendered":"Prezident \u0130lham \u018fliyev: <font color=red><b>\u201cT\u00fcrkiy\u0259-Az\u0259rbaycan \u0259laq\u0259l\u0259ri \u0259n y\u00fcks\u0259k s\u0259viyy\u0259d\u0259dir\u201d<\/b><\/font>"},"content":{"rendered":"<p>&quot;Y&uuml;ks\u0259k S\u0259viyy\u0259li Strateji \u018fm\u0259kda\u015fl\u0131q \u015euras\u0131n\u0131n bug&uuml;nk&uuml; toplant\u0131s\u0131 da, \u0259min\u0259m ki, &ccedil;ox u\u011furlu n\u0259tic\u0259 ver\u0259c\u0259k&quot;. Bunu Az\u0259rbaycan Prezidenti \u0130lham \u018fliyev oktyabr\u0131n 31-d\u0259 Bak\u0131da ke&ccedil;iril\u0259n Az\u0259rbaycan-T&uuml;rkiy\u0259 Y&uuml;ks\u0259k S\u0259viyy\u0259li Strateji \u018fm\u0259kda\u015fl\u0131q \u015euras\u0131n\u0131n alt\u0131nc\u0131 iclas\u0131nda deyib.&nbsp;<\/p>\n<p>&quot;H&ouml;rm\u0259tli c\u0259nab Prezident, \u0259ziz qarda\u015f\u0131m.<br \/>\nH&ouml;rm\u0259tli qonaqlar.<br \/>\nM\u0259n sizin ham\u0131n\u0131z\u0131 &uuml;r\u0259kd\u0259n salamlay\u0131ram. Az\u0259rbaycana xo\u015f g\u0259lmisiniz.<br \/>\nC\u0259nab Prezident, biz Sizin s\u0259f\u0259riniz\u0259 &ccedil;ox b&ouml;y&uuml;k \u0259h\u0259miyy\u0259t veririk. Bu g&uuml;n biz t\u0259kb\u0259t\u0259k g&ouml;r&uuml;\u015fd\u0259 bir &ccedil;ox m\u0259s\u0259l\u0259l\u0259ri m&uuml;zakir\u0259 etdik. Bir daha g&ouml;r&uuml;r&uuml;k ki, T&uuml;rkiy\u0259-Az\u0259rbaycan \u0259laq\u0259l\u0259ri \u0259n y&uuml;ks\u0259k s\u0259viyy\u0259d\u0259dir, \u0259n y&uuml;ks\u0259k zirv\u0259d\u0259dir. \u018flaq\u0259l\u0259rimizin inki\u015faf\u0131 il\u0259 ba\u011fl\u0131 bizim fikirl\u0259rimiz &uuml;st-&uuml;st\u0259 d&uuml;\u015f&uuml;r.<br \/>\nY&uuml;ks\u0259k S\u0259viyy\u0259li Strateji \u018fm\u0259kda\u015fl\u0131q \u015euras\u0131n\u0131n bug&uuml;nk&uuml; toplant\u0131s\u0131 da \u0259min\u0259m ki, &ccedil;ox u\u011furlu n\u0259tic\u0259 ver\u0259c\u0259k. G&uuml;nd\u0259likd\u0259 bir &ccedil;ox m\u0259s\u0259l\u0259l\u0259r var &#8211; siyasi \u0259laq\u0259l\u0259r, beyn\u0259lxalq t\u0259\u015fkilatlardak\u0131 birg\u0259 f\u0259aliyy\u0259timiz, iqtisadi sah\u0259d\u0259 \u0259m\u0259kda\u015fl\u0131q, h\u0259rbi, h\u0259rbi-texniki \u0259m\u0259kda\u015fl\u0131q, t\u0259bii ki, enerji, n\u0259qliyyat m\u0259s\u0259l\u0259l\u0259ri. Y\u0259ni g&uuml;nd\u0259lik kifay\u0259t q\u0259d\u0259r geni\u015fdir v\u0259 b&uuml;t&uuml;n istiqam\u0259tl\u0259r &uuml;zr\u0259 &ccedil;ox yax\u015f\u0131 n\u0259tic\u0259l\u0259r var. Bizim q\u0259bul etdiyimiz q\u0259rarlar icra edilir v\u0259 h&ouml;kum\u0259tl\u0259raras\u0131 birg\u0259 komissiya da &ccedil;ox u\u011furla f\u0259aliyy\u0259t g&ouml;st\u0259rir.<br \/>\n\u018fmin\u0259m ki, bu g&uuml;n geni\u015f t\u0259rkibd\u0259 m&uuml;zakir\u0259 edil\u0259c\u0259k m\u0259s\u0259l\u0259l\u0259r d\u0259 yax\u015f\u0131 n\u0259tic\u0259l\u0259r\u0259 g\u0259tirib &ccedil;\u0131xaracaq. Bir daha xo\u015f g\u0259lmisiniz&quot;, -dey\u0259 d&ouml;vl\u0259t ba\u015f&ccedil;\u0131s\u0131 vur\u011fulay\u0131b. report<\/p>\n","protected":false},"excerpt":{"rendered":"<p>&quot;Y&uuml;ks\u0259k S\u0259viyy\u0259li Strateji \u018fm\u0259kda\u015fl\u0131q \u015euras\u0131n\u0131n bug&uuml;nk&uuml; toplant\u0131s\u0131 da, \u0259min\u0259m ki, &ccedil;ox u\u011furlu n\u0259tic\u0259 ver\u0259c\u0259k&quot;. Bunu Az\u0259rbaycan Prezidenti \u0130lham \u018fliyev oktyabr\u0131n 31-d\u0259 Bak\u0131da ke&ccedil;iril\u0259n Az\u0259rbaycan-T&uuml;rkiy\u0259 Y&uuml;ks\u0259k S\u0259viyy\u0259li Strateji \u018fm\u0259kda\u015fl\u0131q \u015euras\u0131n\u0131n alt\u0131nc\u0131&hellip;<\/p>\n","protected":false},"author":1,"featured_media":251278,"comment_status":"open","ping_status":"open","sticky":false,"template":"","format":"standard","meta":{"_lmt_disableupdate":"","_lmt_disable":"","footnotes":""},"categories":[],"tags":[],"class_list":["post-51976","post","type-post","status-publish","format-standard","has-post-thumbnail","hentry"],"_links":{"self":[{"href":"https:\/\/ucnoqta.az\/index.php?rest_route=\/wp\/v2\/posts\/51976","targetHints":{"allow":["GET"]}}],"collection":[{"href":"https:\/\/ucnoqta.az\/index.php?rest_route=\/wp\/v2\/posts"}],"about":[{"href":"https:\/\/ucnoqta.az\/index.php?rest_route=\/wp\/v2\/types\/post"}],"author":[{"embeddable":true,"href":"https:\/\/ucnoqta.az\/index.php?rest_route=\/wp\/v2\/users\/1"}],"replies":[{"embeddable":true,"href":"https:\/\/ucnoqta.az\/index.php?rest_route=%2Fwp%2Fv2%2Fcomments&post=51976"}],"version-history":[{"count":0,"href":"https:\/\/ucnoqta.az\/index.php?rest_route=\/wp\/v2\/posts\/51976\/revisions"}],"wp:featuredmedia":[{"embeddable":true,"href":"https:\/\/ucnoqta.az\/index.php?rest_route=\/wp\/v2\/media\/251278"}],"wp:attachment":[{"href":"https:\/\/ucnoqta.az\/index.php?rest_route=%2Fwp%2Fv2%2Fmedia&parent=51976"}],"wp:term":[{"taxonomy":"category","embeddable":true,"href":"https:\/\/ucnoqta.az\/index.php?rest_route=%2Fwp%2Fv2%2Fcategories&post=51976"},{"taxonomy":"post_tag","embeddable":true,"href":"https:\/\/ucnoqta.az\/index.php?rest_route=%2Fwp%2Fv2%2Ftags&post=51976"}],"curies":[{"name":"wp","href":"https:\/\/api.w.org\/{rel}","templated":true}]}}